{"id":1998,"date":"2021-02-01T20:00:23","date_gmt":"2021-02-01T19:00:23","guid":{"rendered":"https:\/\/www.bestronger.be\/?p=1998"},"modified":"2021-02-02T09:42:00","modified_gmt":"2021-02-02T08:42:00","slug":"accompagne-par-un-courtier-professionnel","status":"publish","type":"post","link":"https:\/\/www.bestronger.be\/fr\/accompagne-par-un-courtier-professionnel\/","title":{"rendered":"Votre courtier professionnel vous accompagne durant la crise du COVID"},"content":{"rendered":"<p>La surprise du confinement de mars 2020 nous a amen\u00e9s \u00e0<em> r\u00e9agir tr\u00e8s rapidement et efficacement afin de r\u00e9pondre aux attentes de nos clients professionnels\u00a0: entrepreneurs,\u00a0ind\u00e9pendants et plus grandes entreprises.<\/em> \u00a0Tous ont \u00e9t\u00e9, et le sont encore, \u00e0 des degr\u00e9s divers touch\u00e9s par la pand\u00e9mie.<\/p>\n<p>La premi\u00e8re d\u00e9marche a consist\u00e9 \u00e0<!--more--> dresser la liste des clients qui, du fait de leur activit\u00e9, \u00e9taient le plus fragilis\u00e9s par la crise afin d\u2019organiser une prise de contact imm\u00e9diate et d\u2019\u00e9valuer les mesures d\u2019urgence \u00e0 mettre en place.<\/p>\n<p>Nous avons ensuite transmis des messages personnalis\u00e9s \u00e0 tous nos clients professionnels, en fonction de leur situation, afin d\u2019informer sur les mesures qui peuvent \u00eatre prises au niveau des assurances.<\/p>\n<p><em>C\u2019est avant tout le r\u00f4le du courtier, \u00eatre proche de son client et lui offrir un conseil personnalis\u00e9<\/em>.<\/p>\n<p><strong>Contexte de crise et mesures possibles<\/strong><\/p>\n<p>Nous avons expos\u00e9 \u00e0 nos clients les cons\u00e9quences juridiques d\u2019une pand\u00e9mie mondiale sur l\u2019assurance.\u00a0 Bien que la pand\u00e9mie ne fasse pas l\u2019objet d\u2019un p\u00e9ril traditionnellement couvert dans les contrats d\u2019assurance, certaines mesures peuvent \u00eatre prises en fonction de la situation de chaque entreprise.<\/p>\n<p><strong>D\u00e9cision au cas-par-cas<\/strong><\/p>\n<p>Nous avons conseill\u00e9 nos clients professionnels afin de mettre en place les mesures les plus appropri\u00e9es au niveau de leurs contrats d\u2019assurance\u00a0:<\/p>\n<ul>\n<li><strong>Suspension des garanties\u00a0: <\/strong>\u00e0 titre d\u2019exemple pour les v\u00e9hicules mis \u00e0 l\u2019arr\u00eat durant la p\u00e9riode de crise\u00a0ou de confinement (exemples\u00a0: soci\u00e9t\u00e9 gestionnaire d\u2019une flotte d\u2019autocars, transporteurs, m\u00e9tiers de l\u2019HORECA, etc.).<\/li>\n<li><strong>Contrats r\u00e9gularisables\u00a0:<\/strong> r\u00e9duction du montant de la prime provisionnelle en fonction du degr\u00e9 d\u2019arr\u00eat de l\u2019activit\u00e9 (en fonction du C.A. ou de la masse salariale). Ceci concerne en particulier les assurances d\u2019Accident du Travail, de la Responsabilit\u00e9 Civile ou encore de la Perte d\u2019Exploitation.<\/li>\n<li><strong>Ren\u00e9gociation des contrats\u00a0:<\/strong> en fonction du niveau de r\u00e9duction des activit\u00e9s, pour les entreprises les plus touch\u00e9es par la crise, une ren\u00e9gociation des contrats a \u00e9t\u00e9 effectu\u00e9e (exemple\u00a0: secteur de l\u2019\u00e9v\u00e8nementiel).<\/li>\n<\/ul>\n<p>En parall\u00e8le, nous continuons tout au long de la situation de crise \u00e0 informer au travers de diff\u00e9rents canaux, mailing, site web, r\u00e9seaux sociaux, etc.\u00a0 Nous faisons \u00e9galement en sorte de maintenir une pression constante sur les compagnies d\u2019assurance afin de continuer \u00e0 trouver des solutions pour soutenir au mieux nos clients.<\/p>\n<p>Malgr\u00e9 la situation que nous traversons, <strong><em>notre priorit\u00e9 reste d\u2019offrir un niveau de service maximum<\/em><\/strong>.\u00a0 D\u00e8s le d\u00e9but de la crise, nos \u00e9quipes \u00e9taient actives \u00e0 100% en t\u00e9l\u00e9travail, c\u2019est encore le cas \u00e0 ce jour.\u00a0 A pr\u00e9sent, nous avons adapt\u00e9 nos processus au contexte, nous organisons nos rendez-vous client\u00e8le en ligne ou en pr\u00e9sentiel chez nos clients, en respect des mesures sanitaires.\u00a0 Plus que jamais, il est essentiel de maintenir le lien\u00a0!<\/p>\n<p>Vous aussi, vous souhaitez obtenir une solution pour votre entreprise\u00a0?\u00a0 Contactez-nous pour discuter ensemble de votre situation et de vos besoins.<\/p>\n<p>A tr\u00e8s bient\u00f4t,<\/p>\n<p>Alexandra Biglia &#8211; Baudouin Poncelet &#8211; G\u00e9rald Beauduin<\/p>\n<p>Maxel \u2013 Member of Be Stronger<\/p>\n","protected":false},"excerpt":{"rendered":"<p>La surprise du confinement de mars 2020 nous a amen\u00e9s \u00e0 r\u00e9agir tr\u00e8s rapidement et efficacement afin de r\u00e9pondre aux attentes de nos clients professionnels\u00a0: entrepreneurs,\u00a0ind\u00e9pendants et plus grandes entreprises. \u00a0Tous ont \u00e9t\u00e9, et le sont encore, \u00e0 des degr\u00e9s divers touch\u00e9s par la pand\u00e9mie. La premi\u00e8re d\u00e9marche a consist\u00e9 \u00e0<\/p>\n","protected":false},"author":1,"featured_media":2009,"comment_status":"closed","ping_status":"closed","sticky":false,"template":"","format":"standard","meta":{"footnotes":""},"categories":[1],"tags":[],"class_list":["post-1998","post","type-post","status-publish","format-standard","has-post-thumbnail","hentry","category-non-classifiee"],"yoast_head":"<!-- This site is optimized with the Yoast SEO plugin v27.3 - https:\/\/yoast.com\/product\/yoast-seo-wordpress\/ -->\n<title>Votre courtier professionnel vous accompagne durant la crise du COVID - BESTRONGER<\/title>\n<meta name=\"robots\" content=\"index, follow, max-snippet:-1, max-image-preview:large, max-video-preview:-1\" \/>\n<link rel=\"canonical\" href=\"https:\/\/www.bestronger.be\/fr\/accompagne-par-un-courtier-professionnel\/\" \/>\n<meta property=\"og:locale\" content=\"fr_FR\" \/>\n<meta property=\"og:type\" content=\"article\" \/>\n<meta property=\"og:title\" content=\"Votre courtier professionnel vous accompagne durant la crise du COVID - BESTRONGER\" \/>\n<meta property=\"og:description\" content=\"La surprise du confinement de mars 2020 nous a amen\u00e9s \u00e0 r\u00e9agir tr\u00e8s rapidement et efficacement afin de r\u00e9pondre aux attentes de nos clients professionnels\u00a0: entrepreneurs,\u00a0ind\u00e9pendants et plus grandes entreprises. \u00a0Tous ont \u00e9t\u00e9, et le sont encore, \u00e0 des degr\u00e9s divers touch\u00e9s par la pand\u00e9mie. La premi\u00e8re d\u00e9marche a consist\u00e9 \u00e0\" \/>\n<meta property=\"og:url\" content=\"https:\/\/www.bestronger.be\/fr\/accompagne-par-un-courtier-professionnel\/\" \/>\n<meta property=\"og:site_name\" content=\"BESTRONGER\" \/>\n<meta property=\"article:published_time\" content=\"2021-02-01T19:00:23+00:00\" \/>\n<meta property=\"article:modified_time\" content=\"2021-02-02T08:42:00+00:00\" \/>\n<meta property=\"og:image\" content=\"https:\/\/www.bestronger.be\/wp-content\/uploads\/2021\/01\/photo-article-maxel_01022021-scaled.jpg\" \/>\n\t<meta property=\"og:image:width\" content=\"2560\" \/>\n\t<meta property=\"og:image:height\" content=\"1707\" \/>\n\t<meta property=\"og:image:type\" content=\"image\/jpeg\" \/>\n<meta name=\"author\" content=\"ux\" \/>\n<meta name=\"twitter:card\" content=\"summary_large_image\" \/>\n<meta name=\"twitter:label1\" content=\"\u00c9crit par\" \/>\n\t<meta name=\"twitter:data1\" content=\"ux\" \/>\n\t<meta name=\"twitter:label2\" content=\"Dur\u00e9e de lecture estim\u00e9e\" \/>\n\t<meta name=\"twitter:data2\" content=\"3 minutes\" \/>\n<script type=\"application\/ld+json\" class=\"yoast-schema-graph\">{\"@context\":\"https:\\\/\\\/schema.org\",\"@graph\":[{\"@type\":\"Article\",\"@id\":\"https:\\\/\\\/www.bestronger.be\\\/fr\\\/accompagne-par-un-courtier-professionnel\\\/#article\",\"isPartOf\":{\"@id\":\"https:\\\/\\\/www.bestronger.be\\\/fr\\\/accompagne-par-un-courtier-professionnel\\\/\"},\"author\":{\"name\":\"ux\",\"@id\":\"https:\\\/\\\/www.bestronger.be\\\/fr\\\/#\\\/schema\\\/person\\\/9b5071f88803a5a401150925e1c85edd\"},\"headline\":\"Votre courtier professionnel vous accompagne durant la crise du COVID\",\"datePublished\":\"2021-02-01T19:00:23+00:00\",\"dateModified\":\"2021-02-02T08:42:00+00:00\",\"mainEntityOfPage\":{\"@id\":\"https:\\\/\\\/www.bestronger.be\\\/fr\\\/accompagne-par-un-courtier-professionnel\\\/\"},\"wordCount\":545,\"publisher\":{\"@id\":\"https:\\\/\\\/www.bestronger.be\\\/fr\\\/#organization\"},\"image\":{\"@id\":\"https:\\\/\\\/www.bestronger.be\\\/fr\\\/accompagne-par-un-courtier-professionnel\\\/#primaryimage\"},\"thumbnailUrl\":\"https:\\\/\\\/www.bestronger.be\\\/wp-content\\\/uploads\\\/2021\\\/01\\\/photo-article-maxel_01022021-scaled.jpg\",\"articleSection\":[\"Non classifi\u00e9(e)\"],\"inLanguage\":\"fr-FR\"},{\"@type\":\"WebPage\",\"@id\":\"https:\\\/\\\/www.bestronger.be\\\/fr\\\/accompagne-par-un-courtier-professionnel\\\/\",\"url\":\"https:\\\/\\\/www.bestronger.be\\\/fr\\\/accompagne-par-un-courtier-professionnel\\\/\",\"name\":\"Votre courtier professionnel vous accompagne durant la crise du COVID - BESTRONGER\",\"isPartOf\":{\"@id\":\"https:\\\/\\\/www.bestronger.be\\\/fr\\\/#website\"},\"primaryImageOfPage\":{\"@id\":\"https:\\\/\\\/www.bestronger.be\\\/fr\\\/accompagne-par-un-courtier-professionnel\\\/#primaryimage\"},\"image\":{\"@id\":\"https:\\\/\\\/www.bestronger.be\\\/fr\\\/accompagne-par-un-courtier-professionnel\\\/#primaryimage\"},\"thumbnailUrl\":\"https:\\\/\\\/www.bestronger.be\\\/wp-content\\\/uploads\\\/2021\\\/01\\\/photo-article-maxel_01022021-scaled.jpg\",\"datePublished\":\"2021-02-01T19:00:23+00:00\",\"dateModified\":\"2021-02-02T08:42:00+00:00\",\"breadcrumb\":{\"@id\":\"https:\\\/\\\/www.bestronger.be\\\/fr\\\/accompagne-par-un-courtier-professionnel\\\/#breadcrumb\"},\"inLanguage\":\"fr-FR\",\"potentialAction\":[{\"@type\":\"ReadAction\",\"target\":[\"https:\\\/\\\/www.bestronger.be\\\/fr\\\/accompagne-par-un-courtier-professionnel\\\/\"]}]},{\"@type\":\"ImageObject\",\"inLanguage\":\"fr-FR\",\"@id\":\"https:\\\/\\\/www.bestronger.be\\\/fr\\\/accompagne-par-un-courtier-professionnel\\\/#primaryimage\",\"url\":\"https:\\\/\\\/www.bestronger.be\\\/wp-content\\\/uploads\\\/2021\\\/01\\\/photo-article-maxel_01022021-scaled.jpg\",\"contentUrl\":\"https:\\\/\\\/www.bestronger.be\\\/wp-content\\\/uploads\\\/2021\\\/01\\\/photo-article-maxel_01022021-scaled.jpg\",\"width\":2560,\"height\":1707},{\"@type\":\"BreadcrumbList\",\"@id\":\"https:\\\/\\\/www.bestronger.be\\\/fr\\\/accompagne-par-un-courtier-professionnel\\\/#breadcrumb\",\"itemListElement\":[{\"@type\":\"ListItem\",\"position\":1,\"name\":\"Accueil\",\"item\":\"https:\\\/\\\/www.bestronger.be\\\/fr\\\/\"},{\"@type\":\"ListItem\",\"position\":2,\"name\":\"Votre courtier professionnel vous accompagne durant la crise du COVID\"}]},{\"@type\":\"WebSite\",\"@id\":\"https:\\\/\\\/www.bestronger.be\\\/fr\\\/#website\",\"url\":\"https:\\\/\\\/www.bestronger.be\\\/fr\\\/\",\"name\":\"Be-Stronger\",\"description\":\"LES COURTIERS EN ASSURANCES PROFESSIONNELS AU SERVICE DES ENTREPRISES\",\"publisher\":{\"@id\":\"https:\\\/\\\/www.bestronger.be\\\/fr\\\/#organization\"},\"potentialAction\":[{\"@type\":\"SearchAction\",\"target\":{\"@type\":\"EntryPoint\",\"urlTemplate\":\"https:\\\/\\\/www.bestronger.be\\\/fr\\\/?s={search_term_string}\"},\"query-input\":{\"@type\":\"PropertyValueSpecification\",\"valueRequired\":true,\"valueName\":\"search_term_string\"}}],\"inLanguage\":\"fr-FR\"},{\"@type\":\"Organization\",\"@id\":\"https:\\\/\\\/www.bestronger.be\\\/fr\\\/#organization\",\"name\":\"Be-Stronger\",\"url\":\"https:\\\/\\\/www.bestronger.be\\\/fr\\\/\",\"logo\":{\"@type\":\"ImageObject\",\"inLanguage\":\"fr-FR\",\"@id\":\"https:\\\/\\\/www.bestronger.be\\\/fr\\\/#\\\/schema\\\/logo\\\/image\\\/\",\"url\":\"https:\\\/\\\/www.bestronger.be\\\/wp-content\\\/uploads\\\/2018\\\/06\\\/BeStronger-loading.jpg\",\"contentUrl\":\"https:\\\/\\\/www.bestronger.be\\\/wp-content\\\/uploads\\\/2018\\\/06\\\/BeStronger-loading.jpg\",\"width\":294,\"height\":238,\"caption\":\"Be-Stronger\"},\"image\":{\"@id\":\"https:\\\/\\\/www.bestronger.be\\\/fr\\\/#\\\/schema\\\/logo\\\/image\\\/\"}},{\"@type\":\"Person\",\"@id\":\"https:\\\/\\\/www.bestronger.be\\\/fr\\\/#\\\/schema\\\/person\\\/9b5071f88803a5a401150925e1c85edd\",\"name\":\"ux\",\"image\":{\"@type\":\"ImageObject\",\"inLanguage\":\"fr-FR\",\"@id\":\"https:\\\/\\\/secure.gravatar.com\\\/avatar\\\/55910fdda0e0c45554b3096ceaae8625f4b22c21afd0dceb3d417810a4125655?s=96&d=mm&r=g\",\"url\":\"https:\\\/\\\/secure.gravatar.com\\\/avatar\\\/55910fdda0e0c45554b3096ceaae8625f4b22c21afd0dceb3d417810a4125655?s=96&d=mm&r=g\",\"contentUrl\":\"https:\\\/\\\/secure.gravatar.com\\\/avatar\\\/55910fdda0e0c45554b3096ceaae8625f4b22c21afd0dceb3d417810a4125655?s=96&d=mm&r=g\",\"caption\":\"ux\"}}]}<\/script>\n<!-- \/ Yoast SEO plugin. -->","yoast_head_json":{"title":"Votre courtier professionnel vous accompagne durant la crise du COVID - BESTRONGER","robots":{"index":"index","follow":"follow","max-snippet":"max-snippet:-1","max-image-preview":"max-image-preview:large","max-video-preview":"max-video-preview:-1"},"canonical":"https:\/\/www.bestronger.be\/fr\/accompagne-par-un-courtier-professionnel\/","og_locale":"fr_FR","og_type":"article","og_title":"Votre courtier professionnel vous accompagne durant la crise du COVID - BESTRONGER","og_description":"La surprise du confinement de mars 2020 nous a amen\u00e9s \u00e0 r\u00e9agir tr\u00e8s rapidement et efficacement afin de r\u00e9pondre aux attentes de nos clients professionnels\u00a0: entrepreneurs,\u00a0ind\u00e9pendants et plus grandes entreprises. \u00a0Tous ont \u00e9t\u00e9, et le sont encore, \u00e0 des degr\u00e9s divers touch\u00e9s par la pand\u00e9mie. La premi\u00e8re d\u00e9marche a consist\u00e9 \u00e0","og_url":"https:\/\/www.bestronger.be\/fr\/accompagne-par-un-courtier-professionnel\/","og_site_name":"BESTRONGER","article_published_time":"2021-02-01T19:00:23+00:00","article_modified_time":"2021-02-02T08:42:00+00:00","og_image":[{"width":2560,"height":1707,"url":"https:\/\/www.bestronger.be\/wp-content\/uploads\/2021\/01\/photo-article-maxel_01022021-scaled.jpg","type":"image\/jpeg"}],"author":"ux","twitter_card":"summary_large_image","twitter_misc":{"\u00c9crit par":"ux","Dur\u00e9e de lecture estim\u00e9e":"3 minutes"},"schema":{"@context":"https:\/\/schema.org","@graph":[{"@type":"Article","@id":"https:\/\/www.bestronger.be\/fr\/accompagne-par-un-courtier-professionnel\/#article","isPartOf":{"@id":"https:\/\/www.bestronger.be\/fr\/accompagne-par-un-courtier-professionnel\/"},"author":{"name":"ux","@id":"https:\/\/www.bestronger.be\/fr\/#\/schema\/person\/9b5071f88803a5a401150925e1c85edd"},"headline":"Votre courtier professionnel vous accompagne durant la crise du COVID","datePublished":"2021-02-01T19:00:23+00:00","dateModified":"2021-02-02T08:42:00+00:00","mainEntityOfPage":{"@id":"https:\/\/www.bestronger.be\/fr\/accompagne-par-un-courtier-professionnel\/"},"wordCount":545,"publisher":{"@id":"https:\/\/www.bestronger.be\/fr\/#organization"},"image":{"@id":"https:\/\/www.bestronger.be\/fr\/accompagne-par-un-courtier-professionnel\/#primaryimage"},"thumbnailUrl":"https:\/\/www.bestronger.be\/wp-content\/uploads\/2021\/01\/photo-article-maxel_01022021-scaled.jpg","articleSection":["Non classifi\u00e9(e)"],"inLanguage":"fr-FR"},{"@type":"WebPage","@id":"https:\/\/www.bestronger.be\/fr\/accompagne-par-un-courtier-professionnel\/","url":"https:\/\/www.bestronger.be\/fr\/accompagne-par-un-courtier-professionnel\/","name":"Votre courtier professionnel vous accompagne durant la crise du COVID - BESTRONGER","isPartOf":{"@id":"https:\/\/www.bestronger.be\/fr\/#website"},"primaryImageOfPage":{"@id":"https:\/\/www.bestronger.be\/fr\/accompagne-par-un-courtier-professionnel\/#primaryimage"},"image":{"@id":"https:\/\/www.bestronger.be\/fr\/accompagne-par-un-courtier-professionnel\/#primaryimage"},"thumbnailUrl":"https:\/\/www.bestronger.be\/wp-content\/uploads\/2021\/01\/photo-article-maxel_01022021-scaled.jpg","datePublished":"2021-02-01T19:00:23+00:00","dateModified":"2021-02-02T08:42:00+00:00","breadcrumb":{"@id":"https:\/\/www.bestronger.be\/fr\/accompagne-par-un-courtier-professionnel\/#breadcrumb"},"inLanguage":"fr-FR","potentialAction":[{"@type":"ReadAction","target":["https:\/\/www.bestronger.be\/fr\/accompagne-par-un-courtier-professionnel\/"]}]},{"@type":"ImageObject","inLanguage":"fr-FR","@id":"https:\/\/www.bestronger.be\/fr\/accompagne-par-un-courtier-professionnel\/#primaryimage","url":"https:\/\/www.bestronger.be\/wp-content\/uploads\/2021\/01\/photo-article-maxel_01022021-scaled.jpg","contentUrl":"https:\/\/www.bestronger.be\/wp-content\/uploads\/2021\/01\/photo-article-maxel_01022021-scaled.jpg","width":2560,"height":1707},{"@type":"BreadcrumbList","@id":"https:\/\/www.bestronger.be\/fr\/accompagne-par-un-courtier-professionnel\/#breadcrumb","itemListElement":[{"@type":"ListItem","position":1,"name":"Accueil","item":"https:\/\/www.bestronger.be\/fr\/"},{"@type":"ListItem","position":2,"name":"Votre courtier professionnel vous accompagne durant la crise du COVID"}]},{"@type":"WebSite","@id":"https:\/\/www.bestronger.be\/fr\/#website","url":"https:\/\/www.bestronger.be\/fr\/","name":"Be-Stronger","description":"LES COURTIERS EN ASSURANCES PROFESSIONNELS AU SERVICE DES ENTREPRISES","publisher":{"@id":"https:\/\/www.bestronger.be\/fr\/#organization"},"potentialAction":[{"@type":"SearchAction","target":{"@type":"EntryPoint","urlTemplate":"https:\/\/www.bestronger.be\/fr\/?s={search_term_string}"},"query-input":{"@type":"PropertyValueSpecification","valueRequired":true,"valueName":"search_term_string"}}],"inLanguage":"fr-FR"},{"@type":"Organization","@id":"https:\/\/www.bestronger.be\/fr\/#organization","name":"Be-Stronger","url":"https:\/\/www.bestronger.be\/fr\/","logo":{"@type":"ImageObject","inLanguage":"fr-FR","@id":"https:\/\/www.bestronger.be\/fr\/#\/schema\/logo\/image\/","url":"https:\/\/www.bestronger.be\/wp-content\/uploads\/2018\/06\/BeStronger-loading.jpg","contentUrl":"https:\/\/www.bestronger.be\/wp-content\/uploads\/2018\/06\/BeStronger-loading.jpg","width":294,"height":238,"caption":"Be-Stronger"},"image":{"@id":"https:\/\/www.bestronger.be\/fr\/#\/schema\/logo\/image\/"}},{"@type":"Person","@id":"https:\/\/www.bestronger.be\/fr\/#\/schema\/person\/9b5071f88803a5a401150925e1c85edd","name":"ux","image":{"@type":"ImageObject","inLanguage":"fr-FR","@id":"https:\/\/secure.gravatar.com\/avatar\/55910fdda0e0c45554b3096ceaae8625f4b22c21afd0dceb3d417810a4125655?s=96&d=mm&r=g","url":"https:\/\/secure.gravatar.com\/avatar\/55910fdda0e0c45554b3096ceaae8625f4b22c21afd0dceb3d417810a4125655?s=96&d=mm&r=g","contentUrl":"https:\/\/secure.gravatar.com\/avatar\/55910fdda0e0c45554b3096ceaae8625f4b22c21afd0dceb3d417810a4125655?s=96&d=mm&r=g","caption":"ux"}}]}},"_links":{"self":[{"href":"https:\/\/www.bestronger.be\/fr\/wp-json\/wp\/v2\/posts\/1998","targetHints":{"allow":["GET"]}}],"collection":[{"href":"https:\/\/www.bestronger.be\/fr\/wp-json\/wp\/v2\/posts"}],"about":[{"href":"https:\/\/www.bestronger.be\/fr\/wp-json\/wp\/v2\/types\/post"}],"author":[{"embeddable":true,"href":"https:\/\/www.bestronger.be\/fr\/wp-json\/wp\/v2\/users\/1"}],"replies":[{"embeddable":true,"href":"https:\/\/www.bestronger.be\/fr\/wp-json\/wp\/v2\/comments?post=1998"}],"version-history":[{"count":0,"href":"https:\/\/www.bestronger.be\/fr\/wp-json\/wp\/v2\/posts\/1998\/revisions"}],"wp:featuredmedia":[{"embeddable":true,"href":"https:\/\/www.bestronger.be\/fr\/wp-json\/wp\/v2\/media\/2009"}],"wp:attachment":[{"href":"https:\/\/www.bestronger.be\/fr\/wp-json\/wp\/v2\/media?parent=1998"}],"wp:term":[{"taxonomy":"category","embeddable":true,"href":"https:\/\/www.bestronger.be\/fr\/wp-json\/wp\/v2\/categories?post=1998"},{"taxonomy":"post_tag","embeddable":true,"href":"https:\/\/www.bestronger.be\/fr\/wp-json\/wp\/v2\/tags?post=1998"}],"curies":[{"name":"wp","href":"https:\/\/api.w.org\/{rel}","templated":true}]}}