{"id":2077,"date":"2020-12-23T15:23:41","date_gmt":"2020-12-23T14:23:41","guid":{"rendered":"https:\/\/www.bestronger.be\/?p=2077"},"modified":"2021-02-08T17:22:51","modified_gmt":"2021-02-08T16:22:51","slug":"temoignage-de-sebastien-van-ingelgem-van-ingelgem-fils","status":"publish","type":"post","link":"https:\/\/www.bestronger.be\/fr\/temoignage-de-sebastien-van-ingelgem-van-ingelgem-fils\/","title":{"rendered":"T\u00e9moignage de S\u00e9bastien VAN INGELGEM (VAN INGELGEM &#038; Fils)"},"content":{"rendered":"<p><strong>Apr\u00e8s un an d\u2019histoire commune, S\u00e9bastien VAN INGELGEM explique les motivations \u00e0 rejoindre le groupement BE STRONGER Assurances :<\/strong><\/p>\n<p>&#8220;Nous avons rejoint BE STRONGER il y a 1 an.<br \/>\nLorsque nos confr\u00e8res nous ont approch\u00e9s pour les rejoindre dans le groupement, l\u2019int\u00e9r\u00eat de s\u2019associer avec ces bureaux de courtage de premier plan, <em>d\u00e9di\u00e9s aux entreprises et entrepreneurs<\/em>, a rapidement \u00e9t\u00e9 une \u00e9vidence pour nous.<\/p>\n<p>BE STRONGER nous permet de <strong>profiter d\u2019un partage d\u2019exp\u00e9rience et d\u2019expertise riche, en capitalisant sur les forces de chaque bureau<\/strong>.<br \/>\nBE STRONGER nous permet \u00e9galement de prendre du recul par rapport \u00e0 notre m\u00e9tier, et prendre des initiatives pour mieux r\u00e9pondre aux d\u00e9fis de demain.<\/p>\n<blockquote><p><em>L\u2019adh\u00e9sion \u00e0 BE STRONGER cadre parfaitement avec notre strat\u00e9gie, et nous permet d\u2019encore mieux r\u00e9pondre aux attentes de nos clients<\/em>.&#8221;<\/p><\/blockquote>\n","protected":false},"excerpt":{"rendered":"<p>Apr\u00e8s un an d\u2019histoire commune, S\u00e9bastien VAN INGELGEM explique les motivations \u00e0 rejoindre le groupement BE STRONGER Assurances : &#8220;Nous avons rejoint BE STRONGER il y a 1 an. Lorsque nos confr\u00e8res nous ont approch\u00e9s pour les rejoindre dans le groupement, l\u2019int\u00e9r\u00eat de s\u2019associer avec ces bureaux de courtage de premier plan, d\u00e9di\u00e9s aux entreprises [&hellip;]<\/p>\n","protected":false},"author":5,"featured_media":0,"comment_status":"closed","ping_status":"open","sticky":false,"template":"","format":"standard","meta":{"footnotes":""},"categories":[1],"tags":[],"class_list":["post-2077","post","type-post","status-publish","format-standard","hentry","category-non-classifiee"],"yoast_head":"<!-- This site is optimized with the Yoast SEO plugin v27.3 - https:\/\/yoast.com\/product\/yoast-seo-wordpress\/ -->\n<title>T\u00e9moignage de S\u00e9bastien VAN INGELGEM (VAN INGELGEM &amp; Fils) - BESTRONGER<\/title>\n<meta name=\"robots\" content=\"index, follow, max-snippet:-1, max-image-preview:large, max-video-preview:-1\" \/>\n<link rel=\"canonical\" href=\"https:\/\/www.bestronger.be\/fr\/temoignage-de-sebastien-van-ingelgem-van-ingelgem-fils\/\" \/>\n<meta property=\"og:locale\" content=\"fr_FR\" \/>\n<meta property=\"og:type\" content=\"article\" \/>\n<meta property=\"og:title\" content=\"T\u00e9moignage de S\u00e9bastien VAN INGELGEM (VAN INGELGEM &amp; Fils) - BESTRONGER\" \/>\n<meta property=\"og:description\" content=\"Apr\u00e8s un an d\u2019histoire commune, S\u00e9bastien VAN INGELGEM explique les motivations \u00e0 rejoindre le groupement BE STRONGER Assurances : &#8220;Nous avons rejoint BE STRONGER il y a 1 an. Lorsque nos confr\u00e8res nous ont approch\u00e9s pour les rejoindre dans le groupement, l\u2019int\u00e9r\u00eat de s\u2019associer avec ces bureaux de courtage de premier plan, d\u00e9di\u00e9s aux entreprises [&hellip;]\" \/>\n<meta property=\"og:url\" content=\"https:\/\/www.bestronger.be\/fr\/temoignage-de-sebastien-van-ingelgem-van-ingelgem-fils\/\" \/>\n<meta property=\"og:site_name\" content=\"BESTRONGER\" \/>\n<meta property=\"article:published_time\" content=\"2020-12-23T14:23:41+00:00\" \/>\n<meta property=\"article:modified_time\" content=\"2021-02-08T16:22:51+00:00\" \/>\n<meta name=\"author\" content=\"bruno\" \/>\n<meta name=\"twitter:card\" content=\"summary_large_image\" \/>\n<meta name=\"twitter:label1\" content=\"\u00c9crit par\" \/>\n\t<meta name=\"twitter:data1\" content=\"bruno\" \/>\n\t<meta name=\"twitter:label2\" content=\"Dur\u00e9e de lecture estim\u00e9e\" \/>\n\t<meta name=\"twitter:data2\" content=\"1 minute\" \/>\n<script type=\"application\/ld+json\" class=\"yoast-schema-graph\">{\"@context\":\"https:\\\/\\\/schema.org\",\"@graph\":[{\"@type\":\"Article\",\"@id\":\"https:\\\/\\\/www.bestronger.be\\\/fr\\\/temoignage-de-sebastien-van-ingelgem-van-ingelgem-fils\\\/#article\",\"isPartOf\":{\"@id\":\"https:\\\/\\\/www.bestronger.be\\\/fr\\\/temoignage-de-sebastien-van-ingelgem-van-ingelgem-fils\\\/\"},\"author\":{\"name\":\"bruno\",\"@id\":\"https:\\\/\\\/www.bestronger.be\\\/fr\\\/#\\\/schema\\\/person\\\/ed90f6c1cfc0620a3a7eb3303f5b38be\"},\"headline\":\"T\u00e9moignage de S\u00e9bastien VAN INGELGEM (VAN INGELGEM &#038; Fils)\",\"datePublished\":\"2020-12-23T14:23:41+00:00\",\"dateModified\":\"2021-02-08T16:22:51+00:00\",\"mainEntityOfPage\":{\"@id\":\"https:\\\/\\\/www.bestronger.be\\\/fr\\\/temoignage-de-sebastien-van-ingelgem-van-ingelgem-fils\\\/\"},\"wordCount\":157,\"publisher\":{\"@id\":\"https:\\\/\\\/www.bestronger.be\\\/fr\\\/#organization\"},\"articleSection\":[\"Non classifi\u00e9(e)\"],\"inLanguage\":\"fr-FR\"},{\"@type\":\"WebPage\",\"@id\":\"https:\\\/\\\/www.bestronger.be\\\/fr\\\/temoignage-de-sebastien-van-ingelgem-van-ingelgem-fils\\\/\",\"url\":\"https:\\\/\\\/www.bestronger.be\\\/fr\\\/temoignage-de-sebastien-van-ingelgem-van-ingelgem-fils\\\/\",\"name\":\"T\u00e9moignage de S\u00e9bastien VAN INGELGEM (VAN INGELGEM & Fils) - BESTRONGER\",\"isPartOf\":{\"@id\":\"https:\\\/\\\/www.bestronger.be\\\/fr\\\/#website\"},\"datePublished\":\"2020-12-23T14:23:41+00:00\",\"dateModified\":\"2021-02-08T16:22:51+00:00\",\"breadcrumb\":{\"@id\":\"https:\\\/\\\/www.bestronger.be\\\/fr\\\/temoignage-de-sebastien-van-ingelgem-van-ingelgem-fils\\\/#breadcrumb\"},\"inLanguage\":\"fr-FR\",\"potentialAction\":[{\"@type\":\"ReadAction\",\"target\":[\"https:\\\/\\\/www.bestronger.be\\\/fr\\\/temoignage-de-sebastien-van-ingelgem-van-ingelgem-fils\\\/\"]}]},{\"@type\":\"BreadcrumbList\",\"@id\":\"https:\\\/\\\/www.bestronger.be\\\/fr\\\/temoignage-de-sebastien-van-ingelgem-van-ingelgem-fils\\\/#breadcrumb\",\"itemListElement\":[{\"@type\":\"ListItem\",\"position\":1,\"name\":\"Accueil\",\"item\":\"https:\\\/\\\/www.bestronger.be\\\/fr\\\/\"},{\"@type\":\"ListItem\",\"position\":2,\"name\":\"T\u00e9moignage de S\u00e9bastien VAN INGELGEM (VAN INGELGEM &#038; Fils)\"}]},{\"@type\":\"WebSite\",\"@id\":\"https:\\\/\\\/www.bestronger.be\\\/fr\\\/#website\",\"url\":\"https:\\\/\\\/www.bestronger.be\\\/fr\\\/\",\"name\":\"Be-Stronger\",\"description\":\"LES COURTIERS EN ASSURANCES PROFESSIONNELS AU SERVICE DES ENTREPRISES\",\"publisher\":{\"@id\":\"https:\\\/\\\/www.bestronger.be\\\/fr\\\/#organization\"},\"potentialAction\":[{\"@type\":\"SearchAction\",\"target\":{\"@type\":\"EntryPoint\",\"urlTemplate\":\"https:\\\/\\\/www.bestronger.be\\\/fr\\\/?s={search_term_string}\"},\"query-input\":{\"@type\":\"PropertyValueSpecification\",\"valueRequired\":true,\"valueName\":\"search_term_string\"}}],\"inLanguage\":\"fr-FR\"},{\"@type\":\"Organization\",\"@id\":\"https:\\\/\\\/www.bestronger.be\\\/fr\\\/#organization\",\"name\":\"Be-Stronger\",\"url\":\"https:\\\/\\\/www.bestronger.be\\\/fr\\\/\",\"logo\":{\"@type\":\"ImageObject\",\"inLanguage\":\"fr-FR\",\"@id\":\"https:\\\/\\\/www.bestronger.be\\\/fr\\\/#\\\/schema\\\/logo\\\/image\\\/\",\"url\":\"https:\\\/\\\/www.bestronger.be\\\/wp-content\\\/uploads\\\/2018\\\/06\\\/BeStronger-loading.jpg\",\"contentUrl\":\"https:\\\/\\\/www.bestronger.be\\\/wp-content\\\/uploads\\\/2018\\\/06\\\/BeStronger-loading.jpg\",\"width\":294,\"height\":238,\"caption\":\"Be-Stronger\"},\"image\":{\"@id\":\"https:\\\/\\\/www.bestronger.be\\\/fr\\\/#\\\/schema\\\/logo\\\/image\\\/\"}},{\"@type\":\"Person\",\"@id\":\"https:\\\/\\\/www.bestronger.be\\\/fr\\\/#\\\/schema\\\/person\\\/ed90f6c1cfc0620a3a7eb3303f5b38be\",\"name\":\"bruno\",\"image\":{\"@type\":\"ImageObject\",\"inLanguage\":\"fr-FR\",\"@id\":\"https:\\\/\\\/secure.gravatar.com\\\/avatar\\\/772ed5927534ebaa623a855de93bc9ac46a7028cbd3e23c898f75b96a0dc59ac?s=96&d=mm&r=g\",\"url\":\"https:\\\/\\\/secure.gravatar.com\\\/avatar\\\/772ed5927534ebaa623a855de93bc9ac46a7028cbd3e23c898f75b96a0dc59ac?s=96&d=mm&r=g\",\"contentUrl\":\"https:\\\/\\\/secure.gravatar.com\\\/avatar\\\/772ed5927534ebaa623a855de93bc9ac46a7028cbd3e23c898f75b96a0dc59ac?s=96&d=mm&r=g\",\"caption\":\"bruno\"}}]}<\/script>\n<!-- \/ Yoast SEO plugin. -->","yoast_head_json":{"title":"T\u00e9moignage de S\u00e9bastien VAN INGELGEM (VAN INGELGEM & Fils) - BESTRONGER","robots":{"index":"index","follow":"follow","max-snippet":"max-snippet:-1","max-image-preview":"max-image-preview:large","max-video-preview":"max-video-preview:-1"},"canonical":"https:\/\/www.bestronger.be\/fr\/temoignage-de-sebastien-van-ingelgem-van-ingelgem-fils\/","og_locale":"fr_FR","og_type":"article","og_title":"T\u00e9moignage de S\u00e9bastien VAN INGELGEM (VAN INGELGEM & Fils) - BESTRONGER","og_description":"Apr\u00e8s un an d\u2019histoire commune, S\u00e9bastien VAN INGELGEM explique les motivations \u00e0 rejoindre le groupement BE STRONGER Assurances : &#8220;Nous avons rejoint BE STRONGER il y a 1 an. Lorsque nos confr\u00e8res nous ont approch\u00e9s pour les rejoindre dans le groupement, l\u2019int\u00e9r\u00eat de s\u2019associer avec ces bureaux de courtage de premier plan, d\u00e9di\u00e9s aux entreprises [&hellip;]","og_url":"https:\/\/www.bestronger.be\/fr\/temoignage-de-sebastien-van-ingelgem-van-ingelgem-fils\/","og_site_name":"BESTRONGER","article_published_time":"2020-12-23T14:23:41+00:00","article_modified_time":"2021-02-08T16:22:51+00:00","author":"bruno","twitter_card":"summary_large_image","twitter_misc":{"\u00c9crit par":"bruno","Dur\u00e9e de lecture estim\u00e9e":"1 minute"},"schema":{"@context":"https:\/\/schema.org","@graph":[{"@type":"Article","@id":"https:\/\/www.bestronger.be\/fr\/temoignage-de-sebastien-van-ingelgem-van-ingelgem-fils\/#article","isPartOf":{"@id":"https:\/\/www.bestronger.be\/fr\/temoignage-de-sebastien-van-ingelgem-van-ingelgem-fils\/"},"author":{"name":"bruno","@id":"https:\/\/www.bestronger.be\/fr\/#\/schema\/person\/ed90f6c1cfc0620a3a7eb3303f5b38be"},"headline":"T\u00e9moignage de S\u00e9bastien VAN INGELGEM (VAN INGELGEM &#038; Fils)","datePublished":"2020-12-23T14:23:41+00:00","dateModified":"2021-02-08T16:22:51+00:00","mainEntityOfPage":{"@id":"https:\/\/www.bestronger.be\/fr\/temoignage-de-sebastien-van-ingelgem-van-ingelgem-fils\/"},"wordCount":157,"publisher":{"@id":"https:\/\/www.bestronger.be\/fr\/#organization"},"articleSection":["Non classifi\u00e9(e)"],"inLanguage":"fr-FR"},{"@type":"WebPage","@id":"https:\/\/www.bestronger.be\/fr\/temoignage-de-sebastien-van-ingelgem-van-ingelgem-fils\/","url":"https:\/\/www.bestronger.be\/fr\/temoignage-de-sebastien-van-ingelgem-van-ingelgem-fils\/","name":"T\u00e9moignage de S\u00e9bastien VAN INGELGEM (VAN INGELGEM & Fils) - BESTRONGER","isPartOf":{"@id":"https:\/\/www.bestronger.be\/fr\/#website"},"datePublished":"2020-12-23T14:23:41+00:00","dateModified":"2021-02-08T16:22:51+00:00","breadcrumb":{"@id":"https:\/\/www.bestronger.be\/fr\/temoignage-de-sebastien-van-ingelgem-van-ingelgem-fils\/#breadcrumb"},"inLanguage":"fr-FR","potentialAction":[{"@type":"ReadAction","target":["https:\/\/www.bestronger.be\/fr\/temoignage-de-sebastien-van-ingelgem-van-ingelgem-fils\/"]}]},{"@type":"BreadcrumbList","@id":"https:\/\/www.bestronger.be\/fr\/temoignage-de-sebastien-van-ingelgem-van-ingelgem-fils\/#breadcrumb","itemListElement":[{"@type":"ListItem","position":1,"name":"Accueil","item":"https:\/\/www.bestronger.be\/fr\/"},{"@type":"ListItem","position":2,"name":"T\u00e9moignage de S\u00e9bastien VAN INGELGEM (VAN INGELGEM &#038; Fils)"}]},{"@type":"WebSite","@id":"https:\/\/www.bestronger.be\/fr\/#website","url":"https:\/\/www.bestronger.be\/fr\/","name":"Be-Stronger","description":"LES COURTIERS EN ASSURANCES PROFESSIONNELS AU SERVICE DES ENTREPRISES","publisher":{"@id":"https:\/\/www.bestronger.be\/fr\/#organization"},"potentialAction":[{"@type":"SearchAction","target":{"@type":"EntryPoint","urlTemplate":"https:\/\/www.bestronger.be\/fr\/?s={search_term_string}"},"query-input":{"@type":"PropertyValueSpecification","valueRequired":true,"valueName":"search_term_string"}}],"inLanguage":"fr-FR"},{"@type":"Organization","@id":"https:\/\/www.bestronger.be\/fr\/#organization","name":"Be-Stronger","url":"https:\/\/www.bestronger.be\/fr\/","logo":{"@type":"ImageObject","inLanguage":"fr-FR","@id":"https:\/\/www.bestronger.be\/fr\/#\/schema\/logo\/image\/","url":"https:\/\/www.bestronger.be\/wp-content\/uploads\/2018\/06\/BeStronger-loading.jpg","contentUrl":"https:\/\/www.bestronger.be\/wp-content\/uploads\/2018\/06\/BeStronger-loading.jpg","width":294,"height":238,"caption":"Be-Stronger"},"image":{"@id":"https:\/\/www.bestronger.be\/fr\/#\/schema\/logo\/image\/"}},{"@type":"Person","@id":"https:\/\/www.bestronger.be\/fr\/#\/schema\/person\/ed90f6c1cfc0620a3a7eb3303f5b38be","name":"bruno","image":{"@type":"ImageObject","inLanguage":"fr-FR","@id":"https:\/\/secure.gravatar.com\/avatar\/772ed5927534ebaa623a855de93bc9ac46a7028cbd3e23c898f75b96a0dc59ac?s=96&d=mm&r=g","url":"https:\/\/secure.gravatar.com\/avatar\/772ed5927534ebaa623a855de93bc9ac46a7028cbd3e23c898f75b96a0dc59ac?s=96&d=mm&r=g","contentUrl":"https:\/\/secure.gravatar.com\/avatar\/772ed5927534ebaa623a855de93bc9ac46a7028cbd3e23c898f75b96a0dc59ac?s=96&d=mm&r=g","caption":"bruno"}}]}},"_links":{"self":[{"href":"https:\/\/www.bestronger.be\/fr\/wp-json\/wp\/v2\/posts\/2077","targetHints":{"allow":["GET"]}}],"collection":[{"href":"https:\/\/www.bestronger.be\/fr\/wp-json\/wp\/v2\/posts"}],"about":[{"href":"https:\/\/www.bestronger.be\/fr\/wp-json\/wp\/v2\/types\/post"}],"author":[{"embeddable":true,"href":"https:\/\/www.bestronger.be\/fr\/wp-json\/wp\/v2\/users\/5"}],"replies":[{"embeddable":true,"href":"https:\/\/www.bestronger.be\/fr\/wp-json\/wp\/v2\/comments?post=2077"}],"version-history":[{"count":0,"href":"https:\/\/www.bestronger.be\/fr\/wp-json\/wp\/v2\/posts\/2077\/revisions"}],"wp:attachment":[{"href":"https:\/\/www.bestronger.be\/fr\/wp-json\/wp\/v2\/media?parent=2077"}],"wp:term":[{"taxonomy":"category","embeddable":true,"href":"https:\/\/www.bestronger.be\/fr\/wp-json\/wp\/v2\/categories?post=2077"},{"taxonomy":"post_tag","embeddable":true,"href":"https:\/\/www.bestronger.be\/fr\/wp-json\/wp\/v2\/tags?post=2077"}],"curies":[{"name":"wp","href":"https:\/\/api.w.org\/{rel}","templated":true}]}}