{"id":4632,"date":"2023-09-08T12:59:35","date_gmt":"2023-09-08T10:59:35","guid":{"rendered":"https:\/\/www.bestronger.be\/?p=4632"},"modified":"2023-09-08T12:59:35","modified_gmt":"2023-09-08T10:59:35","slug":"journee-de-reflexion-strategique-des-courtiers-be-stronger","status":"publish","type":"post","link":"https:\/\/www.bestronger.be\/fr\/journee-de-reflexion-strategique-des-courtiers-be-stronger\/","title":{"rendered":"Journ\u00e9e de r\u00e9flexion strat\u00e9gique des courtiers BE STRONGER"},"content":{"rendered":"<p>Comme ils l&#8217;avaient fait en 2022, les dirigeants des 5 bureaux de courtage en assurance membres de BE STRONGER, et administrateurs du groupement, ont choisi de r\u00e9fl\u00e9chir ensemble aux enjeux du m\u00e9tier de l&#8217;assurance, \u00e0 ses d\u00e9fis, aux \u00e9volutions perceptibles dans le secteur et \u00e0 approfondir certaines id\u00e9es.<\/p>\n<blockquote><p>29 ao\u00fbt 2023 &#8211; Les courtiers en assurance membres de BE STRONGER consacrent une journ\u00e9e enti\u00e8re \u00e0 une r\u00e9flexion strat\u00e9gique commune<\/p><\/blockquote>\n<p>L&#8217;objectif principal de la journ\u00e9e est que ces \u00e9changes entre professionnels du courtage en assurance et de la finance aboutissent \u00e0 mener des projets communs, qui donnent du sens et r\u00e9pondent aux besoins de nos clients assur\u00e9s, d&#8217;une part, et d&#8217;autre part am\u00e9liorent ou fluidifient la gestion et l&#8217;efficacit\u00e9 des bureaux. <strong>BE STRONGER, plus forts ensemble !<\/strong><\/p>\n<p>Ont particip\u00e9 \u00e0 la r\u00e9union: G\u00e9rald Beauduin (MAXEL), Bernard Degauquier (DAP), Pierre Mamet (SOYER&amp;MAMET), Philippe et S\u00e9bastien Van Ingelgem (A. VAN INGELGEM &amp; Fils), Fran\u00e7ois Vincentelli (B-SAFE &#8211; ETTIK) et Bruno Pesch\u00e9 (CEO de BE STRONGER).<\/p>\n<p>Afin de nourrir et d&#8217;enrichir nos r\u00e9flexions et les \u00e9changes, BE STRONGER a cette ann\u00e9e invit\u00e9 2 intervenants externes, b\u00e9n\u00e9ficiant chacun d&#8217;une exp\u00e9rience significative et d&#8217;une expertise dans l&#8217;assurance: <strong>Didier MURENA<\/strong> (co-founder INSURNODE &amp; SWINZ, ex-CIO et COO de ZURICH Benelux) et <strong>St\u00e9phane SLITS<\/strong> (Senior Advisor Financial Services, ex-CEO d&#8217;AXA Holdings).<\/p>\n<blockquote><p>Merci sinc\u00e8re \u00e0 Didier Mur\u00e9na et St\u00e9phane Slits\u00a0 pour leur int\u00e9ressante contribution \u00e0 cette journ\u00e9e de r\u00e9flexion strat\u00e9gique. Leur \u00e9clairage a confort\u00e9 certaines id\u00e9es, mais aussi modifi\u00e9 la vision des participants \u00e0 la journ\u00e9e sur d&#8217;autres.<\/p><\/blockquote>\n<p>Tous 2 ont apport\u00e9 un \u00e9clairage libre, d\u00e9sint\u00e9ress\u00e9 et particuli\u00e8rement enrichissant pour les <strong>th\u00e8mes de r\u00e9flexion de la journ\u00e9e<\/strong>: la relation avec les compagnies d&#8217;assurance, le digital et le phygital, le besoin d&#8217;am\u00e9liorer l&#8217;efficacit\u00e9 dans la gestion quotidienne des dossiers d&#8217;assurance et la diff\u00e9renciation au sein du secteur de l&#8217;assurance.<\/p>\n<p>Tout au long de l&#8217;ann\u00e9e, les dirigeants des 5 bureaux membres de BE STRONGER et leurs \u00e9quipes se r\u00e9unissent \u00e0 l&#8217;occasion des Conseils d&#8217;Administration, d&#8217;ateliers et de formations, et nourrissent leur passion pour leur m\u00e9tier de courtier en assurance et en finance, avec comme priorit\u00e9 le service \u00e0 leurs clients assur\u00e9s.<\/p>\n<p>Les \u00e9changes de notre journ\u00e9e du 29 ao\u00fbt 2023 seront suivis de d\u00e9cisions prochaines, et sans aucun doute d&#8217;actions concr\u00e8tes communes.<\/p>\n<p>&nbsp;<\/p>\n","protected":false},"excerpt":{"rendered":"<p>Comme ils l&#8217;avaient fait en 2022, les dirigeants des 5 bureaux de courtage en assurance membres de BE STRONGER, et administrateurs du groupement, ont choisi de r\u00e9fl\u00e9chir ensemble aux enjeux du m\u00e9tier de l&#8217;assurance, \u00e0 ses d\u00e9fis, aux \u00e9volutions perceptibles dans le secteur et \u00e0 approfondir certaines id\u00e9es. 29 ao\u00fbt 2023 &#8211; Les courtiers en [&hellip;]<\/p>\n","protected":false},"author":5,"featured_media":4638,"comment_status":"closed","ping_status":"open","sticky":false,"template":"","format":"standard","meta":{"footnotes":""},"categories":[1],"tags":[],"class_list":["post-4632","post","type-post","status-publish","format-standard","has-post-thumbnail","hentry","category-non-classifiee"],"yoast_head":"<!-- This site is optimized with the Yoast SEO plugin v27.3 - https:\/\/yoast.com\/product\/yoast-seo-wordpress\/ -->\n<title>Journ\u00e9e de r\u00e9flexion strat\u00e9gique des courtiers BE STRONGER - BESTRONGER<\/title>\n<meta name=\"robots\" content=\"index, follow, max-snippet:-1, max-image-preview:large, max-video-preview:-1\" \/>\n<link rel=\"canonical\" href=\"https:\/\/www.bestronger.be\/fr\/journee-de-reflexion-strategique-des-courtiers-be-stronger\/\" \/>\n<meta property=\"og:locale\" content=\"fr_FR\" \/>\n<meta property=\"og:type\" content=\"article\" \/>\n<meta property=\"og:title\" content=\"Journ\u00e9e de r\u00e9flexion strat\u00e9gique des courtiers BE STRONGER - BESTRONGER\" \/>\n<meta property=\"og:description\" content=\"Comme ils l&#8217;avaient fait en 2022, les dirigeants des 5 bureaux de courtage en assurance membres de BE STRONGER, et administrateurs du groupement, ont choisi de r\u00e9fl\u00e9chir ensemble aux enjeux du m\u00e9tier de l&#8217;assurance, \u00e0 ses d\u00e9fis, aux \u00e9volutions perceptibles dans le secteur et \u00e0 approfondir certaines id\u00e9es. 29 ao\u00fbt 2023 &#8211; Les courtiers en [&hellip;]\" \/>\n<meta property=\"og:url\" content=\"https:\/\/www.bestronger.be\/fr\/journee-de-reflexion-strategique-des-courtiers-be-stronger\/\" \/>\n<meta property=\"og:site_name\" content=\"BESTRONGER\" \/>\n<meta property=\"article:published_time\" content=\"2023-09-08T10:59:35+00:00\" \/>\n<meta property=\"og:image\" content=\"https:\/\/www.bestronger.be\/wp-content\/uploads\/2023\/09\/Be-Stronger-verticale-576x1024.png\" \/>\n\t<meta property=\"og:image:width\" content=\"576\" \/>\n\t<meta property=\"og:image:height\" content=\"1024\" \/>\n\t<meta property=\"og:image:type\" content=\"image\/png\" \/>\n<meta name=\"author\" content=\"bruno\" \/>\n<meta name=\"twitter:card\" content=\"summary_large_image\" \/>\n<meta name=\"twitter:label1\" content=\"\u00c9crit par\" \/>\n\t<meta name=\"twitter:data1\" content=\"bruno\" \/>\n\t<meta name=\"twitter:label2\" content=\"Dur\u00e9e de lecture estim\u00e9e\" \/>\n\t<meta name=\"twitter:data2\" content=\"2 minutes\" \/>\n<script type=\"application\/ld+json\" class=\"yoast-schema-graph\">{\"@context\":\"https:\\\/\\\/schema.org\",\"@graph\":[{\"@type\":\"Article\",\"@id\":\"https:\\\/\\\/www.bestronger.be\\\/fr\\\/journee-de-reflexion-strategique-des-courtiers-be-stronger\\\/#article\",\"isPartOf\":{\"@id\":\"https:\\\/\\\/www.bestronger.be\\\/fr\\\/journee-de-reflexion-strategique-des-courtiers-be-stronger\\\/\"},\"author\":{\"name\":\"bruno\",\"@id\":\"https:\\\/\\\/www.bestronger.be\\\/fr\\\/#\\\/schema\\\/person\\\/ed90f6c1cfc0620a3a7eb3303f5b38be\"},\"headline\":\"Journ\u00e9e de r\u00e9flexion strat\u00e9gique des courtiers BE STRONGER\",\"datePublished\":\"2023-09-08T10:59:35+00:00\",\"mainEntityOfPage\":{\"@id\":\"https:\\\/\\\/www.bestronger.be\\\/fr\\\/journee-de-reflexion-strategique-des-courtiers-be-stronger\\\/\"},\"wordCount\":436,\"publisher\":{\"@id\":\"https:\\\/\\\/www.bestronger.be\\\/fr\\\/#organization\"},\"image\":{\"@id\":\"https:\\\/\\\/www.bestronger.be\\\/fr\\\/journee-de-reflexion-strategique-des-courtiers-be-stronger\\\/#primaryimage\"},\"thumbnailUrl\":\"https:\\\/\\\/www.bestronger.be\\\/wp-content\\\/uploads\\\/2023\\\/09\\\/Be-Stronger-verticale.png\",\"articleSection\":[\"Non classifi\u00e9(e)\"],\"inLanguage\":\"fr-FR\"},{\"@type\":\"WebPage\",\"@id\":\"https:\\\/\\\/www.bestronger.be\\\/fr\\\/journee-de-reflexion-strategique-des-courtiers-be-stronger\\\/\",\"url\":\"https:\\\/\\\/www.bestronger.be\\\/fr\\\/journee-de-reflexion-strategique-des-courtiers-be-stronger\\\/\",\"name\":\"Journ\u00e9e de r\u00e9flexion strat\u00e9gique des courtiers BE STRONGER - BESTRONGER\",\"isPartOf\":{\"@id\":\"https:\\\/\\\/www.bestronger.be\\\/fr\\\/#website\"},\"primaryImageOfPage\":{\"@id\":\"https:\\\/\\\/www.bestronger.be\\\/fr\\\/journee-de-reflexion-strategique-des-courtiers-be-stronger\\\/#primaryimage\"},\"image\":{\"@id\":\"https:\\\/\\\/www.bestronger.be\\\/fr\\\/journee-de-reflexion-strategique-des-courtiers-be-stronger\\\/#primaryimage\"},\"thumbnailUrl\":\"https:\\\/\\\/www.bestronger.be\\\/wp-content\\\/uploads\\\/2023\\\/09\\\/Be-Stronger-verticale.png\",\"datePublished\":\"2023-09-08T10:59:35+00:00\",\"breadcrumb\":{\"@id\":\"https:\\\/\\\/www.bestronger.be\\\/fr\\\/journee-de-reflexion-strategique-des-courtiers-be-stronger\\\/#breadcrumb\"},\"inLanguage\":\"fr-FR\",\"potentialAction\":[{\"@type\":\"ReadAction\",\"target\":[\"https:\\\/\\\/www.bestronger.be\\\/fr\\\/journee-de-reflexion-strategique-des-courtiers-be-stronger\\\/\"]}]},{\"@type\":\"ImageObject\",\"inLanguage\":\"fr-FR\",\"@id\":\"https:\\\/\\\/www.bestronger.be\\\/fr\\\/journee-de-reflexion-strategique-des-courtiers-be-stronger\\\/#primaryimage\",\"url\":\"https:\\\/\\\/www.bestronger.be\\\/wp-content\\\/uploads\\\/2023\\\/09\\\/Be-Stronger-verticale.png\",\"contentUrl\":\"https:\\\/\\\/www.bestronger.be\\\/wp-content\\\/uploads\\\/2023\\\/09\\\/Be-Stronger-verticale.png\",\"width\":1080,\"height\":1920},{\"@type\":\"BreadcrumbList\",\"@id\":\"https:\\\/\\\/www.bestronger.be\\\/fr\\\/journee-de-reflexion-strategique-des-courtiers-be-stronger\\\/#breadcrumb\",\"itemListElement\":[{\"@type\":\"ListItem\",\"position\":1,\"name\":\"Accueil\",\"item\":\"https:\\\/\\\/www.bestronger.be\\\/fr\\\/\"},{\"@type\":\"ListItem\",\"position\":2,\"name\":\"Journ\u00e9e de r\u00e9flexion strat\u00e9gique des courtiers BE STRONGER\"}]},{\"@type\":\"WebSite\",\"@id\":\"https:\\\/\\\/www.bestronger.be\\\/fr\\\/#website\",\"url\":\"https:\\\/\\\/www.bestronger.be\\\/fr\\\/\",\"name\":\"Be-Stronger\",\"description\":\"LES COURTIERS EN ASSURANCES PROFESSIONNELS AU SERVICE DES ENTREPRISES\",\"publisher\":{\"@id\":\"https:\\\/\\\/www.bestronger.be\\\/fr\\\/#organization\"},\"potentialAction\":[{\"@type\":\"SearchAction\",\"target\":{\"@type\":\"EntryPoint\",\"urlTemplate\":\"https:\\\/\\\/www.bestronger.be\\\/fr\\\/?s={search_term_string}\"},\"query-input\":{\"@type\":\"PropertyValueSpecification\",\"valueRequired\":true,\"valueName\":\"search_term_string\"}}],\"inLanguage\":\"fr-FR\"},{\"@type\":\"Organization\",\"@id\":\"https:\\\/\\\/www.bestronger.be\\\/fr\\\/#organization\",\"name\":\"Be-Stronger\",\"url\":\"https:\\\/\\\/www.bestronger.be\\\/fr\\\/\",\"logo\":{\"@type\":\"ImageObject\",\"inLanguage\":\"fr-FR\",\"@id\":\"https:\\\/\\\/www.bestronger.be\\\/fr\\\/#\\\/schema\\\/logo\\\/image\\\/\",\"url\":\"https:\\\/\\\/www.bestronger.be\\\/wp-content\\\/uploads\\\/2018\\\/06\\\/BeStronger-loading.jpg\",\"contentUrl\":\"https:\\\/\\\/www.bestronger.be\\\/wp-content\\\/uploads\\\/2018\\\/06\\\/BeStronger-loading.jpg\",\"width\":294,\"height\":238,\"caption\":\"Be-Stronger\"},\"image\":{\"@id\":\"https:\\\/\\\/www.bestronger.be\\\/fr\\\/#\\\/schema\\\/logo\\\/image\\\/\"}},{\"@type\":\"Person\",\"@id\":\"https:\\\/\\\/www.bestronger.be\\\/fr\\\/#\\\/schema\\\/person\\\/ed90f6c1cfc0620a3a7eb3303f5b38be\",\"name\":\"bruno\",\"image\":{\"@type\":\"ImageObject\",\"inLanguage\":\"fr-FR\",\"@id\":\"https:\\\/\\\/secure.gravatar.com\\\/avatar\\\/772ed5927534ebaa623a855de93bc9ac46a7028cbd3e23c898f75b96a0dc59ac?s=96&d=mm&r=g\",\"url\":\"https:\\\/\\\/secure.gravatar.com\\\/avatar\\\/772ed5927534ebaa623a855de93bc9ac46a7028cbd3e23c898f75b96a0dc59ac?s=96&d=mm&r=g\",\"contentUrl\":\"https:\\\/\\\/secure.gravatar.com\\\/avatar\\\/772ed5927534ebaa623a855de93bc9ac46a7028cbd3e23c898f75b96a0dc59ac?s=96&d=mm&r=g\",\"caption\":\"bruno\"}}]}<\/script>\n<!-- \/ Yoast SEO plugin. -->","yoast_head_json":{"title":"Journ\u00e9e de r\u00e9flexion strat\u00e9gique des courtiers BE STRONGER - BESTRONGER","robots":{"index":"index","follow":"follow","max-snippet":"max-snippet:-1","max-image-preview":"max-image-preview:large","max-video-preview":"max-video-preview:-1"},"canonical":"https:\/\/www.bestronger.be\/fr\/journee-de-reflexion-strategique-des-courtiers-be-stronger\/","og_locale":"fr_FR","og_type":"article","og_title":"Journ\u00e9e de r\u00e9flexion strat\u00e9gique des courtiers BE STRONGER - BESTRONGER","og_description":"Comme ils l&#8217;avaient fait en 2022, les dirigeants des 5 bureaux de courtage en assurance membres de BE STRONGER, et administrateurs du groupement, ont choisi de r\u00e9fl\u00e9chir ensemble aux enjeux du m\u00e9tier de l&#8217;assurance, \u00e0 ses d\u00e9fis, aux \u00e9volutions perceptibles dans le secteur et \u00e0 approfondir certaines id\u00e9es. 29 ao\u00fbt 2023 &#8211; Les courtiers en [&hellip;]","og_url":"https:\/\/www.bestronger.be\/fr\/journee-de-reflexion-strategique-des-courtiers-be-stronger\/","og_site_name":"BESTRONGER","article_published_time":"2023-09-08T10:59:35+00:00","og_image":[{"width":576,"height":1024,"url":"https:\/\/www.bestronger.be\/wp-content\/uploads\/2023\/09\/Be-Stronger-verticale-576x1024.png","type":"image\/png"}],"author":"bruno","twitter_card":"summary_large_image","twitter_misc":{"\u00c9crit par":"bruno","Dur\u00e9e de lecture estim\u00e9e":"2 minutes"},"schema":{"@context":"https:\/\/schema.org","@graph":[{"@type":"Article","@id":"https:\/\/www.bestronger.be\/fr\/journee-de-reflexion-strategique-des-courtiers-be-stronger\/#article","isPartOf":{"@id":"https:\/\/www.bestronger.be\/fr\/journee-de-reflexion-strategique-des-courtiers-be-stronger\/"},"author":{"name":"bruno","@id":"https:\/\/www.bestronger.be\/fr\/#\/schema\/person\/ed90f6c1cfc0620a3a7eb3303f5b38be"},"headline":"Journ\u00e9e de r\u00e9flexion strat\u00e9gique des courtiers BE STRONGER","datePublished":"2023-09-08T10:59:35+00:00","mainEntityOfPage":{"@id":"https:\/\/www.bestronger.be\/fr\/journee-de-reflexion-strategique-des-courtiers-be-stronger\/"},"wordCount":436,"publisher":{"@id":"https:\/\/www.bestronger.be\/fr\/#organization"},"image":{"@id":"https:\/\/www.bestronger.be\/fr\/journee-de-reflexion-strategique-des-courtiers-be-stronger\/#primaryimage"},"thumbnailUrl":"https:\/\/www.bestronger.be\/wp-content\/uploads\/2023\/09\/Be-Stronger-verticale.png","articleSection":["Non classifi\u00e9(e)"],"inLanguage":"fr-FR"},{"@type":"WebPage","@id":"https:\/\/www.bestronger.be\/fr\/journee-de-reflexion-strategique-des-courtiers-be-stronger\/","url":"https:\/\/www.bestronger.be\/fr\/journee-de-reflexion-strategique-des-courtiers-be-stronger\/","name":"Journ\u00e9e de r\u00e9flexion strat\u00e9gique des courtiers BE STRONGER - BESTRONGER","isPartOf":{"@id":"https:\/\/www.bestronger.be\/fr\/#website"},"primaryImageOfPage":{"@id":"https:\/\/www.bestronger.be\/fr\/journee-de-reflexion-strategique-des-courtiers-be-stronger\/#primaryimage"},"image":{"@id":"https:\/\/www.bestronger.be\/fr\/journee-de-reflexion-strategique-des-courtiers-be-stronger\/#primaryimage"},"thumbnailUrl":"https:\/\/www.bestronger.be\/wp-content\/uploads\/2023\/09\/Be-Stronger-verticale.png","datePublished":"2023-09-08T10:59:35+00:00","breadcrumb":{"@id":"https:\/\/www.bestronger.be\/fr\/journee-de-reflexion-strategique-des-courtiers-be-stronger\/#breadcrumb"},"inLanguage":"fr-FR","potentialAction":[{"@type":"ReadAction","target":["https:\/\/www.bestronger.be\/fr\/journee-de-reflexion-strategique-des-courtiers-be-stronger\/"]}]},{"@type":"ImageObject","inLanguage":"fr-FR","@id":"https:\/\/www.bestronger.be\/fr\/journee-de-reflexion-strategique-des-courtiers-be-stronger\/#primaryimage","url":"https:\/\/www.bestronger.be\/wp-content\/uploads\/2023\/09\/Be-Stronger-verticale.png","contentUrl":"https:\/\/www.bestronger.be\/wp-content\/uploads\/2023\/09\/Be-Stronger-verticale.png","width":1080,"height":1920},{"@type":"BreadcrumbList","@id":"https:\/\/www.bestronger.be\/fr\/journee-de-reflexion-strategique-des-courtiers-be-stronger\/#breadcrumb","itemListElement":[{"@type":"ListItem","position":1,"name":"Accueil","item":"https:\/\/www.bestronger.be\/fr\/"},{"@type":"ListItem","position":2,"name":"Journ\u00e9e de r\u00e9flexion strat\u00e9gique des courtiers BE STRONGER"}]},{"@type":"WebSite","@id":"https:\/\/www.bestronger.be\/fr\/#website","url":"https:\/\/www.bestronger.be\/fr\/","name":"Be-Stronger","description":"LES COURTIERS EN ASSURANCES PROFESSIONNELS AU SERVICE DES ENTREPRISES","publisher":{"@id":"https:\/\/www.bestronger.be\/fr\/#organization"},"potentialAction":[{"@type":"SearchAction","target":{"@type":"EntryPoint","urlTemplate":"https:\/\/www.bestronger.be\/fr\/?s={search_term_string}"},"query-input":{"@type":"PropertyValueSpecification","valueRequired":true,"valueName":"search_term_string"}}],"inLanguage":"fr-FR"},{"@type":"Organization","@id":"https:\/\/www.bestronger.be\/fr\/#organization","name":"Be-Stronger","url":"https:\/\/www.bestronger.be\/fr\/","logo":{"@type":"ImageObject","inLanguage":"fr-FR","@id":"https:\/\/www.bestronger.be\/fr\/#\/schema\/logo\/image\/","url":"https:\/\/www.bestronger.be\/wp-content\/uploads\/2018\/06\/BeStronger-loading.jpg","contentUrl":"https:\/\/www.bestronger.be\/wp-content\/uploads\/2018\/06\/BeStronger-loading.jpg","width":294,"height":238,"caption":"Be-Stronger"},"image":{"@id":"https:\/\/www.bestronger.be\/fr\/#\/schema\/logo\/image\/"}},{"@type":"Person","@id":"https:\/\/www.bestronger.be\/fr\/#\/schema\/person\/ed90f6c1cfc0620a3a7eb3303f5b38be","name":"bruno","image":{"@type":"ImageObject","inLanguage":"fr-FR","@id":"https:\/\/secure.gravatar.com\/avatar\/772ed5927534ebaa623a855de93bc9ac46a7028cbd3e23c898f75b96a0dc59ac?s=96&d=mm&r=g","url":"https:\/\/secure.gravatar.com\/avatar\/772ed5927534ebaa623a855de93bc9ac46a7028cbd3e23c898f75b96a0dc59ac?s=96&d=mm&r=g","contentUrl":"https:\/\/secure.gravatar.com\/avatar\/772ed5927534ebaa623a855de93bc9ac46a7028cbd3e23c898f75b96a0dc59ac?s=96&d=mm&r=g","caption":"bruno"}}]}},"_links":{"self":[{"href":"https:\/\/www.bestronger.be\/fr\/wp-json\/wp\/v2\/posts\/4632","targetHints":{"allow":["GET"]}}],"collection":[{"href":"https:\/\/www.bestronger.be\/fr\/wp-json\/wp\/v2\/posts"}],"about":[{"href":"https:\/\/www.bestronger.be\/fr\/wp-json\/wp\/v2\/types\/post"}],"author":[{"embeddable":true,"href":"https:\/\/www.bestronger.be\/fr\/wp-json\/wp\/v2\/users\/5"}],"replies":[{"embeddable":true,"href":"https:\/\/www.bestronger.be\/fr\/wp-json\/wp\/v2\/comments?post=4632"}],"version-history":[{"count":0,"href":"https:\/\/www.bestronger.be\/fr\/wp-json\/wp\/v2\/posts\/4632\/revisions"}],"wp:featuredmedia":[{"embeddable":true,"href":"https:\/\/www.bestronger.be\/fr\/wp-json\/wp\/v2\/media\/4638"}],"wp:attachment":[{"href":"https:\/\/www.bestronger.be\/fr\/wp-json\/wp\/v2\/media?parent=4632"}],"wp:term":[{"taxonomy":"category","embeddable":true,"href":"https:\/\/www.bestronger.be\/fr\/wp-json\/wp\/v2\/categories?post=4632"},{"taxonomy":"post_tag","embeddable":true,"href":"https:\/\/www.bestronger.be\/fr\/wp-json\/wp\/v2\/tags?post=4632"}],"curies":[{"name":"wp","href":"https:\/\/api.w.org\/{rel}","templated":true}]}}