{"id":5529,"date":"2025-07-11T12:47:40","date_gmt":"2025-07-11T10:47:40","guid":{"rendered":"https:\/\/www.bestronger.be\/assurance-pme-personnalisee\/"},"modified":"2025-07-11T12:47:46","modified_gmt":"2025-07-11T10:47:46","slug":"assurance-pme-personnalisee","status":"publish","type":"post","link":"https:\/\/www.bestronger.be\/fr\/assurance-pme-personnalisee\/","title":{"rendered":"assurance pme personnalis\u00e9e : miser sur la s\u00e9r\u00e9nit\u00e9 sur-mesure"},"content":{"rendered":"<p>L\u2019entrepreneuriat, c\u2019est un parcours sem\u00e9 d\u2019emb\u00fbches, d\u2019espoirs et de challenges. Mais face aux nombreux impr\u00e9vus du monde des affaires, pourquoi souscrire pour une solution g\u00e9n\u00e9rique quand on peut opter pour une <strong>assurance PME personnalis\u00e9e<\/strong>, totalement adapt\u00e9e aux particularit\u00e9s de son activit\u00e9 ? Qu\u2019on dirige une start-up de la French Tech lyonnaise, une entreprise familiale en \u00cele-de-France ou une PME industrielle \u00e0 Lille, chaque structure a ses exigences, ses vuln\u00e9rabilit\u00e9s et ses ressources. Et l\u2019assurance devrait, elle aussi, coller \u00e0 la r\u00e9alit\u00e9 du terrain.<\/p>\n<h2>Assurance pme personnalis\u00e9e : de quoi parle-t-on exactement ?<\/h2>\n<p>On a tous en t\u00eate l\u2019image du contrat d\u2019assurance poussi\u00e9reux, long \u00e0 lire, standardis\u00e9 \u00e0 l\u2019extr\u00eame. Mais la r\u00e9alit\u00e9 \u00e9volue. Aujourd\u2019hui, de nombreux assureurs proposent des garanties \u00e0 la carte, \u00e9labor\u00e9es pour r\u00e9pondre <em>pr\u00e9cis\u00e9ment<\/em> aux besoins des PME. Plut\u00f4t que d\u2019adh\u00e9rer \u00e0 des formules inadapt\u00e9es, le chef d\u2019entreprise peut co-construire, avec son conseiller, un contrat taill\u00e9 sur mesure. L\u2019assurance PME personnalis\u00e9e, c\u2019est donc un package qui s\u2019ajuste finement : garanties responsabilit\u00e9 civile professionnelle, dommages aux biens, protection juridique, perte d\u2019exploitation, cyber-risques\u2026 Rien n\u2019est impos\u00e9, tout se configure, presque comme un abonnement multim\u00e9dia. En d\u2019autres termes, on paie <u>juste pour ce qui compte vraiment<\/u>. C\u2019est d\u2019ailleurs une tendance qui a explos\u00e9 depuis la p\u00e9riode post-Covid, o\u00f9 57% des entrepreneurs affirment avoir r\u00e9\u00e9valu\u00e9 leurs priorit\u00e9s assurantielles (Barom\u00e8tre OpinionWay, 2023).<\/p>\n<h2>Pourquoi chaque pme devrait-elle r\u00e9clamer une couverture sur-mesure ?<\/h2>\n<p>La diversit\u00e9 du tissu \u00e9conomique fran\u00e7ais est remarquable : les PME repr\u00e9sentent 99,8% du nombre d\u2019entreprises (Insee, 2022), mais aucune ne se ressemble. Le risque industriel d\u2019une PME de la fili\u00e8re bois en Dordogne n\u2019a rien \u00e0 voir avec celui d\u2019une agence digitale \u00e0 Paris. Prenons l\u2019exemple \u2013 concret et parlant \u2013 d\u2019une brasserie artisanale \u00e0 Strasbourg. Pour elle, le risque majeur pourrait \u00eatre la contamination bact\u00e9rienne dans la cha\u00eene de production. Pour un bureau d\u2019\u00e9tude, ce sont les attaques informatiques ou la responsabilit\u00e9 professionnelle. Dans ce contexte, imaginer une assurance \u00ab one size fits all \u00bb rel\u00e8ve du non-sens. Pire : ce serait risquer de payer trop cher pour des garanties inutiles, ou, plus grave, de ne pas \u00eatre suffisamment prot\u00e9g\u00e9 quand l\u2019impr\u00e9vu frappe. D\u2019o\u00f9 l\u2019int\u00e9r\u00eat, vital, d\u2019exiger une offre personnalis\u00e9e, pens\u00e9e pour <strong>l\u2019unicit\u00e9<\/strong> de chaque aventure entrepreneuriale !<\/p>\n<h2>Les ingr\u00e9dients cl\u00e9s d\u2019une assurance pme personnalis\u00e9e r\u00e9ussie<\/h2>\n<p>L\u2019efficacit\u00e9 d\u2019un contrat sur mesure repose sur une analyse fine des besoins et des activit\u00e9s. On d\u00e9bute souvent par un audit rigoureux : nombre de salari\u00e9s, valeur des stocks, d\u00e9pendance \u00e0 certains fournisseurs, exposition aux cyber-risques, activit\u00e9 \u00e0 l\u2019international\u2026 Autant de facteurs d\u00e9terminants pour ajuster la couverture. Ensuite, la relation avec un courtier ou un conseiller d\u00e9di\u00e9 prend tout son sens : il joue le r\u00f4le d\u2019architecte, \u00e9cartant les options superflues et int\u00e9grant des extensions utiles que l\u2019on n\u2019aurait pas forc\u00e9ment imagin\u00e9es (couverture du mat\u00e9riel sur les chantiers ext\u00e9rieurs, RC employeur, garantie d\u00e9cenale, etc.). Certaines compagnies exploitent l\u2019analyse de donn\u00e9es locale : elles adaptent les niveaux de protection incendie selon la zone g\u00e9ographique, par exemple. En somme, il s\u2019agit d\u2019allier technologie et expertise de terrain.<\/p>\n<h2>Ce que les dirigeants en disent : t\u00e9moignages, avis, r\u00e9alit\u00e9s<\/h2>\n<p>En janvier 2024, une cheffe d\u2019entreprise dans le textile \u00e0 Villeurbanne nous confiait : \u00ab Auparavant, j\u2019avais un contrat standard, je ne m\u2019\u00e9tais jamais pos\u00e9 de questions\u2026 Puis un d\u00e9g\u00e2t des eaux a gravement endommag\u00e9 notre stock. La prise en charge a \u00e9t\u00e9 laborieuse, incompl\u00e8te car nos sp\u00e9cificit\u00e9s n\u2019avaient pas \u00e9t\u00e9 analys\u00e9es au d\u00e9part. Lorsque j\u2019ai chang\u00e9 pour une assurance sur-mesure, j\u2019ai gagn\u00e9 en s\u00e9r\u00e9nit\u00e9 et surtout, en r\u00e9activit\u00e9. \u00bb Le ton est donn\u00e9 : pour beaucoup, le d\u00e9clic vient apr\u00e8s un impr\u00e9vu. D\u2019autres, plus pr\u00e9voyants, anticipent ces cas de figure. Marie, co-fondatrice d\u2019une start-up logicielle s\u2019appuie, elle, sur une offre personnalis\u00e9e : \u00ab Cela m\u2019a permis de couvrir nos serveurs distants, ce que ne proposait pas le contrat classique, et de souscrire une couvrance cyber \u00e9volutive au fil de notre croissance. \u00bb Les avis r\u00e9cents publi\u00e9s sur les comparateurs d\u2019assurance en ligne illustrent souvent ce point : clart\u00e9, rapidit\u00e9 dans la gestion des sinistres et optimisation des co\u00fbts ressortent parmi les retours positifs. Difficile d\u00e8s lors de revenir aux anciens mod\u00e8les !<\/p>\n<h2>Une opportunit\u00e9 business et un atout concurrentiel<\/h2>\n<p>Au-del\u00e0 du simple confort, choisir une assurance pme personnalis\u00e9e devient, pour certains, un levier strat\u00e9gique. D\u2019abord, cela permet une meilleure projection financi\u00e8re : pas d\u2019exc\u00e8s sur la prime, pas de surprise lors du r\u00e8glement d\u2019un sinistre. Ensuite, cette d\u00e9marche favorise la d\u00e9tection proactive de vuln\u00e9rabilit\u00e9s (cybers\u00e9curit\u00e9, supply chain, \u00e9volutions r\u00e9glementaires). \u00c0 long terme, une PME bien assur\u00e9e rassure aussi ses partenaires, ses banquiers, voire ses clients, qui per\u00e7oivent un gage de s\u00e9rieux et de professionnalisme. Sans parler des avantages internes : moins de temps perdu \u00e0 g\u00e9rer les al\u00e9as assurantiels, plus de focus sur l\u2019essence m\u00eame du m\u00e9tier\u2026 et une tranquillit\u00e9 d\u2019esprit non n\u00e9gligeable pour entreprendre. Faut-il y voir un avantage concurrentiel ? Oui, incontestablement, surtout \u00e0 l\u2019heure o\u00f9 la confiance fait la diff\u00e9rence !<\/p>\n<h2>M\u00e9thodologie : comment choisir son assurance pme personnalis\u00e9e ?<\/h2>\n<p>Face \u00e0 la multiplication des offres, la d\u00e9marche la plus efficace reste d\u2019avancer par \u00e9tapes, avec m\u00e9thode. Premi\u00e8re \u00e9tape incontournable : cartographier \u2013 honn\u00eatement \u2013 les risques propres \u00e0 son entreprise. Attention aux angles morts, ils peuvent co\u00fbter cher. Ensuite, solliciter plusieurs devis, et ne surtout pas h\u00e9siter \u00e0 comparer le d\u00e9tail des garanties, exclusions, franchises et options propos\u00e9es. En 2024, il existe des services d\u2019audit gratuits (ou inclus chez certains courtiers ind\u00e9pendants), qui m\u00e9ritent d\u2019\u00eatre explor\u00e9s pour b\u00e9n\u00e9ficier d\u2019un \u0153il ext\u00e9rieur. Un autre conseil souvent donn\u00e9 sur le terrain : anticiper le d\u00e9veloppement de l\u2019entreprise, car un contrat trop fig\u00e9 peut vite devenir obsol\u00e8te. Enfin, privil\u00e9gier la transparence et la qualit\u00e9 de l\u2019accompagnement humain. Un bon assureur ne se juge pas seulement \u00e0 la prime, mais \u00e0 sa capacit\u00e9 \u00e0 conseiller, \u00e0 suivre le dossier au fil des ann\u00e9es\u2026 et \u00e0 se mobiliser quand survient un p\u00e9pin !<\/p>\n<div class=\"faq\">\n<h3>Quels sont les avantages concrets d&#8217;une assurance PME personnalis\u00e9e ?<\/h3>\n<p>Une assurance sur-mesure optimise la protection en fonction des sp\u00e9cificit\u00e9s de l&#8217;entreprise, \u00e9vite les doublons co\u00fbteux et offre une grande r\u00e9activit\u00e9 en cas de sinistre. Elle permet aussi de piloter ses co\u00fbts de mani\u00e8re pr\u00e9cise.<\/p>\n<h3>Comment s\u2019effectue l\u2019analyse des besoins pour une offre personnalis\u00e9e ?<\/h3>\n<p>Un conseiller ou courtier audite l\u2019activit\u00e9, la localisation, le nombre de salari\u00e9s, la nature des biens \u00e0 assurer et les risques sp\u00e9cifiques du secteur pour identifier les garanties indispensables et ajuster le contrat en cons\u00e9quence.<\/p>\n<h3>Quelle est la diff\u00e9rence entre assurance personnalis\u00e9e et assurance standard ?<\/h3>\n<p>Une assurance standard propose des packages uniformis\u00e9s, parfois inadapt\u00e9s \u00e0 certaines activit\u00e9s, tandis que la solution personnalis\u00e9e s\u2019adapte \u00e0 chaque entreprise pour offrir une couverture sur-mesure, ni plus, ni moins.<\/p>\n<h3>\u00c0 quel moment faut-il revoir son assurance PME personnalis\u00e9e ?<\/h3>\n<p>Lors d\u2019une croissance, d\u2019un changement d\u2019activit\u00e9, d\u2019une embauche importante ou apr\u00e8s un incident marquant. En pratique, un audit annuel est recommand\u00e9 pour rester align\u00e9 avec les \u00e9volutions de l\u2019entreprise.<\/p>\n<h3>L\u2019assurance PME personnalis\u00e9e co\u00fbte-t-elle plus cher ?<\/h3>\n<p>Pas n\u00e9cessairement : en \u00e9liminant les garanties superflues et en adaptant le contrat, on ma\u00eetrise mieux le budget et l\u2019absence de sinistralit\u00e9 injustifi\u00e9e permet parfois de n\u00e9gocier de meilleures conditions dans le temps.<\/p>\n<\/div>\n","protected":false},"excerpt":{"rendered":"<p>L\u2019entrepreneuriat, c\u2019est un parcours sem\u00e9 d\u2019emb\u00fbches, d\u2019espoirs et de challenges. Mais face aux nombreux impr\u00e9vus du monde des affaires, pourquoi souscrire pour une solution g\u00e9n\u00e9rique quand on peut opter pour une assurance PME personnalis\u00e9e, totalement adapt\u00e9e aux particularit\u00e9s de son activit\u00e9 ? Qu\u2019on dirige une start-up de la French Tech lyonnaise, une entreprise familiale en [&hellip;]<\/p>\n","protected":false},"author":1,"featured_media":5530,"comment_status":"closed","ping_status":"open","sticky":false,"template":"","format":"standard","meta":{"footnotes":""},"categories":[1],"tags":[],"class_list":["post-5529","post","type-post","status-publish","format-standard","has-post-thumbnail","hentry","category-non-classifiee"],"yoast_head":"<!-- This site is optimized with the Yoast SEO plugin v27.3 - https:\/\/yoast.com\/product\/yoast-seo-wordpress\/ -->\n<title>Assurance PME personnalis\u00e9e : prot\u00e9gez VOTRE entreprise, pas une autre !<\/title>\n<meta name=\"description\" content=\"D\u00e9couvrez pourquoi l\u2019assurance PME personnalis\u00e9e s\u2019impose en 2024 comme la cl\u00e9 d\u2019une protection optimale et sur-mesure pour chaque entreprise. T\u00e9moignages, conseils, FAQ.\" \/>\n<meta name=\"robots\" content=\"index, follow, max-snippet:-1, max-image-preview:large, max-video-preview:-1\" \/>\n<link rel=\"canonical\" href=\"https:\/\/www.bestronger.be\/fr\/assurance-pme-personnalisee\/\" \/>\n<meta property=\"og:locale\" content=\"fr_FR\" \/>\n<meta property=\"og:type\" content=\"article\" \/>\n<meta property=\"og:title\" content=\"Assurance PME personnalis\u00e9e : prot\u00e9gez VOTRE entreprise, pas une autre !\" \/>\n<meta property=\"og:description\" content=\"D\u00e9couvrez pourquoi l\u2019assurance PME personnalis\u00e9e s\u2019impose en 2024 comme la cl\u00e9 d\u2019une protection optimale et sur-mesure pour chaque entreprise. T\u00e9moignages, conseils, FAQ.\" \/>\n<meta property=\"og:url\" content=\"https:\/\/www.bestronger.be\/fr\/assurance-pme-personnalisee\/\" \/>\n<meta property=\"og:site_name\" content=\"BESTRONGER\" \/>\n<meta property=\"article:published_time\" content=\"2025-07-11T10:47:40+00:00\" \/>\n<meta property=\"article:modified_time\" content=\"2025-07-11T10:47:46+00:00\" \/>\n<meta property=\"og:image\" content=\"https:\/\/www.bestronger.be\/wp-content\/uploads\/2025\/07\/pexels-image-4-scaled.jpg\" \/>\n\t<meta property=\"og:image:width\" content=\"2560\" \/>\n\t<meta property=\"og:image:height\" content=\"1707\" \/>\n\t<meta property=\"og:image:type\" content=\"image\/jpeg\" \/>\n<meta name=\"author\" content=\"ux\" \/>\n<meta name=\"twitter:card\" content=\"summary_large_image\" \/>\n<meta name=\"twitter:label1\" content=\"\u00c9crit par\" \/>\n\t<meta name=\"twitter:data1\" content=\"ux\" \/>\n\t<meta name=\"twitter:label2\" content=\"Dur\u00e9e de lecture estim\u00e9e\" \/>\n\t<meta name=\"twitter:data2\" content=\"7 minutes\" \/>\n<script type=\"application\/ld+json\" class=\"yoast-schema-graph\">{\"@context\":\"https:\\\/\\\/schema.org\",\"@graph\":[{\"@type\":\"Article\",\"@id\":\"https:\\\/\\\/www.bestronger.be\\\/fr\\\/assurance-pme-personnalisee\\\/#article\",\"isPartOf\":{\"@id\":\"https:\\\/\\\/www.bestronger.be\\\/fr\\\/assurance-pme-personnalisee\\\/\"},\"author\":{\"name\":\"ux\",\"@id\":\"https:\\\/\\\/www.bestronger.be\\\/fr\\\/#\\\/schema\\\/person\\\/9b5071f88803a5a401150925e1c85edd\"},\"headline\":\"assurance pme personnalis\u00e9e : miser sur la s\u00e9r\u00e9nit\u00e9 sur-mesure\",\"datePublished\":\"2025-07-11T10:47:40+00:00\",\"dateModified\":\"2025-07-11T10:47:46+00:00\",\"mainEntityOfPage\":{\"@id\":\"https:\\\/\\\/www.bestronger.be\\\/fr\\\/assurance-pme-personnalisee\\\/\"},\"wordCount\":1348,\"publisher\":{\"@id\":\"https:\\\/\\\/www.bestronger.be\\\/fr\\\/#organization\"},\"image\":{\"@id\":\"https:\\\/\\\/www.bestronger.be\\\/fr\\\/assurance-pme-personnalisee\\\/#primaryimage\"},\"thumbnailUrl\":\"https:\\\/\\\/www.bestronger.be\\\/wp-content\\\/uploads\\\/2025\\\/07\\\/pexels-image-4-scaled.jpg\",\"articleSection\":[\"Non classifi\u00e9(e)\"],\"inLanguage\":\"fr-FR\"},{\"@type\":\"WebPage\",\"@id\":\"https:\\\/\\\/www.bestronger.be\\\/fr\\\/assurance-pme-personnalisee\\\/\",\"url\":\"https:\\\/\\\/www.bestronger.be\\\/fr\\\/assurance-pme-personnalisee\\\/\",\"name\":\"Assurance PME personnalis\u00e9e : prot\u00e9gez VOTRE entreprise, pas une autre !\",\"isPartOf\":{\"@id\":\"https:\\\/\\\/www.bestronger.be\\\/fr\\\/#website\"},\"primaryImageOfPage\":{\"@id\":\"https:\\\/\\\/www.bestronger.be\\\/fr\\\/assurance-pme-personnalisee\\\/#primaryimage\"},\"image\":{\"@id\":\"https:\\\/\\\/www.bestronger.be\\\/fr\\\/assurance-pme-personnalisee\\\/#primaryimage\"},\"thumbnailUrl\":\"https:\\\/\\\/www.bestronger.be\\\/wp-content\\\/uploads\\\/2025\\\/07\\\/pexels-image-4-scaled.jpg\",\"datePublished\":\"2025-07-11T10:47:40+00:00\",\"dateModified\":\"2025-07-11T10:47:46+00:00\",\"description\":\"D\u00e9couvrez pourquoi l\u2019assurance PME personnalis\u00e9e s\u2019impose en 2024 comme la cl\u00e9 d\u2019une protection optimale et sur-mesure pour chaque entreprise. T\u00e9moignages, conseils, FAQ.\",\"breadcrumb\":{\"@id\":\"https:\\\/\\\/www.bestronger.be\\\/fr\\\/assurance-pme-personnalisee\\\/#breadcrumb\"},\"inLanguage\":\"fr-FR\",\"potentialAction\":[{\"@type\":\"ReadAction\",\"target\":[\"https:\\\/\\\/www.bestronger.be\\\/fr\\\/assurance-pme-personnalisee\\\/\"]}]},{\"@type\":\"ImageObject\",\"inLanguage\":\"fr-FR\",\"@id\":\"https:\\\/\\\/www.bestronger.be\\\/fr\\\/assurance-pme-personnalisee\\\/#primaryimage\",\"url\":\"https:\\\/\\\/www.bestronger.be\\\/wp-content\\\/uploads\\\/2025\\\/07\\\/pexels-image-4-scaled.jpg\",\"contentUrl\":\"https:\\\/\\\/www.bestronger.be\\\/wp-content\\\/uploads\\\/2025\\\/07\\\/pexels-image-4-scaled.jpg\",\"width\":2560,\"height\":1707},{\"@type\":\"BreadcrumbList\",\"@id\":\"https:\\\/\\\/www.bestronger.be\\\/fr\\\/assurance-pme-personnalisee\\\/#breadcrumb\",\"itemListElement\":[{\"@type\":\"ListItem\",\"position\":1,\"name\":\"Accueil\",\"item\":\"https:\\\/\\\/www.bestronger.be\\\/fr\\\/\"},{\"@type\":\"ListItem\",\"position\":2,\"name\":\"assurance pme personnalis\u00e9e : miser sur la s\u00e9r\u00e9nit\u00e9 sur-mesure\"}]},{\"@type\":\"WebSite\",\"@id\":\"https:\\\/\\\/www.bestronger.be\\\/fr\\\/#website\",\"url\":\"https:\\\/\\\/www.bestronger.be\\\/fr\\\/\",\"name\":\"Be-Stronger\",\"description\":\"LES COURTIERS EN ASSURANCES PROFESSIONNELS AU SERVICE DES ENTREPRISES\",\"publisher\":{\"@id\":\"https:\\\/\\\/www.bestronger.be\\\/fr\\\/#organization\"},\"potentialAction\":[{\"@type\":\"SearchAction\",\"target\":{\"@type\":\"EntryPoint\",\"urlTemplate\":\"https:\\\/\\\/www.bestronger.be\\\/fr\\\/?s={search_term_string}\"},\"query-input\":{\"@type\":\"PropertyValueSpecification\",\"valueRequired\":true,\"valueName\":\"search_term_string\"}}],\"inLanguage\":\"fr-FR\"},{\"@type\":\"Organization\",\"@id\":\"https:\\\/\\\/www.bestronger.be\\\/fr\\\/#organization\",\"name\":\"Be-Stronger\",\"url\":\"https:\\\/\\\/www.bestronger.be\\\/fr\\\/\",\"logo\":{\"@type\":\"ImageObject\",\"inLanguage\":\"fr-FR\",\"@id\":\"https:\\\/\\\/www.bestronger.be\\\/fr\\\/#\\\/schema\\\/logo\\\/image\\\/\",\"url\":\"https:\\\/\\\/www.bestronger.be\\\/wp-content\\\/uploads\\\/2018\\\/06\\\/BeStronger-loading.jpg\",\"contentUrl\":\"https:\\\/\\\/www.bestronger.be\\\/wp-content\\\/uploads\\\/2018\\\/06\\\/BeStronger-loading.jpg\",\"width\":294,\"height\":238,\"caption\":\"Be-Stronger\"},\"image\":{\"@id\":\"https:\\\/\\\/www.bestronger.be\\\/fr\\\/#\\\/schema\\\/logo\\\/image\\\/\"}},{\"@type\":\"Person\",\"@id\":\"https:\\\/\\\/www.bestronger.be\\\/fr\\\/#\\\/schema\\\/person\\\/9b5071f88803a5a401150925e1c85edd\",\"name\":\"ux\",\"image\":{\"@type\":\"ImageObject\",\"inLanguage\":\"fr-FR\",\"@id\":\"https:\\\/\\\/secure.gravatar.com\\\/avatar\\\/55910fdda0e0c45554b3096ceaae8625f4b22c21afd0dceb3d417810a4125655?s=96&d=mm&r=g\",\"url\":\"https:\\\/\\\/secure.gravatar.com\\\/avatar\\\/55910fdda0e0c45554b3096ceaae8625f4b22c21afd0dceb3d417810a4125655?s=96&d=mm&r=g\",\"contentUrl\":\"https:\\\/\\\/secure.gravatar.com\\\/avatar\\\/55910fdda0e0c45554b3096ceaae8625f4b22c21afd0dceb3d417810a4125655?s=96&d=mm&r=g\",\"caption\":\"ux\"}}]}<\/script>\n<!-- \/ Yoast SEO plugin. -->","yoast_head_json":{"title":"Assurance PME personnalis\u00e9e : prot\u00e9gez VOTRE entreprise, pas une autre !","description":"D\u00e9couvrez pourquoi l\u2019assurance PME personnalis\u00e9e s\u2019impose en 2024 comme la cl\u00e9 d\u2019une protection optimale et sur-mesure pour chaque entreprise. T\u00e9moignages, conseils, FAQ.","robots":{"index":"index","follow":"follow","max-snippet":"max-snippet:-1","max-image-preview":"max-image-preview:large","max-video-preview":"max-video-preview:-1"},"canonical":"https:\/\/www.bestronger.be\/fr\/assurance-pme-personnalisee\/","og_locale":"fr_FR","og_type":"article","og_title":"Assurance PME personnalis\u00e9e : prot\u00e9gez VOTRE entreprise, pas une autre !","og_description":"D\u00e9couvrez pourquoi l\u2019assurance PME personnalis\u00e9e s\u2019impose en 2024 comme la cl\u00e9 d\u2019une protection optimale et sur-mesure pour chaque entreprise. T\u00e9moignages, conseils, FAQ.","og_url":"https:\/\/www.bestronger.be\/fr\/assurance-pme-personnalisee\/","og_site_name":"BESTRONGER","article_published_time":"2025-07-11T10:47:40+00:00","article_modified_time":"2025-07-11T10:47:46+00:00","og_image":[{"width":2560,"height":1707,"url":"https:\/\/www.bestronger.be\/wp-content\/uploads\/2025\/07\/pexels-image-4-scaled.jpg","type":"image\/jpeg"}],"author":"ux","twitter_card":"summary_large_image","twitter_misc":{"\u00c9crit par":"ux","Dur\u00e9e de lecture estim\u00e9e":"7 minutes"},"schema":{"@context":"https:\/\/schema.org","@graph":[{"@type":"Article","@id":"https:\/\/www.bestronger.be\/fr\/assurance-pme-personnalisee\/#article","isPartOf":{"@id":"https:\/\/www.bestronger.be\/fr\/assurance-pme-personnalisee\/"},"author":{"name":"ux","@id":"https:\/\/www.bestronger.be\/fr\/#\/schema\/person\/9b5071f88803a5a401150925e1c85edd"},"headline":"assurance pme personnalis\u00e9e : miser sur la s\u00e9r\u00e9nit\u00e9 sur-mesure","datePublished":"2025-07-11T10:47:40+00:00","dateModified":"2025-07-11T10:47:46+00:00","mainEntityOfPage":{"@id":"https:\/\/www.bestronger.be\/fr\/assurance-pme-personnalisee\/"},"wordCount":1348,"publisher":{"@id":"https:\/\/www.bestronger.be\/fr\/#organization"},"image":{"@id":"https:\/\/www.bestronger.be\/fr\/assurance-pme-personnalisee\/#primaryimage"},"thumbnailUrl":"https:\/\/www.bestronger.be\/wp-content\/uploads\/2025\/07\/pexels-image-4-scaled.jpg","articleSection":["Non classifi\u00e9(e)"],"inLanguage":"fr-FR"},{"@type":"WebPage","@id":"https:\/\/www.bestronger.be\/fr\/assurance-pme-personnalisee\/","url":"https:\/\/www.bestronger.be\/fr\/assurance-pme-personnalisee\/","name":"Assurance PME personnalis\u00e9e : prot\u00e9gez VOTRE entreprise, pas une autre !","isPartOf":{"@id":"https:\/\/www.bestronger.be\/fr\/#website"},"primaryImageOfPage":{"@id":"https:\/\/www.bestronger.be\/fr\/assurance-pme-personnalisee\/#primaryimage"},"image":{"@id":"https:\/\/www.bestronger.be\/fr\/assurance-pme-personnalisee\/#primaryimage"},"thumbnailUrl":"https:\/\/www.bestronger.be\/wp-content\/uploads\/2025\/07\/pexels-image-4-scaled.jpg","datePublished":"2025-07-11T10:47:40+00:00","dateModified":"2025-07-11T10:47:46+00:00","description":"D\u00e9couvrez pourquoi l\u2019assurance PME personnalis\u00e9e s\u2019impose en 2024 comme la cl\u00e9 d\u2019une protection optimale et sur-mesure pour chaque entreprise. T\u00e9moignages, conseils, FAQ.","breadcrumb":{"@id":"https:\/\/www.bestronger.be\/fr\/assurance-pme-personnalisee\/#breadcrumb"},"inLanguage":"fr-FR","potentialAction":[{"@type":"ReadAction","target":["https:\/\/www.bestronger.be\/fr\/assurance-pme-personnalisee\/"]}]},{"@type":"ImageObject","inLanguage":"fr-FR","@id":"https:\/\/www.bestronger.be\/fr\/assurance-pme-personnalisee\/#primaryimage","url":"https:\/\/www.bestronger.be\/wp-content\/uploads\/2025\/07\/pexels-image-4-scaled.jpg","contentUrl":"https:\/\/www.bestronger.be\/wp-content\/uploads\/2025\/07\/pexels-image-4-scaled.jpg","width":2560,"height":1707},{"@type":"BreadcrumbList","@id":"https:\/\/www.bestronger.be\/fr\/assurance-pme-personnalisee\/#breadcrumb","itemListElement":[{"@type":"ListItem","position":1,"name":"Accueil","item":"https:\/\/www.bestronger.be\/fr\/"},{"@type":"ListItem","position":2,"name":"assurance pme personnalis\u00e9e : miser sur la s\u00e9r\u00e9nit\u00e9 sur-mesure"}]},{"@type":"WebSite","@id":"https:\/\/www.bestronger.be\/fr\/#website","url":"https:\/\/www.bestronger.be\/fr\/","name":"Be-Stronger","description":"LES COURTIERS EN ASSURANCES PROFESSIONNELS AU SERVICE DES ENTREPRISES","publisher":{"@id":"https:\/\/www.bestronger.be\/fr\/#organization"},"potentialAction":[{"@type":"SearchAction","target":{"@type":"EntryPoint","urlTemplate":"https:\/\/www.bestronger.be\/fr\/?s={search_term_string}"},"query-input":{"@type":"PropertyValueSpecification","valueRequired":true,"valueName":"search_term_string"}}],"inLanguage":"fr-FR"},{"@type":"Organization","@id":"https:\/\/www.bestronger.be\/fr\/#organization","name":"Be-Stronger","url":"https:\/\/www.bestronger.be\/fr\/","logo":{"@type":"ImageObject","inLanguage":"fr-FR","@id":"https:\/\/www.bestronger.be\/fr\/#\/schema\/logo\/image\/","url":"https:\/\/www.bestronger.be\/wp-content\/uploads\/2018\/06\/BeStronger-loading.jpg","contentUrl":"https:\/\/www.bestronger.be\/wp-content\/uploads\/2018\/06\/BeStronger-loading.jpg","width":294,"height":238,"caption":"Be-Stronger"},"image":{"@id":"https:\/\/www.bestronger.be\/fr\/#\/schema\/logo\/image\/"}},{"@type":"Person","@id":"https:\/\/www.bestronger.be\/fr\/#\/schema\/person\/9b5071f88803a5a401150925e1c85edd","name":"ux","image":{"@type":"ImageObject","inLanguage":"fr-FR","@id":"https:\/\/secure.gravatar.com\/avatar\/55910fdda0e0c45554b3096ceaae8625f4b22c21afd0dceb3d417810a4125655?s=96&d=mm&r=g","url":"https:\/\/secure.gravatar.com\/avatar\/55910fdda0e0c45554b3096ceaae8625f4b22c21afd0dceb3d417810a4125655?s=96&d=mm&r=g","contentUrl":"https:\/\/secure.gravatar.com\/avatar\/55910fdda0e0c45554b3096ceaae8625f4b22c21afd0dceb3d417810a4125655?s=96&d=mm&r=g","caption":"ux"}}]}},"_links":{"self":[{"href":"https:\/\/www.bestronger.be\/fr\/wp-json\/wp\/v2\/posts\/5529","targetHints":{"allow":["GET"]}}],"collection":[{"href":"https:\/\/www.bestronger.be\/fr\/wp-json\/wp\/v2\/posts"}],"about":[{"href":"https:\/\/www.bestronger.be\/fr\/wp-json\/wp\/v2\/types\/post"}],"author":[{"embeddable":true,"href":"https:\/\/www.bestronger.be\/fr\/wp-json\/wp\/v2\/users\/1"}],"replies":[{"embeddable":true,"href":"https:\/\/www.bestronger.be\/fr\/wp-json\/wp\/v2\/comments?post=5529"}],"version-history":[{"count":1,"href":"https:\/\/www.bestronger.be\/fr\/wp-json\/wp\/v2\/posts\/5529\/revisions"}],"predecessor-version":[{"id":5532,"href":"https:\/\/www.bestronger.be\/fr\/wp-json\/wp\/v2\/posts\/5529\/revisions\/5532"}],"wp:featuredmedia":[{"embeddable":true,"href":"https:\/\/www.bestronger.be\/fr\/wp-json\/wp\/v2\/media\/5530"}],"wp:attachment":[{"href":"https:\/\/www.bestronger.be\/fr\/wp-json\/wp\/v2\/media?parent=5529"}],"wp:term":[{"taxonomy":"category","embeddable":true,"href":"https:\/\/www.bestronger.be\/fr\/wp-json\/wp\/v2\/categories?post=5529"},{"taxonomy":"post_tag","embeddable":true,"href":"https:\/\/www.bestronger.be\/fr\/wp-json\/wp\/v2\/tags?post=5529"}],"curies":[{"name":"wp","href":"https:\/\/api.w.org\/{rel}","templated":true}]}}