{"id":5533,"date":"2025-01-11T12:55:12","date_gmt":"2025-01-11T11:55:12","guid":{"rendered":"https:\/\/www.bestronger.be\/?p=5533"},"modified":"2025-07-11T12:55:23","modified_gmt":"2025-07-11T10:55:23","slug":"assurance-pme-personnalisee-bien-plus-quune-simple-protection","status":"publish","type":"post","link":"https:\/\/www.bestronger.be\/fr\/assurance-pme-personnalisee-bien-plus-quune-simple-protection\/","title":{"rendered":"Assurance PME personnalis\u00e9e : bien plus qu\u2019une simple protection"},"content":{"rendered":"<p>Chaque PME est unique. \u00c0 partir de l\u00e0, il semble presque \u00e9vident qu\u2019une assurance standard ne suffira jamais vraiment \u00e0 couvrir l\u2019ensemble des risques d\u2019une entreprise qui avance, innove, et s\u2019adapte au quotidien. Pourtant, combien de dirigeants se contentent encore d\u2019un package tout fait, sans prendre le temps de r\u00e9fl\u00e9chir \u00e0 ce qui compte vraiment pour eux\u2009? C\u2019est l\u00e0 que l\u2019assurance PME personnalis\u00e9e change tout. Derri\u00e8re ce terme, parfois un peu technique, se cache une d\u00e9marche tr\u00e8s concr\u00e8te, souvent pragmatique, qui peut litt\u00e9ralement sauver une entreprise au moment o\u00f9 elle en a le plus besoin. Prenons le temps d\u2019explorer pourquoi et comment cette solution s\u2019impose de plus en plus dans le paysage entrepreneurial belge, et au-del\u00e0.<\/p>\n<h2>Pourquoi opter pour une assurance sur mesure quand on est une PME\u2009?<\/h2>\n<p>La tentation de faire simple est forte\u2009: choisir la m\u00eame assurance que le voisin, accepter le contrat du banquier, se dire que \u00ab\u2009\u00e7a ira bien comme \u00e7a\u2009\u00bb. Mais il suffit de discuter avec des chefs d\u2019entreprise qui ont v\u00e9cu un sinistre pour comprendre \u00e0 quel point chaque activit\u00e9 rec\u00e8le ses propres risques. En 2024, une \u00e9tude men\u00e9e aupr\u00e8s de PME bruxelloises r\u00e9v\u00e9lait que 42\u00a0% des entrepreneurs n\u2019avaient pas conscience de ne pas \u00eatre couverts pour certains sinistres majeurs comme le cyber-risque ou l\u2019interruption d\u2019activit\u00e9. Imaginez un instant : vous investissez dans du mat\u00e9riel informatique, vous embauchez, vous d\u00e9veloppez une offre de services innovante, et un jour, tout s\u2019arr\u00eate \u00e0 cause d\u2019un d\u00e9g\u00e2t des eaux, d\u2019une panne serveur ou d\u2019un accident du travail. La question n\u2019est pas seulement \u00ab\u00a0suis-je assur\u00e9\u00a0?\u00a0\u00bb, mais \u00ab\u00a0suis-je bien assur\u00e9 pour ce qui peut r\u00e9ellement m\u2019arriver, \u00e0 moi\u2009?\u00a0\u00bb<\/p>\n<h2>Des exemples concrets : l\u2019assurance PME personnalis\u00e9e au quotidien<\/h2>\n<p>Prenons l\u2019exemple d\u2019une soci\u00e9t\u00e9 de transport bas\u00e9e \u00e0 Namur. Son activit\u00e9 s\u2019\u00e9tend sur toute la Wallonie, avec une flotte de v\u00e9hicules et des salari\u00e9s souvent sur la route. Le risque d\u2019accident, de vol ou m\u00eame de litige avec des clients est tr\u00e8s pr\u00e9sent. Le dirigeant, apr\u00e8s quelques ann\u00e9es, d\u00e9cide de revoir son contrat d\u2019assurance. Il s\u2019aper\u00e7oit que la protection initiale n\u2019incluait pas l\u2019assistance juridique en cas de litige avec les collectivit\u00e9s locales \u2013 alors que ce cas de figure s\u2019est justement pr\u00e9sent\u00e9 fin 2023. R\u00e9sultat : sans cette option, la PME aurait d\u00fb assumer seule des frais juridiques \u00e9lev\u00e9s, voire un arr\u00eat temporaire d\u2019activit\u00e9. \u00c0 l\u2019inverse, une start-up sp\u00e9cialis\u00e9e dans le d\u00e9veloppement de logiciels a mis\u00e9 tr\u00e8s t\u00f4t sur la cyber-assurance, avec une garantie pertes d\u2019exploitation. Quand une cyberattaque paralyse l\u2019ensemble du syst\u00e8me, en mars 2024, la prise en charge rapide des pertes et la gestion de crise fournie par l\u2019assureur ont permis de limiter la casse et de rassurer les clients. \u00c0 chaque fois, le choix d\u2019une assurance personnalis\u00e9e a fait la diff\u00e9rence.<\/p>\n<h2>Quelles garanties privil\u00e9gier\u2009? La question qui f\u00e2che\u2026 ou qui sauve<\/h2>\n<p>On aimerait tous que l\u2019assurance soit simple. Malheureusement, le diable est dans les d\u00e9tails. Pour une PME, la question n\u2019est pas seulement \u00ab\u00a0quelle garantie dois-je prendre\u2009?\u00a0\u00bb, mais \u00ab\u00a0qu\u2019est-ce qui est r\u00e9ellement pertinent pour moi aujourd\u2019hui\u2009?\u00a0\u00bb. \u00c0 Li\u00e8ge, un commer\u00e7ant du centre-ville expliquait r\u00e9cemment qu\u2019il pensait surtout \u00e0 se couvrir contre le vol, alors qu\u2019un d\u00e9g\u00e2t des eaux a d\u00e9truit une partie de son stock : \u00ab\u00a0Je n\u2019avais pas pens\u00e9 \u00e0 cette option, c\u2019est mon courtier qui a insist\u00e9. Heureusement, sinon je n\u2019aurais pas rouvert aussi vite.\u00a0\u00bb Selon le secteur, la taille, les ambitions ou m\u00eame la saisonnalit\u00e9, le niveau de personnalisation change du tout au tout. Ce n\u2019est pas une liste exhaustive, mais on retrouve presque toujours : la responsabilit\u00e9 civile professionnelle, la protection du local et du mat\u00e9riel, la garantie perte d\u2019exploitation, l\u2019assurance cyber, la couverture juridique, voire la couverture des hommes cl\u00e9s de l\u2019entreprise. Faut-il tout prendre\u2009? Non, mais il faut que chaque garantie ait du sens et qu\u2019elle soit coh\u00e9rente avec l\u2019\u00e9volution de l\u2019activit\u00e9.<\/p>\n<h2>La relation avec le courtier ou l\u2019assureur : un partenaire, pas un simple vendeur<\/h2>\n<p>On a tendance \u00e0 l\u2019oublier, mais l\u2019assurance PME personnalis\u00e9e, c\u2019est avant tout une question de relation humaine. Un bon assureur (ou un courtier local) conna\u00eet la r\u00e9gion, sait anticiper les nouveaux risques, et adapte son accompagnement au fil du temps. Plusieurs entrepreneurs belges rencontr\u00e9s \u00e0 la Foire de Libramont en 2023 partagent le m\u00eame constat : \u00ab\u00a0Ce n\u2019est jamais au moment de la signature que tu vois la diff\u00e9rence, c\u2019est le jour o\u00f9 il y a un probl\u00e8me.\u00a0\u00bb Certains courtiers vont m\u00eame plus loin, proposant des bilans de risques r\u00e9guliers, des points annuels, des alertes personnalis\u00e9es en fonction de l\u2019actualit\u00e9 (par exemple, des conseils en cas de cyberattaques en hausse ou de ph\u00e9nom\u00e8nes m\u00e9t\u00e9orologiques exceptionnels). L\u2019accompagnement et la r\u00e9activit\u00e9 comptent parfois plus que la prime elle-m\u00eame. D\u2019ailleurs, dans plusieurs sondages r\u00e9cents, la satisfaction des entrepreneurs envers leur assurance est \u00e9troitement li\u00e9e \u00e0 la qualit\u00e9 du suivi, \u00e0 la capacit\u00e9 d\u2019expliquer clairement les exclusions\u2026 et \u00e0 la rapidit\u00e9 des indemnisations.<\/p>\n<h2>Combien \u00e7a co\u00fbte r\u00e9ellement\u2009? Et comment optimiser le budget\u2009?<\/h2>\n<p>Voici la vraie question que tout le monde se pose, mais rarement \u00e0 voix haute. L\u2019id\u00e9e re\u00e7ue veut qu\u2019une assurance personnalis\u00e9e co\u00fbte forc\u00e9ment plus cher. Faux. Bien g\u00e9r\u00e9e, une couverture sur mesure est souvent mieux calibr\u00e9e, donc moins on\u00e9reuse \u00e0 long terme qu\u2019un package g\u00e9n\u00e9rique o\u00f9 l\u2019on paie des garanties inutiles. Sur le terrain, selon la F\u00e9d\u00e9ration des PME de Wallonie, le budget moyen oscille entre 800 et 2500\u00a0\u20ac par an, mais certains secteurs plus risqu\u00e9s, comme le b\u00e2timent ou le transport, d\u00e9passent ce plafond. L\u2019essentiel est d\u2019auditer r\u00e9guli\u00e8rement les contrats, de comparer les offres, d\u2019oser n\u00e9gocier les franchises et de supprimer les doublons. Et surtout : n\u2019attendez pas le renouvellement annuel pour tout revoir. D\u00e8s qu\u2019un changement intervient (embauche, investissement, nouveau service), il faut penser assurance. Parce qu\u2019un risque non couvert, m\u00eame \u00ab\u00a0juste cette ann\u00e9e\u00a0\u00bb, peut co\u00fbter bien plus cher qu\u2019on ne l\u2019imagine.<\/p>\n<h2>Le virage du digital, sans n\u00e9gliger l\u2019humain<\/h2>\n<p>En 2024, impossible de parler assurance sans \u00e9voquer la r\u00e9volution num\u00e9rique. Oui, on peut d\u00e9sormais faire son devis en ligne, g\u00e9rer ses sinistres depuis une appli mobile, recevoir des alertes personnalis\u00e9es en cas de temp\u00eate annonc\u00e9e ou de faille de s\u00e9curit\u00e9 d\u00e9tect\u00e9e. C\u2019est utile. Mais soyons honn\u00eates, une assurance PME personnalis\u00e9e exige toujours ce contact direct, ce conseil \u00e9clair\u00e9, surtout lorsque la vie de l\u2019entreprise d\u00e9pend d\u2019une indemnisation rapide ou d\u2019une analyse de risque pointue. Le digital simplifie la gestion, certes, mais l\u2019expertise de terrain, la connaissance du tissu local et le dialogue restent irrempla\u00e7ables. \u00c0 chacun de trouver le bon \u00e9quilibre entre modernit\u00e9 et relation humaine. On pourrait presque dire : la meilleure assurance, c\u2019est celle qui s\u2019adapte autant \u00e0 l\u2019\u00e9volution de l\u2019entreprise qu\u2019\u00e0 celle de son dirigeant.<\/p>\n<h2>FAQ<\/h2>\n<h3>Quels sont les avantages concrets d\u2019une assurance PME personnalis\u00e9e\u2009?<\/h3>\n<p>Une assurance sur mesure permet d\u2019\u00e9viter les trous de couverture et de cibler exactement les risques qui menacent votre activit\u00e9, tout en optimisant les co\u00fbts en \u00e9liminant les garanties superflues.<\/p>\n<h3>Comment faire \u00e9voluer son contrat d\u2019assurance au fil du temps\u2009?<\/h3>\n<p>Il est recommand\u00e9 de faire un point r\u00e9gulier avec son courtier ou assureur, surtout apr\u00e8s chaque changement majeur dans l\u2019entreprise (nouveaux locaux, recrutement, nouveaux produits ou services).<\/p>\n<h3>Que faire si je d\u00e9couvre un sinistre non couvert\u2009?<\/h3>\n<p>Contactez imm\u00e9diatement votre assureur pour v\u00e9rifier toutes les possibilit\u00e9s. Parfois, des extensions temporaires ou des n\u00e9gociations sont envisageables. Mais l\u2019id\u00e9al reste l\u2019anticipation.<\/p>\n<h3>L\u2019assurance PME personnalis\u00e9e est-elle adapt\u00e9e \u00e0 tous les secteurs d\u2019activit\u00e9\u2009?<\/h3>\n<p>Oui, car chaque secteur pr\u00e9sente ses propres risques. Les besoins d\u2019un restaurateur diff\u00e8rent de ceux d\u2019un artisan ou d\u2019une agence digitale : d\u2019o\u00f9 l\u2019int\u00e9r\u00eat d\u2019un contrat modulable.<\/p>\n<h3>Comment choisir entre assurance en ligne et courtier de proximit\u00e9\u2009?<\/h3>\n<p>Tout d\u00e9pend de vos attentes. L\u2019assurance en ligne est rapide et pratique pour les garanties de base, mais un courtier local offre une expertise et un suivi personnalis\u00e9s, pr\u00e9cieux en cas de sinistre complexe.<\/p>\n","protected":false},"excerpt":{"rendered":"<p>Chaque PME est unique. \u00c0 partir de l\u00e0, il semble presque \u00e9vident qu\u2019une assurance standard ne suffira jamais vraiment \u00e0 couvrir l\u2019ensemble des risques d\u2019une entreprise qui avance, innove, et s\u2019adapte au quotidien. Pourtant, combien de dirigeants se contentent encore d\u2019un package tout fait, sans prendre le temps de r\u00e9fl\u00e9chir \u00e0 ce qui compte vraiment [&hellip;]<\/p>\n","protected":false},"author":1,"featured_media":5415,"comment_status":"closed","ping_status":"closed","sticky":false,"template":"","format":"standard","meta":{"footnotes":""},"categories":[19],"tags":[],"class_list":["post-5533","post","type-post","status-publish","format-standard","has-post-thumbnail","hentry","category-actualites"],"yoast_head":"<!-- This site is optimized with the Yoast SEO plugin v27.3 - https:\/\/yoast.com\/product\/yoast-seo-wordpress\/ -->\n<title>Assurance PME personnalis\u00e9e : conseils, exemples et bonnes pratiques<\/title>\n<meta name=\"description\" content=\"Pourquoi choisir une assurance PME personnalis\u00e9e\u2009? Exemples concrets, avis, conseils de terrain et FAQ pour assurer efficacement votre entreprise en Belgique.\" \/>\n<meta name=\"robots\" content=\"index, follow, max-snippet:-1, max-image-preview:large, max-video-preview:-1\" \/>\n<link rel=\"canonical\" href=\"https:\/\/www.bestronger.be\/fr\/assurance-pme-personnalisee-bien-plus-quune-simple-protection\/\" \/>\n<meta property=\"og:locale\" content=\"fr_FR\" \/>\n<meta property=\"og:type\" content=\"article\" \/>\n<meta property=\"og:title\" content=\"Assurance PME personnalis\u00e9e : conseils, exemples et bonnes pratiques\" \/>\n<meta property=\"og:description\" content=\"Pourquoi choisir une assurance PME personnalis\u00e9e\u2009? Exemples concrets, avis, conseils de terrain et FAQ pour assurer efficacement votre entreprise en Belgique.\" \/>\n<meta property=\"og:url\" content=\"https:\/\/www.bestronger.be\/fr\/assurance-pme-personnalisee-bien-plus-quune-simple-protection\/\" \/>\n<meta property=\"og:site_name\" content=\"BESTRONGER\" \/>\n<meta property=\"article:published_time\" content=\"2025-01-11T11:55:12+00:00\" \/>\n<meta property=\"article:modified_time\" content=\"2025-07-11T10:55:23+00:00\" \/>\n<meta property=\"og:image\" content=\"https:\/\/www.bestronger.be\/wp-content\/uploads\/2025\/06\/pexels-image-2-scaled.jpg\" \/>\n\t<meta property=\"og:image:width\" content=\"2560\" \/>\n\t<meta property=\"og:image:height\" content=\"1707\" \/>\n\t<meta property=\"og:image:type\" content=\"image\/jpeg\" \/>\n<meta name=\"author\" content=\"ux\" \/>\n<meta name=\"twitter:card\" content=\"summary_large_image\" \/>\n<meta name=\"twitter:label1\" content=\"\u00c9crit par\" \/>\n\t<meta name=\"twitter:data1\" content=\"ux\" \/>\n\t<meta name=\"twitter:label2\" content=\"Dur\u00e9e de lecture estim\u00e9e\" \/>\n\t<meta name=\"twitter:data2\" content=\"7 minutes\" \/>\n<script type=\"application\/ld+json\" class=\"yoast-schema-graph\">{\"@context\":\"https:\\\/\\\/schema.org\",\"@graph\":[{\"@type\":\"Article\",\"@id\":\"https:\\\/\\\/www.bestronger.be\\\/fr\\\/assurance-pme-personnalisee-bien-plus-quune-simple-protection\\\/#article\",\"isPartOf\":{\"@id\":\"https:\\\/\\\/www.bestronger.be\\\/fr\\\/assurance-pme-personnalisee-bien-plus-quune-simple-protection\\\/\"},\"author\":{\"name\":\"ux\",\"@id\":\"https:\\\/\\\/www.bestronger.be\\\/fr\\\/#\\\/schema\\\/person\\\/9b5071f88803a5a401150925e1c85edd\"},\"headline\":\"Assurance PME personnalis\u00e9e : bien plus qu\u2019une simple protection\",\"datePublished\":\"2025-01-11T11:55:12+00:00\",\"dateModified\":\"2025-07-11T10:55:23+00:00\",\"mainEntityOfPage\":{\"@id\":\"https:\\\/\\\/www.bestronger.be\\\/fr\\\/assurance-pme-personnalisee-bien-plus-quune-simple-protection\\\/\"},\"wordCount\":1484,\"publisher\":{\"@id\":\"https:\\\/\\\/www.bestronger.be\\\/fr\\\/#organization\"},\"image\":{\"@id\":\"https:\\\/\\\/www.bestronger.be\\\/fr\\\/assurance-pme-personnalisee-bien-plus-quune-simple-protection\\\/#primaryimage\"},\"thumbnailUrl\":\"https:\\\/\\\/www.bestronger.be\\\/wp-content\\\/uploads\\\/2025\\\/06\\\/pexels-image-2-scaled.jpg\",\"articleSection\":[\"Actualit\u00e9s\"],\"inLanguage\":\"fr-FR\"},{\"@type\":\"WebPage\",\"@id\":\"https:\\\/\\\/www.bestronger.be\\\/fr\\\/assurance-pme-personnalisee-bien-plus-quune-simple-protection\\\/\",\"url\":\"https:\\\/\\\/www.bestronger.be\\\/fr\\\/assurance-pme-personnalisee-bien-plus-quune-simple-protection\\\/\",\"name\":\"Assurance PME personnalis\u00e9e : conseils, exemples et bonnes pratiques\",\"isPartOf\":{\"@id\":\"https:\\\/\\\/www.bestronger.be\\\/fr\\\/#website\"},\"primaryImageOfPage\":{\"@id\":\"https:\\\/\\\/www.bestronger.be\\\/fr\\\/assurance-pme-personnalisee-bien-plus-quune-simple-protection\\\/#primaryimage\"},\"image\":{\"@id\":\"https:\\\/\\\/www.bestronger.be\\\/fr\\\/assurance-pme-personnalisee-bien-plus-quune-simple-protection\\\/#primaryimage\"},\"thumbnailUrl\":\"https:\\\/\\\/www.bestronger.be\\\/wp-content\\\/uploads\\\/2025\\\/06\\\/pexels-image-2-scaled.jpg\",\"datePublished\":\"2025-01-11T11:55:12+00:00\",\"dateModified\":\"2025-07-11T10:55:23+00:00\",\"description\":\"Pourquoi choisir une assurance PME personnalis\u00e9e\u2009? Exemples concrets, avis, conseils de terrain et FAQ pour assurer efficacement votre entreprise en Belgique.\",\"breadcrumb\":{\"@id\":\"https:\\\/\\\/www.bestronger.be\\\/fr\\\/assurance-pme-personnalisee-bien-plus-quune-simple-protection\\\/#breadcrumb\"},\"inLanguage\":\"fr-FR\",\"potentialAction\":[{\"@type\":\"ReadAction\",\"target\":[\"https:\\\/\\\/www.bestronger.be\\\/fr\\\/assurance-pme-personnalisee-bien-plus-quune-simple-protection\\\/\"]}]},{\"@type\":\"ImageObject\",\"inLanguage\":\"fr-FR\",\"@id\":\"https:\\\/\\\/www.bestronger.be\\\/fr\\\/assurance-pme-personnalisee-bien-plus-quune-simple-protection\\\/#primaryimage\",\"url\":\"https:\\\/\\\/www.bestronger.be\\\/wp-content\\\/uploads\\\/2025\\\/06\\\/pexels-image-2-scaled.jpg\",\"contentUrl\":\"https:\\\/\\\/www.bestronger.be\\\/wp-content\\\/uploads\\\/2025\\\/06\\\/pexels-image-2-scaled.jpg\",\"width\":2560,\"height\":1707},{\"@type\":\"BreadcrumbList\",\"@id\":\"https:\\\/\\\/www.bestronger.be\\\/fr\\\/assurance-pme-personnalisee-bien-plus-quune-simple-protection\\\/#breadcrumb\",\"itemListElement\":[{\"@type\":\"ListItem\",\"position\":1,\"name\":\"Accueil\",\"item\":\"https:\\\/\\\/www.bestronger.be\\\/fr\\\/\"},{\"@type\":\"ListItem\",\"position\":2,\"name\":\"Assurance PME personnalis\u00e9e : bien plus qu\u2019une simple protection\"}]},{\"@type\":\"WebSite\",\"@id\":\"https:\\\/\\\/www.bestronger.be\\\/fr\\\/#website\",\"url\":\"https:\\\/\\\/www.bestronger.be\\\/fr\\\/\",\"name\":\"Be-Stronger\",\"description\":\"LES COURTIERS EN ASSURANCES PROFESSIONNELS AU SERVICE DES ENTREPRISES\",\"publisher\":{\"@id\":\"https:\\\/\\\/www.bestronger.be\\\/fr\\\/#organization\"},\"potentialAction\":[{\"@type\":\"SearchAction\",\"target\":{\"@type\":\"EntryPoint\",\"urlTemplate\":\"https:\\\/\\\/www.bestronger.be\\\/fr\\\/?s={search_term_string}\"},\"query-input\":{\"@type\":\"PropertyValueSpecification\",\"valueRequired\":true,\"valueName\":\"search_term_string\"}}],\"inLanguage\":\"fr-FR\"},{\"@type\":\"Organization\",\"@id\":\"https:\\\/\\\/www.bestronger.be\\\/fr\\\/#organization\",\"name\":\"Be-Stronger\",\"url\":\"https:\\\/\\\/www.bestronger.be\\\/fr\\\/\",\"logo\":{\"@type\":\"ImageObject\",\"inLanguage\":\"fr-FR\",\"@id\":\"https:\\\/\\\/www.bestronger.be\\\/fr\\\/#\\\/schema\\\/logo\\\/image\\\/\",\"url\":\"https:\\\/\\\/www.bestronger.be\\\/wp-content\\\/uploads\\\/2018\\\/06\\\/BeStronger-loading.jpg\",\"contentUrl\":\"https:\\\/\\\/www.bestronger.be\\\/wp-content\\\/uploads\\\/2018\\\/06\\\/BeStronger-loading.jpg\",\"width\":294,\"height\":238,\"caption\":\"Be-Stronger\"},\"image\":{\"@id\":\"https:\\\/\\\/www.bestronger.be\\\/fr\\\/#\\\/schema\\\/logo\\\/image\\\/\"}},{\"@type\":\"Person\",\"@id\":\"https:\\\/\\\/www.bestronger.be\\\/fr\\\/#\\\/schema\\\/person\\\/9b5071f88803a5a401150925e1c85edd\",\"name\":\"ux\",\"image\":{\"@type\":\"ImageObject\",\"inLanguage\":\"fr-FR\",\"@id\":\"https:\\\/\\\/secure.gravatar.com\\\/avatar\\\/55910fdda0e0c45554b3096ceaae8625f4b22c21afd0dceb3d417810a4125655?s=96&d=mm&r=g\",\"url\":\"https:\\\/\\\/secure.gravatar.com\\\/avatar\\\/55910fdda0e0c45554b3096ceaae8625f4b22c21afd0dceb3d417810a4125655?s=96&d=mm&r=g\",\"contentUrl\":\"https:\\\/\\\/secure.gravatar.com\\\/avatar\\\/55910fdda0e0c45554b3096ceaae8625f4b22c21afd0dceb3d417810a4125655?s=96&d=mm&r=g\",\"caption\":\"ux\"}}]}<\/script>\n<!-- \/ Yoast SEO plugin. -->","yoast_head_json":{"title":"Assurance PME personnalis\u00e9e : conseils, exemples et bonnes pratiques","description":"Pourquoi choisir une assurance PME personnalis\u00e9e\u2009? Exemples concrets, avis, conseils de terrain et FAQ pour assurer efficacement votre entreprise en Belgique.","robots":{"index":"index","follow":"follow","max-snippet":"max-snippet:-1","max-image-preview":"max-image-preview:large","max-video-preview":"max-video-preview:-1"},"canonical":"https:\/\/www.bestronger.be\/fr\/assurance-pme-personnalisee-bien-plus-quune-simple-protection\/","og_locale":"fr_FR","og_type":"article","og_title":"Assurance PME personnalis\u00e9e : conseils, exemples et bonnes pratiques","og_description":"Pourquoi choisir une assurance PME personnalis\u00e9e\u2009? Exemples concrets, avis, conseils de terrain et FAQ pour assurer efficacement votre entreprise en Belgique.","og_url":"https:\/\/www.bestronger.be\/fr\/assurance-pme-personnalisee-bien-plus-quune-simple-protection\/","og_site_name":"BESTRONGER","article_published_time":"2025-01-11T11:55:12+00:00","article_modified_time":"2025-07-11T10:55:23+00:00","og_image":[{"width":2560,"height":1707,"url":"https:\/\/www.bestronger.be\/wp-content\/uploads\/2025\/06\/pexels-image-2-scaled.jpg","type":"image\/jpeg"}],"author":"ux","twitter_card":"summary_large_image","twitter_misc":{"\u00c9crit par":"ux","Dur\u00e9e de lecture estim\u00e9e":"7 minutes"},"schema":{"@context":"https:\/\/schema.org","@graph":[{"@type":"Article","@id":"https:\/\/www.bestronger.be\/fr\/assurance-pme-personnalisee-bien-plus-quune-simple-protection\/#article","isPartOf":{"@id":"https:\/\/www.bestronger.be\/fr\/assurance-pme-personnalisee-bien-plus-quune-simple-protection\/"},"author":{"name":"ux","@id":"https:\/\/www.bestronger.be\/fr\/#\/schema\/person\/9b5071f88803a5a401150925e1c85edd"},"headline":"Assurance PME personnalis\u00e9e : bien plus qu\u2019une simple protection","datePublished":"2025-01-11T11:55:12+00:00","dateModified":"2025-07-11T10:55:23+00:00","mainEntityOfPage":{"@id":"https:\/\/www.bestronger.be\/fr\/assurance-pme-personnalisee-bien-plus-quune-simple-protection\/"},"wordCount":1484,"publisher":{"@id":"https:\/\/www.bestronger.be\/fr\/#organization"},"image":{"@id":"https:\/\/www.bestronger.be\/fr\/assurance-pme-personnalisee-bien-plus-quune-simple-protection\/#primaryimage"},"thumbnailUrl":"https:\/\/www.bestronger.be\/wp-content\/uploads\/2025\/06\/pexels-image-2-scaled.jpg","articleSection":["Actualit\u00e9s"],"inLanguage":"fr-FR"},{"@type":"WebPage","@id":"https:\/\/www.bestronger.be\/fr\/assurance-pme-personnalisee-bien-plus-quune-simple-protection\/","url":"https:\/\/www.bestronger.be\/fr\/assurance-pme-personnalisee-bien-plus-quune-simple-protection\/","name":"Assurance PME personnalis\u00e9e : conseils, exemples et bonnes pratiques","isPartOf":{"@id":"https:\/\/www.bestronger.be\/fr\/#website"},"primaryImageOfPage":{"@id":"https:\/\/www.bestronger.be\/fr\/assurance-pme-personnalisee-bien-plus-quune-simple-protection\/#primaryimage"},"image":{"@id":"https:\/\/www.bestronger.be\/fr\/assurance-pme-personnalisee-bien-plus-quune-simple-protection\/#primaryimage"},"thumbnailUrl":"https:\/\/www.bestronger.be\/wp-content\/uploads\/2025\/06\/pexels-image-2-scaled.jpg","datePublished":"2025-01-11T11:55:12+00:00","dateModified":"2025-07-11T10:55:23+00:00","description":"Pourquoi choisir une assurance PME personnalis\u00e9e\u2009? Exemples concrets, avis, conseils de terrain et FAQ pour assurer efficacement votre entreprise en Belgique.","breadcrumb":{"@id":"https:\/\/www.bestronger.be\/fr\/assurance-pme-personnalisee-bien-plus-quune-simple-protection\/#breadcrumb"},"inLanguage":"fr-FR","potentialAction":[{"@type":"ReadAction","target":["https:\/\/www.bestronger.be\/fr\/assurance-pme-personnalisee-bien-plus-quune-simple-protection\/"]}]},{"@type":"ImageObject","inLanguage":"fr-FR","@id":"https:\/\/www.bestronger.be\/fr\/assurance-pme-personnalisee-bien-plus-quune-simple-protection\/#primaryimage","url":"https:\/\/www.bestronger.be\/wp-content\/uploads\/2025\/06\/pexels-image-2-scaled.jpg","contentUrl":"https:\/\/www.bestronger.be\/wp-content\/uploads\/2025\/06\/pexels-image-2-scaled.jpg","width":2560,"height":1707},{"@type":"BreadcrumbList","@id":"https:\/\/www.bestronger.be\/fr\/assurance-pme-personnalisee-bien-plus-quune-simple-protection\/#breadcrumb","itemListElement":[{"@type":"ListItem","position":1,"name":"Accueil","item":"https:\/\/www.bestronger.be\/fr\/"},{"@type":"ListItem","position":2,"name":"Assurance PME personnalis\u00e9e : bien plus qu\u2019une simple protection"}]},{"@type":"WebSite","@id":"https:\/\/www.bestronger.be\/fr\/#website","url":"https:\/\/www.bestronger.be\/fr\/","name":"Be-Stronger","description":"LES COURTIERS EN ASSURANCES PROFESSIONNELS AU SERVICE DES ENTREPRISES","publisher":{"@id":"https:\/\/www.bestronger.be\/fr\/#organization"},"potentialAction":[{"@type":"SearchAction","target":{"@type":"EntryPoint","urlTemplate":"https:\/\/www.bestronger.be\/fr\/?s={search_term_string}"},"query-input":{"@type":"PropertyValueSpecification","valueRequired":true,"valueName":"search_term_string"}}],"inLanguage":"fr-FR"},{"@type":"Organization","@id":"https:\/\/www.bestronger.be\/fr\/#organization","name":"Be-Stronger","url":"https:\/\/www.bestronger.be\/fr\/","logo":{"@type":"ImageObject","inLanguage":"fr-FR","@id":"https:\/\/www.bestronger.be\/fr\/#\/schema\/logo\/image\/","url":"https:\/\/www.bestronger.be\/wp-content\/uploads\/2018\/06\/BeStronger-loading.jpg","contentUrl":"https:\/\/www.bestronger.be\/wp-content\/uploads\/2018\/06\/BeStronger-loading.jpg","width":294,"height":238,"caption":"Be-Stronger"},"image":{"@id":"https:\/\/www.bestronger.be\/fr\/#\/schema\/logo\/image\/"}},{"@type":"Person","@id":"https:\/\/www.bestronger.be\/fr\/#\/schema\/person\/9b5071f88803a5a401150925e1c85edd","name":"ux","image":{"@type":"ImageObject","inLanguage":"fr-FR","@id":"https:\/\/secure.gravatar.com\/avatar\/55910fdda0e0c45554b3096ceaae8625f4b22c21afd0dceb3d417810a4125655?s=96&d=mm&r=g","url":"https:\/\/secure.gravatar.com\/avatar\/55910fdda0e0c45554b3096ceaae8625f4b22c21afd0dceb3d417810a4125655?s=96&d=mm&r=g","contentUrl":"https:\/\/secure.gravatar.com\/avatar\/55910fdda0e0c45554b3096ceaae8625f4b22c21afd0dceb3d417810a4125655?s=96&d=mm&r=g","caption":"ux"}}]}},"_links":{"self":[{"href":"https:\/\/www.bestronger.be\/fr\/wp-json\/wp\/v2\/posts\/5533","targetHints":{"allow":["GET"]}}],"collection":[{"href":"https:\/\/www.bestronger.be\/fr\/wp-json\/wp\/v2\/posts"}],"about":[{"href":"https:\/\/www.bestronger.be\/fr\/wp-json\/wp\/v2\/types\/post"}],"author":[{"embeddable":true,"href":"https:\/\/www.bestronger.be\/fr\/wp-json\/wp\/v2\/users\/1"}],"replies":[{"embeddable":true,"href":"https:\/\/www.bestronger.be\/fr\/wp-json\/wp\/v2\/comments?post=5533"}],"version-history":[{"count":1,"href":"https:\/\/www.bestronger.be\/fr\/wp-json\/wp\/v2\/posts\/5533\/revisions"}],"predecessor-version":[{"id":5534,"href":"https:\/\/www.bestronger.be\/fr\/wp-json\/wp\/v2\/posts\/5533\/revisions\/5534"}],"wp:featuredmedia":[{"embeddable":true,"href":"https:\/\/www.bestronger.be\/fr\/wp-json\/wp\/v2\/media\/5415"}],"wp:attachment":[{"href":"https:\/\/www.bestronger.be\/fr\/wp-json\/wp\/v2\/media?parent=5533"}],"wp:term":[{"taxonomy":"category","embeddable":true,"href":"https:\/\/www.bestronger.be\/fr\/wp-json\/wp\/v2\/categories?post=5533"},{"taxonomy":"post_tag","embeddable":true,"href":"https:\/\/www.bestronger.be\/fr\/wp-json\/wp\/v2\/tags?post=5533"}],"curies":[{"name":"wp","href":"https:\/\/api.w.org\/{rel}","templated":true}]}}