{"id":5553,"date":"2025-07-14T00:26:08","date_gmt":"2025-07-13T22:26:08","guid":{"rendered":"https:\/\/www.bestronger.be\/assurance-pack-pme\/"},"modified":"2025-07-14T00:26:18","modified_gmt":"2025-07-13T22:26:18","slug":"assurance-pack-pme","status":"publish","type":"post","link":"https:\/\/www.bestronger.be\/fr\/assurance-pack-pme\/","title":{"rendered":"assurance pack pme : le choix strat\u00e9gique des entreprises agiles"},"content":{"rendered":"<p>Face \u00e0 un environnement \u00e9conomique en perp\u00e9tuelle \u00e9volution, o\u00f9 chaque risque peut co\u00fbter cher, les PME (petites et moyennes entreprises) doivent-elles vraiment choisir leur assurance \u00e0 la l\u00e9g\u00e8re\u00a0? La question m\u00e9rite r\u00e9flexion car, pour de nombreux dirigeants, il s&#8217;agit souvent d\u2019un casse-t\u00eate : comment prot\u00e9ger efficacement sa soci\u00e9t\u00e9 sans exploser son budget, tout en ayant l\u2019esprit (vraiment) tranquille\u00a0? Depuis quelques ann\u00e9es, de nouveaux produits adapt\u00e9s, les \u00ab\u00a0Assurances Pack PME\u00a0\u00bb, font leur apparition sur le march\u00e9 fran\u00e7ais, changeant la donne pour les entrepreneurs locaux.<\/p>\n<h2>Qu\u2019est-ce qu\u2019un assurance pack pme\u00a0?<br \/><\/h2>\n<p>En 2024, impossible d&#8217;ignorer le mot-cl\u00e9 qui monte dans l\u2019univers de l\u2019assurance professionnelle\u00a0: assurance pack PME. Derri\u00e8re ce terme se cache une approche int\u00e9gr\u00e9e de la protection pour les petites et moyennes entreprises. Contrairement aux assurances traditionnelles qui se d\u00e9clinent en formules isol\u00e9es \u2013 responsabilit\u00e9 civile, multirisque professionnelle, protection juridique \u2013, le pack PME combine, dans une seule solution personnalisable, plusieurs garanties essentielles. L\u2019objectif principal\u00a0: simplifier la vie des entrepreneurs tout en ma\u00eetrisant les co\u00fbts.<\/p>\n<p>\u00c0 Lyon, par exemple, le cabinet Duchemin a \u00e9labor\u00e9 d\u00e8s 2022 un pack tout-en-un pour les start-ups de moins de 50 salari\u00e9s\u00a0: couverture responsabilit\u00e9 civile, garantie local professionnel, cyber-risques et m\u00eame assistance RH. R\u00e9sultat : 20% de nouveaux clients en un an, preuve que la demande existe et que l\u2019approche pla\u00eet aux entrepreneurs. Comme quoi, on a beau dire que les PME \u00ab\u00a0ne pensent qu&#8217;aux \u00e9conomies\u00a0\u00bb, elles sont surtout sensibles \u00e0 la simplicit\u00e9 et \u00e0 la clart\u00e9 des offres.<\/p>\n<h2>Pourquoi les entreprises locales pl\u00e9biscitent ces offres group\u00e9es<br \/><\/h2>\n<p>Certains dirigeants de PME vous diront\u00a0: \u00ab\u00a0Nous avons d\u00e9j\u00e0 notre RC pro. \u00c0 quoi bon payer plus\u00a0?\u00a0\u00bb Mais la r\u00e9alit\u00e9 quotidienne des PME fran\u00e7aises est autrement plus complexe. Il suffit d\u2019un d\u00e9g\u00e2t des eaux dans les locaux ou d\u2019un litige client pour se retrouver d\u00e9muni si l\u2019on n\u2019a pris qu\u2019une garantie minimale. Un pack assurance PME regroupe les protections cl\u00e9s contre les principaux risques (dommages aux biens, pertes d\u2019exploitation, cyberattaque, RC pro) en une gestion simplifi\u00e9e.<\/p>\n<p>L\u2019avantage est double. D\u2019un c\u00f4t\u00e9, centraliser les d\u00e9marches permet de gagner un temps pr\u00e9cieux, ce qui repr\u00e9sente un gain non n\u00e9gligeable pour des dirigeants sur-sollicit\u00e9s. D\u2019un autre, la mutualisation des garanties fait souvent baisser la facture globale\u00a0(plusieurs assureurs ont d\u2019ailleurs mis en avant des remises de 10 \u00e0 25% sur les packs par rapport \u00e0 la souscription individuelle). Soyons honn\u00eates\u00a0: qui a le temps de comparer 12 devis d\u2019assurances quand on g\u00e8re une PME, douze salari\u00e9s, et autant de priorit\u00e9s\u00a0?<\/p>\n<h2>Les garanties essentielles que doit contenir un r\u00e9el assurance pack pme<br \/><\/h2>\n<p>Tous les packs ne se valent pas. Le vrai d\u00e9fi, pour les entrepreneurs, c\u2019est de ne pas tomber dans l\u2019assurance \u201cfourre-tout\u201d o\u00f9 beaucoup de garanties inutiles gonflent la note. \u00c0 la lecture du march\u00e9 en 2024, un pack PME pertinent doit inclure :<\/p>\n<ul>\n<li>Une responsabilit\u00e9 civile professionnelle (RC Pro) solide, adapt\u00e9e au m\u00e9tier<\/li>\n<li>Une assurance multirisque pour les locaux, mat\u00e9riels, stocks<\/li>\n<li>Une garantie pertes d\u2019exploitation, surtout post-Covid<\/li>\n<li>Une protection cyber ad\u00e9quate (vol de donn\u00e9es, ransomware\u2026)<\/li>\n<li>Des options modulables\u00a0: protection juridique, assistance RH\/Sant\u00e9, v\u00e9hicules professionnels<\/li>\n<\/ul>\n<p>Au-del\u00e0 de la simple liste de cases \u00e0 cocher, les meilleurs packs sont ceux qui anticipent les nouveaux risques. Le cabinet Bertaux, \u00e0 Toulouse, propose dans son pack PME une couverture sp\u00e9cifique \u00ab\u00a0e-r\u00e9putation et r\u00e9seaux sociaux\u00a0\u00bb \u2013 un must pour un restaurateur local par exemple. Chez AG2R La Mondiale, on note l\u2019ajout, depuis mars 2023, d\u2019une extension pand\u00e9mie\u00a0: une r\u00e9ponse directe aux enjeux post-crise sanitaire.<\/p>\n<h2>\u00c9volutions du march\u00e9 et retours d\u2019exp\u00e9rience<br \/><\/h2>\n<p>Les avis recueillis sur le terrain sont \u00e9difiants. Selon une enqu\u00eate men\u00e9e par l\u2019Observatoire des PME de la R\u00e9gion Grand Est en mai 2024, 77% des dirigeants interrog\u00e9s d\u00e9clarent privil\u00e9gier une offre packag\u00e9e pour la clart\u00e9 et la rapidit\u00e9 de souscription. Pierre, g\u00e9rant d\u2019une petite bo\u00eete de service informatique \u00e0 Strasbourg, t\u00e9moigne\u00a0: \u00ab\u00a0Avant, j\u2019avais trois contrats diff\u00e9rents pour couvrir la bo\u00eete, je m\u2019y perdais. Depuis que j\u2019ai opt\u00e9 pour un Pack PME, je n\u2019ai plus qu\u2019un seul interlocuteur. En cas de sinistre, c\u2019est limpide.\u00a0\u00bb<\/p>\n<p>Attention cependant \u00e0 l\u2019effet \u00ab\u00a0forfait t\u00e9l\u00e9phone\u00a0\u00bb: se laisser s\u00e9duire par un packaging attractif sans v\u00e9rifier les plafonds d\u2019indemnisation ou les franchises peut co\u00fbter cher \u00e0 long terme. Plusieurs experts locaux, comme C\u00e9line Authier de la Chambre des M\u00e9tiers de l\u2019H\u00e9rault, recommandent d\u2019exiger un audit pr\u00e9alable pour calibrer le pack aux vrais besoins de la PME. Parce qu\u2019un fleuriste n\u2019a pas les m\u00eames attentes qu\u2019un cabinet d\u2019ing\u00e9nierie, et que l\u2019assurance sur-mesure fait souvent la diff\u00e9rence.<\/p>\n<h2>Ce que l\u2019assurance pack PME change au quotidien<br \/><\/h2>\n<p>Pour conclure sur l\u2019impact concret, rien de tel qu\u2019un cas d\u2019\u00e9cole. En janvier 2023, une TPE de menuiserie \u00e0 Rennes, couverte par un pack multirisque PME, subit un incendie accidentel dans ses locaux. Gr\u00e2ce \u00e0 la centralisation des garanties \u2013 pertes d\u2019exploitation, dommages mat\u00e9riels, assistance juridique incluse \u2013 la relance a \u00e9t\u00e9 acc\u00e9l\u00e9r\u00e9e de 3 semaines par rapport \u00e0 un sch\u00e9ma classique. Le dirigeant, Lo\u00efc, livre d\u2019ailleurs cet avis\u00a0: \u00ab\u00a0Si j\u2019avais d\u00fb contacter trois compagnies, on n\u2019aurait jamais red\u00e9marr\u00e9 si vite. Aujourd\u2019hui, je relaie la solution \u00e0 d\u2019autres coll\u00e8gues artisans.\u00a0\u00bb<\/p>\n<p>Le choix d&#8217;un pack assurance PME, c\u2019est aussi une forme d\u2019assurance psychologique : avoir l\u2019impression que \u201ctout est pr\u00e9vu\u201d, c\u2019est inestimable dans la vie d\u2019un entrepreneur. Et pour ceux qui h\u00e9sitent encore, peut-\u00eatre la solution viendra-t-elle d\u2019un entretien avec un conseiller sp\u00e9cialis\u00e9\u2026 ou d\u2019une conversation informelle autour d\u2019un caf\u00e9 avec d&#8217;autres patrons de PME\u00a0! Apr\u00e8s tout, le bouche-\u00e0-oreille reste le meilleur des conseils, qu\u2019on ait une petite agence web \u00e0 Montpellier ou une soci\u00e9t\u00e9 d\u2019import-export \u00e0 Rouen. PME d\u2019ici, tous concern\u00e9s.<\/p>\n<div class=\"faq\">\n<h3>Quelles garanties propose g\u00e9n\u00e9ralement une assurance pack PME\u00a0?<\/h3>\n<p>Une assurance pack PME comprend souvent la responsabilit\u00e9 civile professionnelle, la couverture des locaux et mat\u00e9riels (multirisque), une garantie pertes d&#8217;exploitation, une protection contre les risques cyber, et parfois des services additionnels comme la protection juridique ou l\u2019assistance RH.<\/p>\n<h3>Pourquoi choisir un pack plut\u00f4t que des assurances s\u00e9par\u00e9es\u00a0?<\/h3>\n<p>Le regroupement en pack simplifie la gestion administrative, diminue le nombre d\u2019interlocuteurs, peut g\u00e9n\u00e9rer des \u00e9conomies substantielles, et permet une vision claire des garanties r\u00e9ellement souscrites, afin d\u2019\u00e9viter les doublons ou les oublis.<\/p>\n<h3>Un pack PME est-il adapt\u00e9 \u00e0 toutes les PME\u00a0?<\/h3>\n<p>La plupart des packs sont modulables et s\u2019adaptent \u00e0 la taille ou au secteur d\u2019activit\u00e9, mais il est essentiel de v\u00e9rifier que toutes les activit\u00e9s de l\u2019entreprise sont bien couvertes et que les plafonds sont adapt\u00e9s aux enjeux r\u00e9els.<\/p>\n<h3>Peut-on r\u00e9silier facilement une assurance pack PME en France\u00a0?<\/h3>\n<p>Depuis les nouvelles r\u00e9glementations en France, notamment la loi Hamon et la loi Bourquin, les contrats pack PME peuvent \u00eatre r\u00e9sili\u00e9s sous conditions, mais il est important de respecter les d\u00e9lais de pr\u00e9avis et de v\u00e9rifier les conditions contractuelles propres \u00e0 chaque assureur.<\/p>\n<h3>Combien co\u00fbte une assurance pack PME en 2024\u00a0?<\/h3>\n<p>Les tarifs varient selon le secteur, la taille, le chiffre d\u2019affaires et les garanties retenues, mais on observe des fourchettes allant de 600 \u00e0 3500\u202f\u20ac par an pour des packs standards. R\u00e9aliser des devis comparatifs personnalis\u00e9s reste crucial.<\/p>\n<\/div>\n","protected":false},"excerpt":{"rendered":"<p>Face \u00e0 un environnement \u00e9conomique en perp\u00e9tuelle \u00e9volution, o\u00f9 chaque risque peut co\u00fbter cher, les PME (petites et moyennes entreprises) doivent-elles vraiment choisir leur assurance \u00e0 la l\u00e9g\u00e8re\u00a0? La question m\u00e9rite r\u00e9flexion car, pour de nombreux dirigeants, il s&#8217;agit souvent d\u2019un casse-t\u00eate : comment prot\u00e9ger efficacement sa soci\u00e9t\u00e9 sans exploser son budget, tout en ayant [&hellip;]<\/p>\n","protected":false},"author":1,"featured_media":5554,"comment_status":"closed","ping_status":"open","sticky":false,"template":"","format":"standard","meta":{"footnotes":""},"categories":[1],"tags":[],"class_list":["post-5553","post","type-post","status-publish","format-standard","has-post-thumbnail","hentry","category-non-classifiee"],"yoast_head":"<!-- This site is optimized with the Yoast SEO plugin v27.3 - https:\/\/yoast.com\/product\/yoast-seo-wordpress\/ -->\n<title>Assurance Pack PME : pourquoi les entreprises locales la choisissent ?<\/title>\n<meta name=\"description\" content=\"D\u00e9couvrez l&#039;assurance pack PME : concept, avantages, exemples fran\u00e7ais, opinions terrain, garanties utiles et FAQ pour bien choisir. Informations concr\u00e8tes et avis d\u2019experts pour les PME.\" \/>\n<meta name=\"robots\" content=\"index, follow, max-snippet:-1, max-image-preview:large, max-video-preview:-1\" \/>\n<link rel=\"canonical\" href=\"https:\/\/www.bestronger.be\/fr\/assurance-pack-pme\/\" \/>\n<meta property=\"og:locale\" content=\"fr_FR\" \/>\n<meta property=\"og:type\" content=\"article\" \/>\n<meta property=\"og:title\" content=\"Assurance Pack PME : pourquoi les entreprises locales la choisissent ?\" \/>\n<meta property=\"og:description\" content=\"D\u00e9couvrez l&#039;assurance pack PME : concept, avantages, exemples fran\u00e7ais, opinions terrain, garanties utiles et FAQ pour bien choisir. Informations concr\u00e8tes et avis d\u2019experts pour les PME.\" \/>\n<meta property=\"og:url\" content=\"https:\/\/www.bestronger.be\/fr\/assurance-pack-pme\/\" \/>\n<meta property=\"og:site_name\" content=\"BESTRONGER\" \/>\n<meta property=\"article:published_time\" content=\"2025-07-13T22:26:08+00:00\" \/>\n<meta property=\"article:modified_time\" content=\"2025-07-13T22:26:18+00:00\" \/>\n<meta property=\"og:image\" content=\"https:\/\/www.bestronger.be\/wp-content\/uploads\/2025\/07\/pexels-image-7-scaled.jpg\" \/>\n\t<meta property=\"og:image:width\" content=\"2560\" \/>\n\t<meta property=\"og:image:height\" content=\"1707\" \/>\n\t<meta property=\"og:image:type\" content=\"image\/jpeg\" \/>\n<meta name=\"author\" content=\"ux\" \/>\n<meta name=\"twitter:card\" content=\"summary_large_image\" \/>\n<meta name=\"twitter:label1\" content=\"\u00c9crit par\" \/>\n\t<meta name=\"twitter:data1\" content=\"ux\" \/>\n\t<meta name=\"twitter:label2\" content=\"Dur\u00e9e de lecture estim\u00e9e\" \/>\n\t<meta name=\"twitter:data2\" content=\"6 minutes\" \/>\n<script type=\"application\/ld+json\" class=\"yoast-schema-graph\">{\"@context\":\"https:\\\/\\\/schema.org\",\"@graph\":[{\"@type\":\"Article\",\"@id\":\"https:\\\/\\\/www.bestronger.be\\\/fr\\\/assurance-pack-pme\\\/#article\",\"isPartOf\":{\"@id\":\"https:\\\/\\\/www.bestronger.be\\\/fr\\\/assurance-pack-pme\\\/\"},\"author\":{\"name\":\"ux\",\"@id\":\"https:\\\/\\\/www.bestronger.be\\\/fr\\\/#\\\/schema\\\/person\\\/9b5071f88803a5a401150925e1c85edd\"},\"headline\":\"assurance pack pme : le choix strat\u00e9gique des entreprises agiles\",\"datePublished\":\"2025-07-13T22:26:08+00:00\",\"dateModified\":\"2025-07-13T22:26:18+00:00\",\"mainEntityOfPage\":{\"@id\":\"https:\\\/\\\/www.bestronger.be\\\/fr\\\/assurance-pack-pme\\\/\"},\"wordCount\":1306,\"publisher\":{\"@id\":\"https:\\\/\\\/www.bestronger.be\\\/fr\\\/#organization\"},\"image\":{\"@id\":\"https:\\\/\\\/www.bestronger.be\\\/fr\\\/assurance-pack-pme\\\/#primaryimage\"},\"thumbnailUrl\":\"https:\\\/\\\/www.bestronger.be\\\/wp-content\\\/uploads\\\/2025\\\/07\\\/pexels-image-7-scaled.jpg\",\"articleSection\":[\"Non classifi\u00e9(e)\"],\"inLanguage\":\"fr-FR\"},{\"@type\":\"WebPage\",\"@id\":\"https:\\\/\\\/www.bestronger.be\\\/fr\\\/assurance-pack-pme\\\/\",\"url\":\"https:\\\/\\\/www.bestronger.be\\\/fr\\\/assurance-pack-pme\\\/\",\"name\":\"Assurance Pack PME : pourquoi les entreprises locales la choisissent ?\",\"isPartOf\":{\"@id\":\"https:\\\/\\\/www.bestronger.be\\\/fr\\\/#website\"},\"primaryImageOfPage\":{\"@id\":\"https:\\\/\\\/www.bestronger.be\\\/fr\\\/assurance-pack-pme\\\/#primaryimage\"},\"image\":{\"@id\":\"https:\\\/\\\/www.bestronger.be\\\/fr\\\/assurance-pack-pme\\\/#primaryimage\"},\"thumbnailUrl\":\"https:\\\/\\\/www.bestronger.be\\\/wp-content\\\/uploads\\\/2025\\\/07\\\/pexels-image-7-scaled.jpg\",\"datePublished\":\"2025-07-13T22:26:08+00:00\",\"dateModified\":\"2025-07-13T22:26:18+00:00\",\"description\":\"D\u00e9couvrez l'assurance pack PME : concept, avantages, exemples fran\u00e7ais, opinions terrain, garanties utiles et FAQ pour bien choisir. Informations concr\u00e8tes et avis d\u2019experts pour les PME.\",\"breadcrumb\":{\"@id\":\"https:\\\/\\\/www.bestronger.be\\\/fr\\\/assurance-pack-pme\\\/#breadcrumb\"},\"inLanguage\":\"fr-FR\",\"potentialAction\":[{\"@type\":\"ReadAction\",\"target\":[\"https:\\\/\\\/www.bestronger.be\\\/fr\\\/assurance-pack-pme\\\/\"]}]},{\"@type\":\"ImageObject\",\"inLanguage\":\"fr-FR\",\"@id\":\"https:\\\/\\\/www.bestronger.be\\\/fr\\\/assurance-pack-pme\\\/#primaryimage\",\"url\":\"https:\\\/\\\/www.bestronger.be\\\/wp-content\\\/uploads\\\/2025\\\/07\\\/pexels-image-7-scaled.jpg\",\"contentUrl\":\"https:\\\/\\\/www.bestronger.be\\\/wp-content\\\/uploads\\\/2025\\\/07\\\/pexels-image-7-scaled.jpg\",\"width\":2560,\"height\":1707},{\"@type\":\"BreadcrumbList\",\"@id\":\"https:\\\/\\\/www.bestronger.be\\\/fr\\\/assurance-pack-pme\\\/#breadcrumb\",\"itemListElement\":[{\"@type\":\"ListItem\",\"position\":1,\"name\":\"Accueil\",\"item\":\"https:\\\/\\\/www.bestronger.be\\\/fr\\\/\"},{\"@type\":\"ListItem\",\"position\":2,\"name\":\"assurance pack pme : le choix strat\u00e9gique des entreprises agiles\"}]},{\"@type\":\"WebSite\",\"@id\":\"https:\\\/\\\/www.bestronger.be\\\/fr\\\/#website\",\"url\":\"https:\\\/\\\/www.bestronger.be\\\/fr\\\/\",\"name\":\"Be-Stronger\",\"description\":\"LES COURTIERS EN ASSURANCES PROFESSIONNELS AU SERVICE DES ENTREPRISES\",\"publisher\":{\"@id\":\"https:\\\/\\\/www.bestronger.be\\\/fr\\\/#organization\"},\"potentialAction\":[{\"@type\":\"SearchAction\",\"target\":{\"@type\":\"EntryPoint\",\"urlTemplate\":\"https:\\\/\\\/www.bestronger.be\\\/fr\\\/?s={search_term_string}\"},\"query-input\":{\"@type\":\"PropertyValueSpecification\",\"valueRequired\":true,\"valueName\":\"search_term_string\"}}],\"inLanguage\":\"fr-FR\"},{\"@type\":\"Organization\",\"@id\":\"https:\\\/\\\/www.bestronger.be\\\/fr\\\/#organization\",\"name\":\"Be-Stronger\",\"url\":\"https:\\\/\\\/www.bestronger.be\\\/fr\\\/\",\"logo\":{\"@type\":\"ImageObject\",\"inLanguage\":\"fr-FR\",\"@id\":\"https:\\\/\\\/www.bestronger.be\\\/fr\\\/#\\\/schema\\\/logo\\\/image\\\/\",\"url\":\"https:\\\/\\\/www.bestronger.be\\\/wp-content\\\/uploads\\\/2018\\\/06\\\/BeStronger-loading.jpg\",\"contentUrl\":\"https:\\\/\\\/www.bestronger.be\\\/wp-content\\\/uploads\\\/2018\\\/06\\\/BeStronger-loading.jpg\",\"width\":294,\"height\":238,\"caption\":\"Be-Stronger\"},\"image\":{\"@id\":\"https:\\\/\\\/www.bestronger.be\\\/fr\\\/#\\\/schema\\\/logo\\\/image\\\/\"}},{\"@type\":\"Person\",\"@id\":\"https:\\\/\\\/www.bestronger.be\\\/fr\\\/#\\\/schema\\\/person\\\/9b5071f88803a5a401150925e1c85edd\",\"name\":\"ux\",\"image\":{\"@type\":\"ImageObject\",\"inLanguage\":\"fr-FR\",\"@id\":\"https:\\\/\\\/secure.gravatar.com\\\/avatar\\\/55910fdda0e0c45554b3096ceaae8625f4b22c21afd0dceb3d417810a4125655?s=96&d=mm&r=g\",\"url\":\"https:\\\/\\\/secure.gravatar.com\\\/avatar\\\/55910fdda0e0c45554b3096ceaae8625f4b22c21afd0dceb3d417810a4125655?s=96&d=mm&r=g\",\"contentUrl\":\"https:\\\/\\\/secure.gravatar.com\\\/avatar\\\/55910fdda0e0c45554b3096ceaae8625f4b22c21afd0dceb3d417810a4125655?s=96&d=mm&r=g\",\"caption\":\"ux\"}}]}<\/script>\n<!-- \/ Yoast SEO plugin. -->","yoast_head_json":{"title":"Assurance Pack PME : pourquoi les entreprises locales la choisissent ?","description":"D\u00e9couvrez l'assurance pack PME : concept, avantages, exemples fran\u00e7ais, opinions terrain, garanties utiles et FAQ pour bien choisir. Informations concr\u00e8tes et avis d\u2019experts pour les PME.","robots":{"index":"index","follow":"follow","max-snippet":"max-snippet:-1","max-image-preview":"max-image-preview:large","max-video-preview":"max-video-preview:-1"},"canonical":"https:\/\/www.bestronger.be\/fr\/assurance-pack-pme\/","og_locale":"fr_FR","og_type":"article","og_title":"Assurance Pack PME : pourquoi les entreprises locales la choisissent ?","og_description":"D\u00e9couvrez l'assurance pack PME : concept, avantages, exemples fran\u00e7ais, opinions terrain, garanties utiles et FAQ pour bien choisir. Informations concr\u00e8tes et avis d\u2019experts pour les PME.","og_url":"https:\/\/www.bestronger.be\/fr\/assurance-pack-pme\/","og_site_name":"BESTRONGER","article_published_time":"2025-07-13T22:26:08+00:00","article_modified_time":"2025-07-13T22:26:18+00:00","og_image":[{"width":2560,"height":1707,"url":"https:\/\/www.bestronger.be\/wp-content\/uploads\/2025\/07\/pexels-image-7-scaled.jpg","type":"image\/jpeg"}],"author":"ux","twitter_card":"summary_large_image","twitter_misc":{"\u00c9crit par":"ux","Dur\u00e9e de lecture estim\u00e9e":"6 minutes"},"schema":{"@context":"https:\/\/schema.org","@graph":[{"@type":"Article","@id":"https:\/\/www.bestronger.be\/fr\/assurance-pack-pme\/#article","isPartOf":{"@id":"https:\/\/www.bestronger.be\/fr\/assurance-pack-pme\/"},"author":{"name":"ux","@id":"https:\/\/www.bestronger.be\/fr\/#\/schema\/person\/9b5071f88803a5a401150925e1c85edd"},"headline":"assurance pack pme : le choix strat\u00e9gique des entreprises agiles","datePublished":"2025-07-13T22:26:08+00:00","dateModified":"2025-07-13T22:26:18+00:00","mainEntityOfPage":{"@id":"https:\/\/www.bestronger.be\/fr\/assurance-pack-pme\/"},"wordCount":1306,"publisher":{"@id":"https:\/\/www.bestronger.be\/fr\/#organization"},"image":{"@id":"https:\/\/www.bestronger.be\/fr\/assurance-pack-pme\/#primaryimage"},"thumbnailUrl":"https:\/\/www.bestronger.be\/wp-content\/uploads\/2025\/07\/pexels-image-7-scaled.jpg","articleSection":["Non classifi\u00e9(e)"],"inLanguage":"fr-FR"},{"@type":"WebPage","@id":"https:\/\/www.bestronger.be\/fr\/assurance-pack-pme\/","url":"https:\/\/www.bestronger.be\/fr\/assurance-pack-pme\/","name":"Assurance Pack PME : pourquoi les entreprises locales la choisissent ?","isPartOf":{"@id":"https:\/\/www.bestronger.be\/fr\/#website"},"primaryImageOfPage":{"@id":"https:\/\/www.bestronger.be\/fr\/assurance-pack-pme\/#primaryimage"},"image":{"@id":"https:\/\/www.bestronger.be\/fr\/assurance-pack-pme\/#primaryimage"},"thumbnailUrl":"https:\/\/www.bestronger.be\/wp-content\/uploads\/2025\/07\/pexels-image-7-scaled.jpg","datePublished":"2025-07-13T22:26:08+00:00","dateModified":"2025-07-13T22:26:18+00:00","description":"D\u00e9couvrez l'assurance pack PME : concept, avantages, exemples fran\u00e7ais, opinions terrain, garanties utiles et FAQ pour bien choisir. Informations concr\u00e8tes et avis d\u2019experts pour les PME.","breadcrumb":{"@id":"https:\/\/www.bestronger.be\/fr\/assurance-pack-pme\/#breadcrumb"},"inLanguage":"fr-FR","potentialAction":[{"@type":"ReadAction","target":["https:\/\/www.bestronger.be\/fr\/assurance-pack-pme\/"]}]},{"@type":"ImageObject","inLanguage":"fr-FR","@id":"https:\/\/www.bestronger.be\/fr\/assurance-pack-pme\/#primaryimage","url":"https:\/\/www.bestronger.be\/wp-content\/uploads\/2025\/07\/pexels-image-7-scaled.jpg","contentUrl":"https:\/\/www.bestronger.be\/wp-content\/uploads\/2025\/07\/pexels-image-7-scaled.jpg","width":2560,"height":1707},{"@type":"BreadcrumbList","@id":"https:\/\/www.bestronger.be\/fr\/assurance-pack-pme\/#breadcrumb","itemListElement":[{"@type":"ListItem","position":1,"name":"Accueil","item":"https:\/\/www.bestronger.be\/fr\/"},{"@type":"ListItem","position":2,"name":"assurance pack pme : le choix strat\u00e9gique des entreprises agiles"}]},{"@type":"WebSite","@id":"https:\/\/www.bestronger.be\/fr\/#website","url":"https:\/\/www.bestronger.be\/fr\/","name":"Be-Stronger","description":"LES COURTIERS EN ASSURANCES PROFESSIONNELS AU SERVICE DES ENTREPRISES","publisher":{"@id":"https:\/\/www.bestronger.be\/fr\/#organization"},"potentialAction":[{"@type":"SearchAction","target":{"@type":"EntryPoint","urlTemplate":"https:\/\/www.bestronger.be\/fr\/?s={search_term_string}"},"query-input":{"@type":"PropertyValueSpecification","valueRequired":true,"valueName":"search_term_string"}}],"inLanguage":"fr-FR"},{"@type":"Organization","@id":"https:\/\/www.bestronger.be\/fr\/#organization","name":"Be-Stronger","url":"https:\/\/www.bestronger.be\/fr\/","logo":{"@type":"ImageObject","inLanguage":"fr-FR","@id":"https:\/\/www.bestronger.be\/fr\/#\/schema\/logo\/image\/","url":"https:\/\/www.bestronger.be\/wp-content\/uploads\/2018\/06\/BeStronger-loading.jpg","contentUrl":"https:\/\/www.bestronger.be\/wp-content\/uploads\/2018\/06\/BeStronger-loading.jpg","width":294,"height":238,"caption":"Be-Stronger"},"image":{"@id":"https:\/\/www.bestronger.be\/fr\/#\/schema\/logo\/image\/"}},{"@type":"Person","@id":"https:\/\/www.bestronger.be\/fr\/#\/schema\/person\/9b5071f88803a5a401150925e1c85edd","name":"ux","image":{"@type":"ImageObject","inLanguage":"fr-FR","@id":"https:\/\/secure.gravatar.com\/avatar\/55910fdda0e0c45554b3096ceaae8625f4b22c21afd0dceb3d417810a4125655?s=96&d=mm&r=g","url":"https:\/\/secure.gravatar.com\/avatar\/55910fdda0e0c45554b3096ceaae8625f4b22c21afd0dceb3d417810a4125655?s=96&d=mm&r=g","contentUrl":"https:\/\/secure.gravatar.com\/avatar\/55910fdda0e0c45554b3096ceaae8625f4b22c21afd0dceb3d417810a4125655?s=96&d=mm&r=g","caption":"ux"}}]}},"_links":{"self":[{"href":"https:\/\/www.bestronger.be\/fr\/wp-json\/wp\/v2\/posts\/5553","targetHints":{"allow":["GET"]}}],"collection":[{"href":"https:\/\/www.bestronger.be\/fr\/wp-json\/wp\/v2\/posts"}],"about":[{"href":"https:\/\/www.bestronger.be\/fr\/wp-json\/wp\/v2\/types\/post"}],"author":[{"embeddable":true,"href":"https:\/\/www.bestronger.be\/fr\/wp-json\/wp\/v2\/users\/1"}],"replies":[{"embeddable":true,"href":"https:\/\/www.bestronger.be\/fr\/wp-json\/wp\/v2\/comments?post=5553"}],"version-history":[{"count":1,"href":"https:\/\/www.bestronger.be\/fr\/wp-json\/wp\/v2\/posts\/5553\/revisions"}],"predecessor-version":[{"id":5556,"href":"https:\/\/www.bestronger.be\/fr\/wp-json\/wp\/v2\/posts\/5553\/revisions\/5556"}],"wp:featuredmedia":[{"embeddable":true,"href":"https:\/\/www.bestronger.be\/fr\/wp-json\/wp\/v2\/media\/5554"}],"wp:attachment":[{"href":"https:\/\/www.bestronger.be\/fr\/wp-json\/wp\/v2\/media?parent=5553"}],"wp:term":[{"taxonomy":"category","embeddable":true,"href":"https:\/\/www.bestronger.be\/fr\/wp-json\/wp\/v2\/categories?post=5553"},{"taxonomy":"post_tag","embeddable":true,"href":"https:\/\/www.bestronger.be\/fr\/wp-json\/wp\/v2\/tags?post=5553"}],"curies":[{"name":"wp","href":"https:\/\/api.w.org\/{rel}","templated":true}]}}