{"id":5557,"date":"2025-07-15T00:26:17","date_gmt":"2025-07-14T22:26:17","guid":{"rendered":"https:\/\/www.bestronger.be\/assurance-pme-personnalisee-2\/"},"modified":"2025-07-15T00:26:27","modified_gmt":"2025-07-14T22:26:27","slug":"assurance-pme-personnalisee-2","status":"publish","type":"post","link":"https:\/\/www.bestronger.be\/fr\/assurance-pme-personnalisee-2\/","title":{"rendered":"assurance pme personnalis\u00e9e : la cl\u00e9 d\u2019une couverture sur mesure pour votre entreprise"},"content":{"rendered":"<p>G\u00e9rer une PME aujourd\u2019hui en France, c\u2019est jongler entre innovation, ressources limit\u00e9es, croissance, incertitudes \u00e9conomiques&#8230; et \u00e9videmment, gestion des risques ! L\u2019assurance PME personnalis\u00e9e s\u2019impose alors comme une solution incontournable pour ceux qui refusent les formules standards, souvent inadapt\u00e9es \u00e0 la r\u00e9alit\u00e9 d\u2019une entreprise \u00e0 taille humaine. Mais que se cache-t-il vraiment derri\u00e8re cette notion de \u00ab personnalis\u00e9e \u00bb ? Pourquoi sortir des sentiers battus et construire une couverture adapt\u00e9e \u00e0 son secteur, son chiffre d\u2019affaires, ses ambitions et ses contraintes locales ? Prenons le temps d\u2019explorer, t\u00e9moignages \u00e0 l\u2019appui, les coulisses de ce march\u00e9 en pleine mutation.<\/p>\n<h2>Comprendre les besoins d\u2019assurance sp\u00e9cifiques des PME<\/h2>\n<p>Chaque PME est unique, avec ses propres m\u00e9tiers, ses propres risques et ses ambitions singuli\u00e8res. Une agence web n\u2019a clairement pas les m\u00eames enjeux qu\u2019une entreprise de travaux publics de la r\u00e9gion Rh\u00f4ne-Alpes, par exemple. D\u2019o\u00f9 l\u2019int\u00e9r\u00eat d\u2019aller au-del\u00e0 des contrats standards d\u2019assurance : couvrir la responsabilit\u00e9 civile, les locaux, c\u2019est n\u00e9cessaire, mais souvent insuffisant. Les cyber-risques, les pertes d\u2019exploitation apr\u00e8s un sinistre mineur, le d\u00e9part d\u2019un collaborateur cl\u00e9 apr\u00e8s la crise sanitaire de 2020 : autant de cas o\u00f9 une couverture g\u00e9n\u00e9rique laisserait un dirigeant sur le carreau. La bonne assurance PME personnalis\u00e9e commence donc par une analyse fine des risques r\u00e9els, souvent lors d\u2019un audit pr\u00e9alable men\u00e9 par un expert du secteur.<\/p>\n<h2>Pourquoi opter pour une assurance PME personnalis\u00e9e ?<\/h2>\n<p>\u00ab Apr\u00e8s 18 ans \u00e0 la t\u00eate de ma soci\u00e9t\u00e9 de conseil \u00e0 Lille, je r\u00e9alise que chaque \u00e9tape de la vie de l\u2019entreprise appelle \u00e0 r\u00e9viser ses garanties, \u00bb confie Sylvie Bourdon en 2023. Son t\u00e9moignage illustre bien un principe cl\u00e9 : l\u2019assurance PME personnalis\u00e9e permet d\u2019\u00e9voluer au fil du temps, en adaptant la couverture aux nouveaux d\u00e9fis rencontr\u00e9s. Nouvelle activit\u00e9 digitale ? Croissance externe ou, au contraire, contraction ? Les assureurs sp\u00e9cialis\u00e9s proposent des contrats modulables, avec des options sur-mesure. L\u2019enjeu principal ? Ne payer que pour ce dont on a vraiment besoin, tout en anticipant les vuln\u00e9rabilit\u00e9s invisibles.<\/p>\n<p>Autre avantage trop souvent sous-estim\u00e9 : le service. Un interlocuteur d\u00e9di\u00e9, des d\u00e9lais de traitement plus courts \u00e0 la souscription comme au remboursement, un langage compr\u00e9hensible et non une jungle de clauses impr\u00e9cises. En misant sur une assurance PME personnalis\u00e9e, l\u2019entrepreneur gagne en temps et en tranquillit\u00e9 d\u2019esprit. Pour certains, c\u2019est m\u00eame un facteur d\u2019attractivit\u00e9 pour de nouveaux collaborateurs, dans des secteurs o\u00f9 la marque employeur fait la diff\u00e9rence.<\/p>\n<h2>Exemples concrets de personnalisation dans l\u2019assurance pour PME<\/h2>\n<p>Voyons-le clairement : la personnalisation ne se limite pas \u00e0 un choix d\u2019options sur catalogue. Prenons le cas d\u2019une PME industrielle de la Somme. Apr\u00e8s un sinistre incendie, leur assureur a adapt\u00e9 le contrat initial en int\u00e9grant une clause \u00ab perte de valeur v\u00e9nale du fonds de commerce \u00bb et un renfort sur la cyber-s\u00e9curit\u00e9. Pendant ce temps, une jeune entreprise d\u2019ing\u00e9nierie en Nouvelle-Aquitaine s\u2019est vue proposer une extension \u00ab mission \u00e0 l\u2019international \u00bb pour ses consultants, absente de la plupart des packages classiques. Ce type de flexibilit\u00e9 n\u2019\u00e9tait pas envisageable il y a encore dix ans ; aujourd\u2019hui, elle fait la diff\u00e9rence.<\/p>\n<p>Notons aussi l\u2019\u00e9mergence d\u2019assurances index\u00e9es sur le chiffre d\u2019affaires r\u00e9el, avec ajustement automatique en fin d\u2019exercice. C\u2019est la garantie de ne pas sous-assurer pendant les pics, ni de surpayer dans les p\u00e9riodes creuses. On le voit : les contrats personnalis\u00e9s sont con\u00e7us pour coller \u00e0 la r\u00e9alit\u00e9 op\u00e9rationnelle de la PME, ni plus, ni moins.<\/p>\n<h2>Les b\u00e9n\u00e9fices m\u00e9tier d\u2019une couverture personnalis\u00e9e<\/h2>\n<p>N\u2019allons pas croire qu\u2019il s\u2019agit simplement d\u2019une histoire de tranquillit\u00e9 d\u2019esprit. Une assurance PME personnalis\u00e9e peut transformer la gestion quotidienne et le pilotage \u00e0 long terme. Pensez \u00e0 la capacit\u00e9 \u00e0 d\u00e9crocher un gros contrat parce que vous \u00eates couvert sur un risque sp\u00e9cifique, jusqu\u2019ici ignor\u00e9. Ou l\u2019acc\u00e8s \u00e0 des march\u00e9s publics exigeant des garanties particuli\u00e8res. Certains secteurs r\u00e9glement\u00e9s, comme la sant\u00e9 ou le transport, n\u00e9cessitent une veille constante sur les obligations l\u00e9gales : une formule modulable, associ\u00e9e \u00e0 un accompagnement expert, permet de dormir sur ses deux oreilles.<\/p>\n<p>En cas de sinistre, la diff\u00e9rence est flagrante : l\u00e0 o\u00f9 une assurance g\u00e9n\u00e9rique pourra tra\u00eener des semaines, un assureur d\u00e9di\u00e9 aux PME locales \u2013 parfois mutualiste, parfois issu d\u2019une grande compagnie mais avec un p\u00f4le d\u00e9di\u00e9 \u2013 conna\u00eet votre situation et intervient plus efficacement. \u00c7a change tout. \u00ab Lors des inondations en Gascogne en 2022, c\u2019est notre interm\u00e9diaire local qui a pilot\u00e9 l\u2019indemnisation express pour une dizaine d\u2019artisans \u00bb, raconte Nicolas Dubois, courtier dans le Sud-Ouest. Dans certains cas, c\u2019est la viabilit\u00e9 m\u00eame de l\u2019entreprise qui en d\u00e9pend.<\/p>\n<h2>Opportunit\u00e9s strat\u00e9giques et choix de son assureur<\/h2>\n<p>Alors, comment naviguer dans ce paysage d\u00e9sormais tr\u00e8s concurrentiel ? Premi\u00e8re astuce : ne pas confondre personnalisation et empilement d\u2019options on\u00e9reuses. La v\u00e9ritable personnalisation implique une analyse diagnostique des risques, un devis sur-mesure et, lorsque possible, le recours \u00e0 un courtier sp\u00e9cialis\u00e9. Il s\u2019agit de construire, et non de consommer aveugl\u00e9ment. Optimiser son budget sans sacrifier la qualit\u00e9, c\u2019est tout l\u2019enjeu. Les plateformes locales \u2013 \u00e0 Amiens, Lyon, Nantes ou Bordeaux \u2013 proposent, depuis 2021, des ateliers de sensibilisation pour les dirigeants. D\u2019excellentes occasions pour partager retours d\u2019exp\u00e9rience et, pourquoi pas, n\u00e9gocier collectivement certains tarifs.<\/p>\n<p>Autre tendance marquante : le d\u00e9veloppement d\u2019offres \u00ab eco-friendly \u00bb ou \u00e0 forte dimension sociale. Plus qu\u2019une image, c\u2019est parfois l\u2019opportunit\u00e9 de s\u2019aligner avec l\u2019\u00e9volution de vos propres valeurs d\u2019entreprise \u2013 sujet sensible pour les nouvelles g\u00e9n\u00e9rations, qui n\u2019h\u00e9sitent plus \u00e0 questionner la RSE des partenaires, assureurs compris.<\/p>\n<h2>FAQ sur l\u2019assurance PME personnalis\u00e9e<\/h2>\n<h3>Comment fonctionne une assurance PME personnalis\u00e9e ?<\/h3>\n<p>Elle d\u00e9bute par un audit des risques propres \u00e0 votre entreprise puis la construction d\u2019un contrat sur-mesure, \u00e9volutif et adapt\u00e9 \u00e0 votre activit\u00e9, secteur et budget. Ce contrat peut \u00e9voluer chaque ann\u00e9e ou \u00e0 la suite d\u2019un changement structurel de votre PME.<\/p>\n<h3>Pourquoi personnaliser l\u2019assurance plut\u00f4t que choisir une formule \u00ab packag\u00e9e \u00bb ?<\/h3>\n<p>Parce que chaque entreprise pr\u00e9sente des risques, des contraintes et des objectifs diff\u00e9rents. Une couverture \u00e0 la carte est plus proche de votre r\u00e9alit\u00e9 et \u00e9vite de payer pour l\u2019inutile ou de manquer de garanties essentielles.<\/p>\n<h3>Quels secteurs profitent le plus d\u2019une assurance PME personnalis\u00e9e ?<\/h3>\n<p>Les entreprises \u00e0 risques sp\u00e9cifiques (artisanat, BTP, IT, sant\u00e9), \u00e0 rythme saisonnier, ou soumises \u00e0 des r\u00e9glementations particuli\u00e8res tirent largement avantage d\u2019une formule personnalis\u00e9e. Mais, en r\u00e9alit\u00e9, toutes les PME peuvent gagner \u00e0 l\u2019envisager.<\/p>\n<h3>Le co\u00fbt est-il nettement sup\u00e9rieur \u00e0 une assurance classique ?<\/h3>\n<p>Pas forc\u00e9ment ! En adaptant votre contrat \u00e0 vos risques r\u00e9els, vous limitez les doublons, \u00e9vitez les franchises inutiles, et donc vous optimisez le budget. Le surco\u00fbt \u00e9ventuel est souvent compens\u00e9 par la pertinence de la couverture et la rapidit\u00e9 d\u2019indemnisation.<\/p>\n<h3>Peut-on adapter son assurance PME personnalis\u00e9e en cours d\u2019ann\u00e9e ?<\/h3>\n<p>Cela d\u00e9pend de l\u2019assureur et de la structure du contrat, mais la plupart des solutions r\u00e9centes permettent un ajustement \u00e0 la hausse ou \u00e0 la baisse, notamment en cas d\u2019\u00e9volution majeure (recrutement, acquisition, nouveaux march\u00e9s&#8230;)<\/p>\n","protected":false},"excerpt":{"rendered":"<p>G\u00e9rer une PME aujourd\u2019hui en France, c\u2019est jongler entre innovation, ressources limit\u00e9es, croissance, incertitudes \u00e9conomiques&#8230; et \u00e9videmment, gestion des risques ! L\u2019assurance PME personnalis\u00e9e s\u2019impose alors comme une solution incontournable pour ceux qui refusent les formules standards, souvent inadapt\u00e9es \u00e0 la r\u00e9alit\u00e9 d\u2019une entreprise \u00e0 taille humaine. Mais que se cache-t-il vraiment derri\u00e8re cette notion [&hellip;]<\/p>\n","protected":false},"author":1,"featured_media":5558,"comment_status":"closed","ping_status":"open","sticky":false,"template":"","format":"standard","meta":{"footnotes":""},"categories":[1],"tags":[],"class_list":["post-5557","post","type-post","status-publish","format-standard","has-post-thumbnail","hentry","category-non-classifiee"],"yoast_head":"<!-- This site is optimized with the Yoast SEO plugin v27.3 - https:\/\/yoast.com\/product\/yoast-seo-wordpress\/ -->\n<title>Assurance PME personnalis\u00e9e : prot\u00e9gez votre entreprise sur-mesure<\/title>\n<meta name=\"description\" content=\"D\u00e9couvrez comment l\u2019assurance PME personnalis\u00e9e offre une protection sur mesure adapt\u00e9e aux besoins uniques des petites et moyennes entreprises. Exemples, avis et guide pratique inclus.\" \/>\n<meta name=\"robots\" content=\"index, follow, max-snippet:-1, max-image-preview:large, max-video-preview:-1\" \/>\n<link rel=\"canonical\" href=\"https:\/\/www.bestronger.be\/fr\/assurance-pme-personnalisee-2\/\" \/>\n<meta property=\"og:locale\" content=\"fr_FR\" \/>\n<meta property=\"og:type\" content=\"article\" \/>\n<meta property=\"og:title\" content=\"Assurance PME personnalis\u00e9e : prot\u00e9gez votre entreprise sur-mesure\" \/>\n<meta property=\"og:description\" content=\"D\u00e9couvrez comment l\u2019assurance PME personnalis\u00e9e offre une protection sur mesure adapt\u00e9e aux besoins uniques des petites et moyennes entreprises. Exemples, avis et guide pratique inclus.\" \/>\n<meta property=\"og:url\" content=\"https:\/\/www.bestronger.be\/fr\/assurance-pme-personnalisee-2\/\" \/>\n<meta property=\"og:site_name\" content=\"BESTRONGER\" \/>\n<meta property=\"article:published_time\" content=\"2025-07-14T22:26:17+00:00\" \/>\n<meta property=\"article:modified_time\" content=\"2025-07-14T22:26:27+00:00\" \/>\n<meta property=\"og:image\" content=\"https:\/\/www.bestronger.be\/wp-content\/uploads\/2025\/07\/pexels-image-8-scaled.jpg\" \/>\n\t<meta property=\"og:image:width\" content=\"2560\" \/>\n\t<meta property=\"og:image:height\" content=\"1709\" \/>\n\t<meta property=\"og:image:type\" content=\"image\/jpeg\" \/>\n<meta name=\"author\" content=\"ux\" \/>\n<meta name=\"twitter:card\" content=\"summary_large_image\" \/>\n<meta name=\"twitter:label1\" content=\"\u00c9crit par\" \/>\n\t<meta name=\"twitter:data1\" content=\"ux\" \/>\n\t<meta name=\"twitter:label2\" content=\"Dur\u00e9e de lecture estim\u00e9e\" \/>\n\t<meta name=\"twitter:data2\" content=\"6 minutes\" \/>\n<script type=\"application\/ld+json\" class=\"yoast-schema-graph\">{\"@context\":\"https:\\\/\\\/schema.org\",\"@graph\":[{\"@type\":\"Article\",\"@id\":\"https:\\\/\\\/www.bestronger.be\\\/fr\\\/assurance-pme-personnalisee-2\\\/#article\",\"isPartOf\":{\"@id\":\"https:\\\/\\\/www.bestronger.be\\\/fr\\\/assurance-pme-personnalisee-2\\\/\"},\"author\":{\"name\":\"ux\",\"@id\":\"https:\\\/\\\/www.bestronger.be\\\/fr\\\/#\\\/schema\\\/person\\\/9b5071f88803a5a401150925e1c85edd\"},\"headline\":\"assurance pme personnalis\u00e9e : la cl\u00e9 d\u2019une couverture sur mesure pour votre entreprise\",\"datePublished\":\"2025-07-14T22:26:17+00:00\",\"dateModified\":\"2025-07-14T22:26:27+00:00\",\"mainEntityOfPage\":{\"@id\":\"https:\\\/\\\/www.bestronger.be\\\/fr\\\/assurance-pme-personnalisee-2\\\/\"},\"wordCount\":1278,\"publisher\":{\"@id\":\"https:\\\/\\\/www.bestronger.be\\\/fr\\\/#organization\"},\"image\":{\"@id\":\"https:\\\/\\\/www.bestronger.be\\\/fr\\\/assurance-pme-personnalisee-2\\\/#primaryimage\"},\"thumbnailUrl\":\"https:\\\/\\\/www.bestronger.be\\\/wp-content\\\/uploads\\\/2025\\\/07\\\/pexels-image-8-scaled.jpg\",\"articleSection\":[\"Non classifi\u00e9(e)\"],\"inLanguage\":\"fr-FR\"},{\"@type\":\"WebPage\",\"@id\":\"https:\\\/\\\/www.bestronger.be\\\/fr\\\/assurance-pme-personnalisee-2\\\/\",\"url\":\"https:\\\/\\\/www.bestronger.be\\\/fr\\\/assurance-pme-personnalisee-2\\\/\",\"name\":\"Assurance PME personnalis\u00e9e : prot\u00e9gez votre entreprise sur-mesure\",\"isPartOf\":{\"@id\":\"https:\\\/\\\/www.bestronger.be\\\/fr\\\/#website\"},\"primaryImageOfPage\":{\"@id\":\"https:\\\/\\\/www.bestronger.be\\\/fr\\\/assurance-pme-personnalisee-2\\\/#primaryimage\"},\"image\":{\"@id\":\"https:\\\/\\\/www.bestronger.be\\\/fr\\\/assurance-pme-personnalisee-2\\\/#primaryimage\"},\"thumbnailUrl\":\"https:\\\/\\\/www.bestronger.be\\\/wp-content\\\/uploads\\\/2025\\\/07\\\/pexels-image-8-scaled.jpg\",\"datePublished\":\"2025-07-14T22:26:17+00:00\",\"dateModified\":\"2025-07-14T22:26:27+00:00\",\"description\":\"D\u00e9couvrez comment l\u2019assurance PME personnalis\u00e9e offre une protection sur mesure adapt\u00e9e aux besoins uniques des petites et moyennes entreprises. Exemples, avis et guide pratique inclus.\",\"breadcrumb\":{\"@id\":\"https:\\\/\\\/www.bestronger.be\\\/fr\\\/assurance-pme-personnalisee-2\\\/#breadcrumb\"},\"inLanguage\":\"fr-FR\",\"potentialAction\":[{\"@type\":\"ReadAction\",\"target\":[\"https:\\\/\\\/www.bestronger.be\\\/fr\\\/assurance-pme-personnalisee-2\\\/\"]}]},{\"@type\":\"ImageObject\",\"inLanguage\":\"fr-FR\",\"@id\":\"https:\\\/\\\/www.bestronger.be\\\/fr\\\/assurance-pme-personnalisee-2\\\/#primaryimage\",\"url\":\"https:\\\/\\\/www.bestronger.be\\\/wp-content\\\/uploads\\\/2025\\\/07\\\/pexels-image-8-scaled.jpg\",\"contentUrl\":\"https:\\\/\\\/www.bestronger.be\\\/wp-content\\\/uploads\\\/2025\\\/07\\\/pexels-image-8-scaled.jpg\",\"width\":2560,\"height\":1709},{\"@type\":\"BreadcrumbList\",\"@id\":\"https:\\\/\\\/www.bestronger.be\\\/fr\\\/assurance-pme-personnalisee-2\\\/#breadcrumb\",\"itemListElement\":[{\"@type\":\"ListItem\",\"position\":1,\"name\":\"Accueil\",\"item\":\"https:\\\/\\\/www.bestronger.be\\\/fr\\\/\"},{\"@type\":\"ListItem\",\"position\":2,\"name\":\"assurance pme personnalis\u00e9e : la cl\u00e9 d\u2019une couverture sur mesure pour votre entreprise\"}]},{\"@type\":\"WebSite\",\"@id\":\"https:\\\/\\\/www.bestronger.be\\\/fr\\\/#website\",\"url\":\"https:\\\/\\\/www.bestronger.be\\\/fr\\\/\",\"name\":\"Be-Stronger\",\"description\":\"LES COURTIERS EN ASSURANCES PROFESSIONNELS AU SERVICE DES ENTREPRISES\",\"publisher\":{\"@id\":\"https:\\\/\\\/www.bestronger.be\\\/fr\\\/#organization\"},\"potentialAction\":[{\"@type\":\"SearchAction\",\"target\":{\"@type\":\"EntryPoint\",\"urlTemplate\":\"https:\\\/\\\/www.bestronger.be\\\/fr\\\/?s={search_term_string}\"},\"query-input\":{\"@type\":\"PropertyValueSpecification\",\"valueRequired\":true,\"valueName\":\"search_term_string\"}}],\"inLanguage\":\"fr-FR\"},{\"@type\":\"Organization\",\"@id\":\"https:\\\/\\\/www.bestronger.be\\\/fr\\\/#organization\",\"name\":\"Be-Stronger\",\"url\":\"https:\\\/\\\/www.bestronger.be\\\/fr\\\/\",\"logo\":{\"@type\":\"ImageObject\",\"inLanguage\":\"fr-FR\",\"@id\":\"https:\\\/\\\/www.bestronger.be\\\/fr\\\/#\\\/schema\\\/logo\\\/image\\\/\",\"url\":\"https:\\\/\\\/www.bestronger.be\\\/wp-content\\\/uploads\\\/2018\\\/06\\\/BeStronger-loading.jpg\",\"contentUrl\":\"https:\\\/\\\/www.bestronger.be\\\/wp-content\\\/uploads\\\/2018\\\/06\\\/BeStronger-loading.jpg\",\"width\":294,\"height\":238,\"caption\":\"Be-Stronger\"},\"image\":{\"@id\":\"https:\\\/\\\/www.bestronger.be\\\/fr\\\/#\\\/schema\\\/logo\\\/image\\\/\"}},{\"@type\":\"Person\",\"@id\":\"https:\\\/\\\/www.bestronger.be\\\/fr\\\/#\\\/schema\\\/person\\\/9b5071f88803a5a401150925e1c85edd\",\"name\":\"ux\",\"image\":{\"@type\":\"ImageObject\",\"inLanguage\":\"fr-FR\",\"@id\":\"https:\\\/\\\/secure.gravatar.com\\\/avatar\\\/55910fdda0e0c45554b3096ceaae8625f4b22c21afd0dceb3d417810a4125655?s=96&d=mm&r=g\",\"url\":\"https:\\\/\\\/secure.gravatar.com\\\/avatar\\\/55910fdda0e0c45554b3096ceaae8625f4b22c21afd0dceb3d417810a4125655?s=96&d=mm&r=g\",\"contentUrl\":\"https:\\\/\\\/secure.gravatar.com\\\/avatar\\\/55910fdda0e0c45554b3096ceaae8625f4b22c21afd0dceb3d417810a4125655?s=96&d=mm&r=g\",\"caption\":\"ux\"}}]}<\/script>\n<!-- \/ Yoast SEO plugin. -->","yoast_head_json":{"title":"Assurance PME personnalis\u00e9e : prot\u00e9gez votre entreprise sur-mesure","description":"D\u00e9couvrez comment l\u2019assurance PME personnalis\u00e9e offre une protection sur mesure adapt\u00e9e aux besoins uniques des petites et moyennes entreprises. Exemples, avis et guide pratique inclus.","robots":{"index":"index","follow":"follow","max-snippet":"max-snippet:-1","max-image-preview":"max-image-preview:large","max-video-preview":"max-video-preview:-1"},"canonical":"https:\/\/www.bestronger.be\/fr\/assurance-pme-personnalisee-2\/","og_locale":"fr_FR","og_type":"article","og_title":"Assurance PME personnalis\u00e9e : prot\u00e9gez votre entreprise sur-mesure","og_description":"D\u00e9couvrez comment l\u2019assurance PME personnalis\u00e9e offre une protection sur mesure adapt\u00e9e aux besoins uniques des petites et moyennes entreprises. Exemples, avis et guide pratique inclus.","og_url":"https:\/\/www.bestronger.be\/fr\/assurance-pme-personnalisee-2\/","og_site_name":"BESTRONGER","article_published_time":"2025-07-14T22:26:17+00:00","article_modified_time":"2025-07-14T22:26:27+00:00","og_image":[{"width":2560,"height":1709,"url":"https:\/\/www.bestronger.be\/wp-content\/uploads\/2025\/07\/pexels-image-8-scaled.jpg","type":"image\/jpeg"}],"author":"ux","twitter_card":"summary_large_image","twitter_misc":{"\u00c9crit par":"ux","Dur\u00e9e de lecture estim\u00e9e":"6 minutes"},"schema":{"@context":"https:\/\/schema.org","@graph":[{"@type":"Article","@id":"https:\/\/www.bestronger.be\/fr\/assurance-pme-personnalisee-2\/#article","isPartOf":{"@id":"https:\/\/www.bestronger.be\/fr\/assurance-pme-personnalisee-2\/"},"author":{"name":"ux","@id":"https:\/\/www.bestronger.be\/fr\/#\/schema\/person\/9b5071f88803a5a401150925e1c85edd"},"headline":"assurance pme personnalis\u00e9e : la cl\u00e9 d\u2019une couverture sur mesure pour votre entreprise","datePublished":"2025-07-14T22:26:17+00:00","dateModified":"2025-07-14T22:26:27+00:00","mainEntityOfPage":{"@id":"https:\/\/www.bestronger.be\/fr\/assurance-pme-personnalisee-2\/"},"wordCount":1278,"publisher":{"@id":"https:\/\/www.bestronger.be\/fr\/#organization"},"image":{"@id":"https:\/\/www.bestronger.be\/fr\/assurance-pme-personnalisee-2\/#primaryimage"},"thumbnailUrl":"https:\/\/www.bestronger.be\/wp-content\/uploads\/2025\/07\/pexels-image-8-scaled.jpg","articleSection":["Non classifi\u00e9(e)"],"inLanguage":"fr-FR"},{"@type":"WebPage","@id":"https:\/\/www.bestronger.be\/fr\/assurance-pme-personnalisee-2\/","url":"https:\/\/www.bestronger.be\/fr\/assurance-pme-personnalisee-2\/","name":"Assurance PME personnalis\u00e9e : prot\u00e9gez votre entreprise sur-mesure","isPartOf":{"@id":"https:\/\/www.bestronger.be\/fr\/#website"},"primaryImageOfPage":{"@id":"https:\/\/www.bestronger.be\/fr\/assurance-pme-personnalisee-2\/#primaryimage"},"image":{"@id":"https:\/\/www.bestronger.be\/fr\/assurance-pme-personnalisee-2\/#primaryimage"},"thumbnailUrl":"https:\/\/www.bestronger.be\/wp-content\/uploads\/2025\/07\/pexels-image-8-scaled.jpg","datePublished":"2025-07-14T22:26:17+00:00","dateModified":"2025-07-14T22:26:27+00:00","description":"D\u00e9couvrez comment l\u2019assurance PME personnalis\u00e9e offre une protection sur mesure adapt\u00e9e aux besoins uniques des petites et moyennes entreprises. Exemples, avis et guide pratique inclus.","breadcrumb":{"@id":"https:\/\/www.bestronger.be\/fr\/assurance-pme-personnalisee-2\/#breadcrumb"},"inLanguage":"fr-FR","potentialAction":[{"@type":"ReadAction","target":["https:\/\/www.bestronger.be\/fr\/assurance-pme-personnalisee-2\/"]}]},{"@type":"ImageObject","inLanguage":"fr-FR","@id":"https:\/\/www.bestronger.be\/fr\/assurance-pme-personnalisee-2\/#primaryimage","url":"https:\/\/www.bestronger.be\/wp-content\/uploads\/2025\/07\/pexels-image-8-scaled.jpg","contentUrl":"https:\/\/www.bestronger.be\/wp-content\/uploads\/2025\/07\/pexels-image-8-scaled.jpg","width":2560,"height":1709},{"@type":"BreadcrumbList","@id":"https:\/\/www.bestronger.be\/fr\/assurance-pme-personnalisee-2\/#breadcrumb","itemListElement":[{"@type":"ListItem","position":1,"name":"Accueil","item":"https:\/\/www.bestronger.be\/fr\/"},{"@type":"ListItem","position":2,"name":"assurance pme personnalis\u00e9e : la cl\u00e9 d\u2019une couverture sur mesure pour votre entreprise"}]},{"@type":"WebSite","@id":"https:\/\/www.bestronger.be\/fr\/#website","url":"https:\/\/www.bestronger.be\/fr\/","name":"Be-Stronger","description":"LES COURTIERS EN ASSURANCES PROFESSIONNELS AU SERVICE DES ENTREPRISES","publisher":{"@id":"https:\/\/www.bestronger.be\/fr\/#organization"},"potentialAction":[{"@type":"SearchAction","target":{"@type":"EntryPoint","urlTemplate":"https:\/\/www.bestronger.be\/fr\/?s={search_term_string}"},"query-input":{"@type":"PropertyValueSpecification","valueRequired":true,"valueName":"search_term_string"}}],"inLanguage":"fr-FR"},{"@type":"Organization","@id":"https:\/\/www.bestronger.be\/fr\/#organization","name":"Be-Stronger","url":"https:\/\/www.bestronger.be\/fr\/","logo":{"@type":"ImageObject","inLanguage":"fr-FR","@id":"https:\/\/www.bestronger.be\/fr\/#\/schema\/logo\/image\/","url":"https:\/\/www.bestronger.be\/wp-content\/uploads\/2018\/06\/BeStronger-loading.jpg","contentUrl":"https:\/\/www.bestronger.be\/wp-content\/uploads\/2018\/06\/BeStronger-loading.jpg","width":294,"height":238,"caption":"Be-Stronger"},"image":{"@id":"https:\/\/www.bestronger.be\/fr\/#\/schema\/logo\/image\/"}},{"@type":"Person","@id":"https:\/\/www.bestronger.be\/fr\/#\/schema\/person\/9b5071f88803a5a401150925e1c85edd","name":"ux","image":{"@type":"ImageObject","inLanguage":"fr-FR","@id":"https:\/\/secure.gravatar.com\/avatar\/55910fdda0e0c45554b3096ceaae8625f4b22c21afd0dceb3d417810a4125655?s=96&d=mm&r=g","url":"https:\/\/secure.gravatar.com\/avatar\/55910fdda0e0c45554b3096ceaae8625f4b22c21afd0dceb3d417810a4125655?s=96&d=mm&r=g","contentUrl":"https:\/\/secure.gravatar.com\/avatar\/55910fdda0e0c45554b3096ceaae8625f4b22c21afd0dceb3d417810a4125655?s=96&d=mm&r=g","caption":"ux"}}]}},"_links":{"self":[{"href":"https:\/\/www.bestronger.be\/fr\/wp-json\/wp\/v2\/posts\/5557","targetHints":{"allow":["GET"]}}],"collection":[{"href":"https:\/\/www.bestronger.be\/fr\/wp-json\/wp\/v2\/posts"}],"about":[{"href":"https:\/\/www.bestronger.be\/fr\/wp-json\/wp\/v2\/types\/post"}],"author":[{"embeddable":true,"href":"https:\/\/www.bestronger.be\/fr\/wp-json\/wp\/v2\/users\/1"}],"replies":[{"embeddable":true,"href":"https:\/\/www.bestronger.be\/fr\/wp-json\/wp\/v2\/comments?post=5557"}],"version-history":[{"count":1,"href":"https:\/\/www.bestronger.be\/fr\/wp-json\/wp\/v2\/posts\/5557\/revisions"}],"predecessor-version":[{"id":5560,"href":"https:\/\/www.bestronger.be\/fr\/wp-json\/wp\/v2\/posts\/5557\/revisions\/5560"}],"wp:featuredmedia":[{"embeddable":true,"href":"https:\/\/www.bestronger.be\/fr\/wp-json\/wp\/v2\/media\/5558"}],"wp:attachment":[{"href":"https:\/\/www.bestronger.be\/fr\/wp-json\/wp\/v2\/media?parent=5557"}],"wp:term":[{"taxonomy":"category","embeddable":true,"href":"https:\/\/www.bestronger.be\/fr\/wp-json\/wp\/v2\/categories?post=5557"},{"taxonomy":"post_tag","embeddable":true,"href":"https:\/\/www.bestronger.be\/fr\/wp-json\/wp\/v2\/tags?post=5557"}],"curies":[{"name":"wp","href":"https:\/\/api.w.org\/{rel}","templated":true}]}}