{"id":5569,"date":"2025-07-17T00:26:12","date_gmt":"2025-07-16T22:26:12","guid":{"rendered":"https:\/\/www.bestronger.be\/pack-assurance-pme-3\/"},"modified":"2025-07-17T00:26:12","modified_gmt":"2025-07-16T22:26:12","slug":"pack-assurance-pme-3","status":"publish","type":"post","link":"https:\/\/www.bestronger.be\/fr\/pack-assurance-pme-3\/","title":{"rendered":"pack assurance pme : la cl\u00e9 de vo\u00fbte pour s\u00e9curiser son entreprise aujourd\u2019hui"},"content":{"rendered":"<p>En tant qu\u2019entrepreneur ou dirigeant d\u2019une PME, avez-vous d\u00e9j\u00e0 r\u00e9ellement \u00e9valu\u00e9 les risques qui pourraient mettre en difficult\u00e9 l\u2019\u00e9lan de votre entreprise\u202f? Si la prudence est de mise dans la gestion quotidienne, l\u2019anticipation reste la meilleure alli\u00e9e. C\u2019est justement l\u00e0 qu\u2019entre en jeu le pack assurance PME. Un terme vaste, certes, mais qui recouvre bien plus qu\u2019une simple police d\u2019assurance : un bouclier sur-mesure pour votre activit\u00e9, \u00e0 la crois\u00e9e de la s\u00e9curit\u00e9, de la s\u00e9r\u00e9nit\u00e9 et de la performance m\u00e9tier.<\/p>\n<h2>Comprendre le concept du pack assurance PME<\/h2>\n<p>Un pack assurance PME, c\u2019est tout sauf un gadget standardis\u00e9. Concr\u00e8tement, il s\u2019agit d\u2019un assemblage de garanties s\u00e9lectionn\u00e9es sp\u00e9cialement pour les petites et moyennes entreprises, couvrant aussi bien les biens mat\u00e9riels, la responsabilit\u00e9 civile professionnelle que la protection en cas de cyberattaque ou de litige avec des tiers. On parle alors d\u2019une offre modulaire, o\u00f9 la personnalisation prend le pas sur le \u00ab tout en un \u00bb impersonnel.<\/p>\n<p>Pourquoi est-ce si crucial\u202f? N\u2019importe quel chef d\u2019entreprise ayant essuy\u00e9 un sinistre \u2013 un d\u00e9g\u00e2t des eaux majeur, un vol de mat\u00e9riel informatique, ou une assignation en justice par un client insatisfait \u2013 conna\u00eet la dure r\u00e9alit\u00e9 : l\u2019impr\u00e9vu co\u00fbte cher, financi\u00e8rement et psychologiquement. D\u2019o\u00f9 cette mont\u00e9e en fl\u00e8che, ces cinq derni\u00e8res ann\u00e9es en France, des souscriptions \u00e0 ces packs adapt\u00e9s.<\/p>\n<h2>\u00c0 qui s\u2019adresse le pack assurance PME ?<\/h2>\n<p>Beaucoup pensent, \u00e0 tort, que seules les entreprises de taille significative sont concern\u00e9es. Faux\u202f! Artisans, startups, agences de communication, structures du b\u00e2timent, commerces de proximit\u00e9\u2026 Tous, sans distinction, \u00e9voluent dans un contexte de risques. Selon une \u00e9tude Bpifrance dat\u00e9e de 2023, 48% des entreprises de moins de 50 salari\u00e9s d\u00e9claraient avoir fait face \u00e0 au moins un sinistre majeur au cours des douze derniers mois. R\u00e9sultat\u202f: aujourd\u2019hui, le pack assurance PME s\u2019impose comme un incontournable du pilotage strat\u00e9gique, quels que soient la taille, l\u2019effectif ou le secteur.<\/p>\n<p>Et les ind\u00e9pendants\u202f? S\u2019ils ne sont pas toujours vis\u00e9s par l\u2019appellation \u00ab PME \u00bb, les micro-entrepreneurs et freelances naviguent \u00e9galement dans un univers o\u00f9 la protection des biens, de la responsabilit\u00e9 professionnelle et du chiffre d\u2019affaires est capitale. D\u2019o\u00f9 la g\u00e9n\u00e9ralisation de solutions hybrides, mixant assurance professionnelle et protection personnelle.<\/p>\n<h2>Les garanties essentielles dans un pack assurance PME<\/h2>\n<p>Toutes les assurances n\u2019ont pas la m\u00eame port\u00e9e, loin s\u2019en faut. Un bon pack doit imp\u00e9rativement int\u00e9grer plusieurs volets\u202f: la protection des locaux et du mat\u00e9riel, la garantie responsabilit\u00e9 civile professionnelle (RC Pro) qui vient couvrir les dommages caus\u00e9s \u00e0 des tiers, ainsi que des protections sp\u00e9cifiques selon le secteur. Pour une soci\u00e9t\u00e9 de consulting informatique, l\u2019assurance cyber risques s\u2019impose \u2013 les attaques par ran\u00e7ongiciel ayant augment\u00e9 de 20% depuis 2022, impossible de faire l\u2019impasse.<\/p>\n<p>Ajoutez \u00e0 cela le volet protection juridique, rarement pris au s\u00e9rieux mais pourtant vital\u202f: imaginez recevoir une mise en cause d\u2019un fournisseur m\u00e9content. Mieux vaut pouvoir compter sur un accompagnement expert que de devoir bricoler une riposte au pied lev\u00e9. Enfin, certaines formules incluent la garantie perte d\u2019exploitation, indispensable pour traverser une interruption d\u2019activit\u00e9, comme cela a \u00e9t\u00e9 criant lors des confinements successifs.<\/p>\n<h2>Pourquoi choisir un pack plut\u00f4t que des assurances s\u00e9par\u00e9es ?<\/h2>\n<p>La premi\u00e8re r\u00e9ponse saute aux yeux\u202f: gain de temps, gestion centralis\u00e9e, absence de doublon. Mais il y a plus. En regroupant ses garanties, une PME b\u00e9n\u00e9ficie le plus souvent d\u2019un tarif global optimis\u00e9, donc d\u2019\u00e9conomies non n\u00e9gligeables \u00e0 la cl\u00e9. C\u00f4t\u00e9 services, l\u2019assurance multiplie les points de contact \u2013 gestion des sinistres facilit\u00e9e, acc\u00e8s \u00e0 un conseiller d\u00e9di\u00e9 ou \u00e0 des outils digitaux de suivi.<\/p>\n<p>\u00c0 Saint-\u00c9tienne, une PME sp\u00e9cialis\u00e9e dans la distribution de pi\u00e8ces automobiles t\u00e9moignait r\u00e9cemment de son passage du syst\u00e8me \u00e9clat\u00e9 (cinq contrats, quatre compagnies diff\u00e9rentes\u202f: cauchemar lors d\u2019un sinistre) au pack multi-garanties. Leur retour\u202f? \u00ab\u00a0Une clart\u00e9 totale sur notre couverture, une seule interlocutrice, des documents r\u00e9unis, et surtout des solutions plus rapides en cas d\u2019ennui\u2026 \u00c7a para\u00eet b\u00eate, mais \u00e7a change tout.\u00a0\u00bb C\u2019est cette simplicit\u00e9 op\u00e9rationnelle qui s\u00e9duit aussi, au-del\u00e0 du prix.<\/p>\n<h2>Comment choisir le bon pack pour son activit\u00e9 ?<\/h2>\n<p>Voil\u00e0 une question que l\u2019on me pose chaque semaine lors des audits de structure. Il n\u2019existe pas de solution universelle \u2013 c\u2019est l\u00e0 le point cl\u00e9. Tout d\u00e9pend de la taille de l\u2019\u00e9quipe, de la fr\u00e9quence de d\u00e9placement, de la valeur de l\u2019outillage, de la gestion des donn\u00e9es\u2026 Certains m\u00e9tiers, comme la restauration ou le BTP, n\u00e9cessitent des volets sp\u00e9cifiques\u202f: couverture des denr\u00e9es p\u00e9rissables, protection contre les accidents du travail, garanties d\u00e9cennales, etc.<\/p>\n<p>En outre, anticiper plut\u00f4t que subir\u202f: prenez le temps de dresser un inventaire pr\u00e9cis de vos besoins r\u00e9els, discutez avec un assureur sp\u00e9cialis\u00e9 en PME (et pas juste en entreprises de taille interm\u00e9diaire\u202f!), comparez les exclusions, la franchise, et v\u00e9rifiez les services annexes\u202f: pr\u00e9vention, veille juridique, assistance d\u2019urgence. Faire l\u2019impasse sur ces d\u00e9tails\u202f? C\u2019est risquer de se retrouver, un jour, avec une couverture inadapt\u00e9e \u2013 et l\u00e0, bonjour l\u2019angoisse.<\/p>\n<h2>Pack assurance PME : retours d\u2019exp\u00e9rience et avis du terrain<\/h2>\n<p>Sur le terrain, quels sont les avis\u202f? En 2024, les dirigeants fran\u00e7ais expriment des attentes toujours plus pointues. L\u2019UNAPL l\u2019affirmait dans son barom\u00e8tre annuel\u202f: 64% des entrepreneurs recherchent une approche individualis\u00e9e, et 50% des clients insatisfaits de leur ancienne assurance citent le \u00ab manque de r\u00e9activit\u00e9 \u00bb en cas de sinistre majeur. J\u2019ai crois\u00e9 r\u00e9cemment Pierre, cr\u00e9ateur d\u2019une agence d\u2019\u00e9v\u00e9nementiel \u00e0 Lyon\u202f: \u00ab On se sent \u00e0 l\u2019abri, oui, mais ce qui compte c\u2019est l\u2019accompagnement au quotidien, la p\u00e9dagogie et la transparence quand on doit d\u00e9clarer un p\u00e9pin.\u00a0\u00bb Claire, qui dirige un cabinet d\u2019architecture \u00e0 Rennes, ajoute\u202f: \u00ab Le prix ne fait pas tout\u202f: ce sont les exclusions cach\u00e9es qui posent probl\u00e8me\u202f; je recommande de tout faire relire par un professionnel.\u00a0\u00bb<\/p>\n<p>Regardons la tendance : de plus en plus de compagnies misent sur la technologie \u2013 espaces clients en ligne, application de d\u00e9claration instantan\u00e9e de sinistres, modules de pr\u00e9vention personnalis\u00e9e bas\u00e9s sur l\u2019IA. Est-ce suffisant\u202f? Non, car rien ne remplacera, pour la plupart des directeurs de PME, l\u2019expertise humaine au bout du fil, en cas de temp\u00eate.<\/p>\n<h2>Pack assurance PME et protection contre la cybercriminalit\u00e9 : un enjeu contemporain<\/h2>\n<p>La digitalisation galopante l\u2019exige : difficile d\u2019imaginer une entreprise, m\u00eame de dix salari\u00e9s, fonctionner sans r\u00e9seau informatique, vie priv\u00e9e des donn\u00e9es clientes, solutions cloud et outils collaboratifs connect\u00e9s. D\u2019o\u00f9 l\u2019explosion de la demande pour la cyber-assurance int\u00e9gr\u00e9e au pack PME. Imaginez\u202f: une attaque en pleine nuit interrompt l\u2019activit\u00e9 de votre PME de services, facture de ran\u00e7on \u00e0 payer, perte de cr\u00e9dibilit\u00e9 aupr\u00e8s des clients\u2026 Le cauchemar. Les packs actuels proposent d\u00e9sormais une d\u00e9fense juridique, une prise en charge des frais d\u2019enqu\u00eate, et m\u00eame le remboursement d\u2019une partie de la perte de chiffre d\u2019affaires. R\u00e9volutionnaire ou juste n\u00e9cessaire\u202f? Plut\u00f4t les deux.<\/p>\n<div class=\"faq\">\n<h3>Quelles sont les garanties comprises dans un pack assurance PME&nbsp;?<\/h3>\n<p>Un pack assurance PME comprend g\u00e9n\u00e9ralement la responsabilit\u00e9 civile professionnelle, la protection des locaux et du mat\u00e9riel, la couverture contre la perte d\u2019exploitation, une garantie d\u00e9fense juridique, des options pour la cyber-assurance et la protection financi\u00e8re contre les vols, sinistres ou litiges, le tout ajustable selon votre activit\u00e9.<\/p>\n<h3>Comment adapter un pack assurance PME \u00e0 son secteur d\u2019activit\u00e9&nbsp;?<\/h3>\n<p>La cl\u00e9 est de choisir des garanties qui correspondent pr\u00e9cis\u00e9ment aux risques de votre branche\u202f: par exemple, dans le b\u00e2timent, int\u00e9grer la d\u00e9cennale\u202f; en informatique, privil\u00e9gier la cyber-assurance. L\u2019appui d\u2019un courtier sp\u00e9cialis\u00e9 et l\u2019\u00e9tude fine des clauses facilitent la personnalisation.<\/p>\n<h3>Le pack assurance PME est-il obligatoire&nbsp;pour\u202fma soci\u00e9t\u00e9&nbsp;?<\/h3>\n<p>Non, mais certaines garanties, comme la responsabilit\u00e9 civile professionnelle, sont fortement recommand\u00e9es et m\u00eame obligatoires dans certains m\u00e9tiers r\u00e9glement\u00e9s (avocat, architecte, etc.). Sans protection adapt\u00e9e, une PME s\u2019expose \u00e0 des pertes majeures non couvertes.<\/p>\n<h3>Peut-on modifier son pack assurance PME en cours de contrat&nbsp;?<\/h3>\n<p>Oui. La plupart des compagnies permettent d\u2019ajuster les options ou garanties en fonction de l\u2019\u00e9volution de votre activit\u00e9\u202f: embauche, nouveaux locaux, diversification\u2026 Mieux vaut anticiper et faire un point r\u00e9gulier avec son assureur.<\/p>\n<h3>Quel est le co\u00fbt moyen d\u2019un pack assurance PME&nbsp;?<\/h3>\n<p>Le tarif varie \u00e9norm\u00e9ment selon la taille de la soci\u00e9t\u00e9, le secteur, la localisation et les garanties choisies. Il faut compter d\u2019environ 600\u202f\u20ac \u00e0 plus de 4\u202f000\u202f\u20ac annuels pour une PME classique. Un diagnostic personnalis\u00e9 reste indispensable.<\/p>\n<\/div>\n","protected":false},"excerpt":{"rendered":"<p>En tant qu\u2019entrepreneur ou dirigeant d\u2019une PME, avez-vous d\u00e9j\u00e0 r\u00e9ellement \u00e9valu\u00e9 les risques qui pourraient mettre en difficult\u00e9 l\u2019\u00e9lan de votre entreprise\u202f? Si la prudence est de mise dans la gestion quotidienne, l\u2019anticipation reste la meilleure alli\u00e9e. C\u2019est justement l\u00e0 qu\u2019entre en jeu le pack assurance PME. Un terme vaste, certes, mais qui recouvre bien [&hellip;]<\/p>\n","protected":false},"author":1,"featured_media":0,"comment_status":"closed","ping_status":"open","sticky":false,"template":"","format":"standard","meta":{"footnotes":""},"categories":[1],"tags":[],"class_list":["post-5569","post","type-post","status-publish","format-standard","hentry","category-non-classifiee"],"yoast_head":"<!-- This site is optimized with the Yoast SEO plugin v27.3 - https:\/\/yoast.com\/product\/yoast-seo-wordpress\/ -->\n<title>pack assurance pme : la cl\u00e9 de vo\u00fbte pour s\u00e9curiser son entreprise aujourd\u2019hui - BESTRONGER<\/title>\n<meta name=\"robots\" content=\"index, follow, max-snippet:-1, max-image-preview:large, max-video-preview:-1\" \/>\n<link rel=\"canonical\" href=\"https:\/\/www.bestronger.be\/fr\/pack-assurance-pme-3\/\" \/>\n<meta property=\"og:locale\" content=\"fr_FR\" \/>\n<meta property=\"og:type\" content=\"article\" \/>\n<meta property=\"og:title\" content=\"pack assurance pme : la cl\u00e9 de vo\u00fbte pour s\u00e9curiser son entreprise aujourd\u2019hui - BESTRONGER\" \/>\n<meta property=\"og:description\" content=\"En tant qu\u2019entrepreneur ou dirigeant d\u2019une PME, avez-vous d\u00e9j\u00e0 r\u00e9ellement \u00e9valu\u00e9 les risques qui pourraient mettre en difficult\u00e9 l\u2019\u00e9lan de votre entreprise\u202f? Si la prudence est de mise dans la gestion quotidienne, l\u2019anticipation reste la meilleure alli\u00e9e. C\u2019est justement l\u00e0 qu\u2019entre en jeu le pack assurance PME. Un terme vaste, certes, mais qui recouvre bien [&hellip;]\" \/>\n<meta property=\"og:url\" content=\"https:\/\/www.bestronger.be\/fr\/pack-assurance-pme-3\/\" \/>\n<meta property=\"og:site_name\" content=\"BESTRONGER\" \/>\n<meta property=\"article:published_time\" content=\"2025-07-16T22:26:12+00:00\" \/>\n<meta name=\"author\" content=\"ux\" \/>\n<meta name=\"twitter:card\" content=\"summary_large_image\" \/>\n<meta name=\"twitter:label1\" content=\"\u00c9crit par\" \/>\n\t<meta name=\"twitter:data1\" content=\"ux\" \/>\n\t<meta name=\"twitter:label2\" content=\"Dur\u00e9e de lecture estim\u00e9e\" \/>\n\t<meta name=\"twitter:data2\" content=\"8 minutes\" \/>\n<script type=\"application\/ld+json\" class=\"yoast-schema-graph\">{\"@context\":\"https:\\\/\\\/schema.org\",\"@graph\":[{\"@type\":\"Article\",\"@id\":\"https:\\\/\\\/www.bestronger.be\\\/fr\\\/pack-assurance-pme-3\\\/#article\",\"isPartOf\":{\"@id\":\"https:\\\/\\\/www.bestronger.be\\\/fr\\\/pack-assurance-pme-3\\\/\"},\"author\":{\"name\":\"ux\",\"@id\":\"https:\\\/\\\/www.bestronger.be\\\/fr\\\/#\\\/schema\\\/person\\\/9b5071f88803a5a401150925e1c85edd\"},\"headline\":\"pack assurance pme : la cl\u00e9 de vo\u00fbte pour s\u00e9curiser son entreprise aujourd\u2019hui\",\"datePublished\":\"2025-07-16T22:26:12+00:00\",\"mainEntityOfPage\":{\"@id\":\"https:\\\/\\\/www.bestronger.be\\\/fr\\\/pack-assurance-pme-3\\\/\"},\"wordCount\":1543,\"publisher\":{\"@id\":\"https:\\\/\\\/www.bestronger.be\\\/fr\\\/#organization\"},\"articleSection\":[\"Non classifi\u00e9(e)\"],\"inLanguage\":\"fr-FR\"},{\"@type\":\"WebPage\",\"@id\":\"https:\\\/\\\/www.bestronger.be\\\/fr\\\/pack-assurance-pme-3\\\/\",\"url\":\"https:\\\/\\\/www.bestronger.be\\\/fr\\\/pack-assurance-pme-3\\\/\",\"name\":\"pack assurance pme : la cl\u00e9 de vo\u00fbte pour s\u00e9curiser son entreprise aujourd\u2019hui - BESTRONGER\",\"isPartOf\":{\"@id\":\"https:\\\/\\\/www.bestronger.be\\\/fr\\\/#website\"},\"datePublished\":\"2025-07-16T22:26:12+00:00\",\"breadcrumb\":{\"@id\":\"https:\\\/\\\/www.bestronger.be\\\/fr\\\/pack-assurance-pme-3\\\/#breadcrumb\"},\"inLanguage\":\"fr-FR\",\"potentialAction\":[{\"@type\":\"ReadAction\",\"target\":[\"https:\\\/\\\/www.bestronger.be\\\/fr\\\/pack-assurance-pme-3\\\/\"]}]},{\"@type\":\"BreadcrumbList\",\"@id\":\"https:\\\/\\\/www.bestronger.be\\\/fr\\\/pack-assurance-pme-3\\\/#breadcrumb\",\"itemListElement\":[{\"@type\":\"ListItem\",\"position\":1,\"name\":\"Accueil\",\"item\":\"https:\\\/\\\/www.bestronger.be\\\/fr\\\/\"},{\"@type\":\"ListItem\",\"position\":2,\"name\":\"pack assurance pme : la cl\u00e9 de vo\u00fbte pour s\u00e9curiser son entreprise aujourd\u2019hui\"}]},{\"@type\":\"WebSite\",\"@id\":\"https:\\\/\\\/www.bestronger.be\\\/fr\\\/#website\",\"url\":\"https:\\\/\\\/www.bestronger.be\\\/fr\\\/\",\"name\":\"Be-Stronger\",\"description\":\"LES COURTIERS EN ASSURANCES PROFESSIONNELS AU SERVICE DES ENTREPRISES\",\"publisher\":{\"@id\":\"https:\\\/\\\/www.bestronger.be\\\/fr\\\/#organization\"},\"potentialAction\":[{\"@type\":\"SearchAction\",\"target\":{\"@type\":\"EntryPoint\",\"urlTemplate\":\"https:\\\/\\\/www.bestronger.be\\\/fr\\\/?s={search_term_string}\"},\"query-input\":{\"@type\":\"PropertyValueSpecification\",\"valueRequired\":true,\"valueName\":\"search_term_string\"}}],\"inLanguage\":\"fr-FR\"},{\"@type\":\"Organization\",\"@id\":\"https:\\\/\\\/www.bestronger.be\\\/fr\\\/#organization\",\"name\":\"Be-Stronger\",\"url\":\"https:\\\/\\\/www.bestronger.be\\\/fr\\\/\",\"logo\":{\"@type\":\"ImageObject\",\"inLanguage\":\"fr-FR\",\"@id\":\"https:\\\/\\\/www.bestronger.be\\\/fr\\\/#\\\/schema\\\/logo\\\/image\\\/\",\"url\":\"https:\\\/\\\/www.bestronger.be\\\/wp-content\\\/uploads\\\/2018\\\/06\\\/BeStronger-loading.jpg\",\"contentUrl\":\"https:\\\/\\\/www.bestronger.be\\\/wp-content\\\/uploads\\\/2018\\\/06\\\/BeStronger-loading.jpg\",\"width\":294,\"height\":238,\"caption\":\"Be-Stronger\"},\"image\":{\"@id\":\"https:\\\/\\\/www.bestronger.be\\\/fr\\\/#\\\/schema\\\/logo\\\/image\\\/\"}},{\"@type\":\"Person\",\"@id\":\"https:\\\/\\\/www.bestronger.be\\\/fr\\\/#\\\/schema\\\/person\\\/9b5071f88803a5a401150925e1c85edd\",\"name\":\"ux\",\"image\":{\"@type\":\"ImageObject\",\"inLanguage\":\"fr-FR\",\"@id\":\"https:\\\/\\\/secure.gravatar.com\\\/avatar\\\/55910fdda0e0c45554b3096ceaae8625f4b22c21afd0dceb3d417810a4125655?s=96&d=mm&r=g\",\"url\":\"https:\\\/\\\/secure.gravatar.com\\\/avatar\\\/55910fdda0e0c45554b3096ceaae8625f4b22c21afd0dceb3d417810a4125655?s=96&d=mm&r=g\",\"contentUrl\":\"https:\\\/\\\/secure.gravatar.com\\\/avatar\\\/55910fdda0e0c45554b3096ceaae8625f4b22c21afd0dceb3d417810a4125655?s=96&d=mm&r=g\",\"caption\":\"ux\"}}]}<\/script>\n<!-- \/ Yoast SEO plugin. -->","yoast_head_json":{"title":"pack assurance pme : la cl\u00e9 de vo\u00fbte pour s\u00e9curiser son entreprise aujourd\u2019hui - BESTRONGER","robots":{"index":"index","follow":"follow","max-snippet":"max-snippet:-1","max-image-preview":"max-image-preview:large","max-video-preview":"max-video-preview:-1"},"canonical":"https:\/\/www.bestronger.be\/fr\/pack-assurance-pme-3\/","og_locale":"fr_FR","og_type":"article","og_title":"pack assurance pme : la cl\u00e9 de vo\u00fbte pour s\u00e9curiser son entreprise aujourd\u2019hui - BESTRONGER","og_description":"En tant qu\u2019entrepreneur ou dirigeant d\u2019une PME, avez-vous d\u00e9j\u00e0 r\u00e9ellement \u00e9valu\u00e9 les risques qui pourraient mettre en difficult\u00e9 l\u2019\u00e9lan de votre entreprise\u202f? Si la prudence est de mise dans la gestion quotidienne, l\u2019anticipation reste la meilleure alli\u00e9e. C\u2019est justement l\u00e0 qu\u2019entre en jeu le pack assurance PME. Un terme vaste, certes, mais qui recouvre bien [&hellip;]","og_url":"https:\/\/www.bestronger.be\/fr\/pack-assurance-pme-3\/","og_site_name":"BESTRONGER","article_published_time":"2025-07-16T22:26:12+00:00","author":"ux","twitter_card":"summary_large_image","twitter_misc":{"\u00c9crit par":"ux","Dur\u00e9e de lecture estim\u00e9e":"8 minutes"},"schema":{"@context":"https:\/\/schema.org","@graph":[{"@type":"Article","@id":"https:\/\/www.bestronger.be\/fr\/pack-assurance-pme-3\/#article","isPartOf":{"@id":"https:\/\/www.bestronger.be\/fr\/pack-assurance-pme-3\/"},"author":{"name":"ux","@id":"https:\/\/www.bestronger.be\/fr\/#\/schema\/person\/9b5071f88803a5a401150925e1c85edd"},"headline":"pack assurance pme : la cl\u00e9 de vo\u00fbte pour s\u00e9curiser son entreprise aujourd\u2019hui","datePublished":"2025-07-16T22:26:12+00:00","mainEntityOfPage":{"@id":"https:\/\/www.bestronger.be\/fr\/pack-assurance-pme-3\/"},"wordCount":1543,"publisher":{"@id":"https:\/\/www.bestronger.be\/fr\/#organization"},"articleSection":["Non classifi\u00e9(e)"],"inLanguage":"fr-FR"},{"@type":"WebPage","@id":"https:\/\/www.bestronger.be\/fr\/pack-assurance-pme-3\/","url":"https:\/\/www.bestronger.be\/fr\/pack-assurance-pme-3\/","name":"pack assurance pme : la cl\u00e9 de vo\u00fbte pour s\u00e9curiser son entreprise aujourd\u2019hui - BESTRONGER","isPartOf":{"@id":"https:\/\/www.bestronger.be\/fr\/#website"},"datePublished":"2025-07-16T22:26:12+00:00","breadcrumb":{"@id":"https:\/\/www.bestronger.be\/fr\/pack-assurance-pme-3\/#breadcrumb"},"inLanguage":"fr-FR","potentialAction":[{"@type":"ReadAction","target":["https:\/\/www.bestronger.be\/fr\/pack-assurance-pme-3\/"]}]},{"@type":"BreadcrumbList","@id":"https:\/\/www.bestronger.be\/fr\/pack-assurance-pme-3\/#breadcrumb","itemListElement":[{"@type":"ListItem","position":1,"name":"Accueil","item":"https:\/\/www.bestronger.be\/fr\/"},{"@type":"ListItem","position":2,"name":"pack assurance pme : la cl\u00e9 de vo\u00fbte pour s\u00e9curiser son entreprise aujourd\u2019hui"}]},{"@type":"WebSite","@id":"https:\/\/www.bestronger.be\/fr\/#website","url":"https:\/\/www.bestronger.be\/fr\/","name":"Be-Stronger","description":"LES COURTIERS EN ASSURANCES PROFESSIONNELS AU SERVICE DES ENTREPRISES","publisher":{"@id":"https:\/\/www.bestronger.be\/fr\/#organization"},"potentialAction":[{"@type":"SearchAction","target":{"@type":"EntryPoint","urlTemplate":"https:\/\/www.bestronger.be\/fr\/?s={search_term_string}"},"query-input":{"@type":"PropertyValueSpecification","valueRequired":true,"valueName":"search_term_string"}}],"inLanguage":"fr-FR"},{"@type":"Organization","@id":"https:\/\/www.bestronger.be\/fr\/#organization","name":"Be-Stronger","url":"https:\/\/www.bestronger.be\/fr\/","logo":{"@type":"ImageObject","inLanguage":"fr-FR","@id":"https:\/\/www.bestronger.be\/fr\/#\/schema\/logo\/image\/","url":"https:\/\/www.bestronger.be\/wp-content\/uploads\/2018\/06\/BeStronger-loading.jpg","contentUrl":"https:\/\/www.bestronger.be\/wp-content\/uploads\/2018\/06\/BeStronger-loading.jpg","width":294,"height":238,"caption":"Be-Stronger"},"image":{"@id":"https:\/\/www.bestronger.be\/fr\/#\/schema\/logo\/image\/"}},{"@type":"Person","@id":"https:\/\/www.bestronger.be\/fr\/#\/schema\/person\/9b5071f88803a5a401150925e1c85edd","name":"ux","image":{"@type":"ImageObject","inLanguage":"fr-FR","@id":"https:\/\/secure.gravatar.com\/avatar\/55910fdda0e0c45554b3096ceaae8625f4b22c21afd0dceb3d417810a4125655?s=96&d=mm&r=g","url":"https:\/\/secure.gravatar.com\/avatar\/55910fdda0e0c45554b3096ceaae8625f4b22c21afd0dceb3d417810a4125655?s=96&d=mm&r=g","contentUrl":"https:\/\/secure.gravatar.com\/avatar\/55910fdda0e0c45554b3096ceaae8625f4b22c21afd0dceb3d417810a4125655?s=96&d=mm&r=g","caption":"ux"}}]}},"_links":{"self":[{"href":"https:\/\/www.bestronger.be\/fr\/wp-json\/wp\/v2\/posts\/5569","targetHints":{"allow":["GET"]}}],"collection":[{"href":"https:\/\/www.bestronger.be\/fr\/wp-json\/wp\/v2\/posts"}],"about":[{"href":"https:\/\/www.bestronger.be\/fr\/wp-json\/wp\/v2\/types\/post"}],"author":[{"embeddable":true,"href":"https:\/\/www.bestronger.be\/fr\/wp-json\/wp\/v2\/users\/1"}],"replies":[{"embeddable":true,"href":"https:\/\/www.bestronger.be\/fr\/wp-json\/wp\/v2\/comments?post=5569"}],"version-history":[{"count":0,"href":"https:\/\/www.bestronger.be\/fr\/wp-json\/wp\/v2\/posts\/5569\/revisions"}],"wp:attachment":[{"href":"https:\/\/www.bestronger.be\/fr\/wp-json\/wp\/v2\/media?parent=5569"}],"wp:term":[{"taxonomy":"category","embeddable":true,"href":"https:\/\/www.bestronger.be\/fr\/wp-json\/wp\/v2\/categories?post=5569"},{"taxonomy":"post_tag","embeddable":true,"href":"https:\/\/www.bestronger.be\/fr\/wp-json\/wp\/v2\/tags?post=5569"}],"curies":[{"name":"wp","href":"https:\/\/api.w.org\/{rel}","templated":true}]}}