{"id":5570,"date":"2025-07-18T00:26:25","date_gmt":"2025-07-17T22:26:25","guid":{"rendered":"https:\/\/www.bestronger.be\/assurance-pme-personnalisee-3\/"},"modified":"2025-07-18T00:26:35","modified_gmt":"2025-07-17T22:26:35","slug":"assurance-pme-personnalisee-3","status":"publish","type":"post","link":"https:\/\/www.bestronger.be\/fr\/assurance-pme-personnalisee-3\/","title":{"rendered":"assurance pme personnalis\u00e9e : adapter la protection \u00e0 chaque entreprise"},"content":{"rendered":"<p>L\u2019univers des PME en France \u2013 qui repr\u00e9sentaient, selon l\u2019INSEE, plus de 4 millions d\u2019\u00e9tablissements actifs en 2023 \u2013 est incroyablement diversifi\u00e9. Caf\u00e9s de quartier, cabinets de consultants, artisans, startups du num\u00e9rique, soci\u00e9t\u00e9s de transport local, agences \u00e9v\u00e9nementielles\u2026 Autant d\u2019histoires singuli\u00e8res et de risques sp\u00e9cifiques. Mais alors, peut-on vraiment prot\u00e9ger un restaurant lyonnais et une agence de webdesign \u00e0 Nantes avec le m\u00eame contrat d\u2019assurance ? La r\u00e9ponse, vous l\u2019aurez devin\u00e9e, est aussi nuanc\u00e9e que le tissu \u00e9conomique fran\u00e7ais. C\u2019est l\u00e0 qu\u2019intervient l\u2019assurance PME personnalis\u00e9e, loin des offres toutes faites, qui permet de couvrir votre activit\u00e9 selon vos vrais besoins, vos r\u00e9alit\u00e9s, vos ambitions.<\/p>\n<h2>Comprendre les r\u00e9els enjeux d\u2019une PME aujourd\u2019hui<\/h2>\n<p>Au fil des ann\u00e9es, le contexte n\u2019a cess\u00e9 d\u2019\u00e9voluer pour les PME. Les cybermenaces se sont multipli\u00e9es, l\u2019exigence de conformit\u00e9 r\u00e9glementaire s\u2019est renforc\u00e9e, et bien s\u00fbr, la pand\u00e9mie de 2020 a r\u00e9v\u00e9l\u00e9 la fragilit\u00e9 de nombreuses petites structures face \u00e0 des risques \u00ab non anticip\u00e9s \u00bb. Pourtant, selon une \u00e9tude d\u2019OpinionWay parue en janvier 2024, pr\u00e8s de 37% des dirigeants de PME estiment que leur couverture actuelle pr\u00e9sente des lacunes.<br \/>Pourtant, l\u2019assurance reste un rempart financier majeur face \u00e0 l\u2019impr\u00e9vu : d\u00e9g\u00e2ts des eaux dans vos locaux, litige prud\u2019homal, sinistre informatique, vuln\u00e9rabilit\u00e9 face \u00e0 un collaborateur cl\u00e9 absent, accident de v\u00e9hicule utilitaire&#8230; Un simple incident peut menacer un business entier. Alors, comment opter pour une protection qui colle \u00e0 votre ADN, \u00e0 vos m\u00e9thodes, \u00e0 vos d\u00e9fis du quotidien ?<\/p>\n<h2>Pourquoi d\u00e9laisser l\u2019assurance standardis\u00e9e ?<\/h2>\n<p>Nombre de PME, par pragmatisme ou par manque d\u2019informations, choisissent une assurance \u00ab packag\u00e9e \u00bb. Un choix rationnel en apparence\u2026 jusqu\u2019\u00e0 la d\u00e9couverte des petites lignes lors d\u2019un sinistre non indemnis\u00e9, ou d\u2019une couverture superflue et co\u00fbteuse qui entame la marge ! Il est temps d\u2019arr\u00eater de penser que \u00ab c\u2019est pareil pour tout le monde \u00bb. Prenez le cas de C\u00e9line, qui dirige une boutique de pr\u00eat-\u00e0-porter \u00e0 Toulouse : elle a opt\u00e9, pendant dix ans, pour un contrat multirisques sans distinguer ses v\u00e9ritables priorit\u00e9s (vol avec effraction, dommages aux marchandises sensibles \u00e0 l\u2019humidit\u00e9). R\u00e9sultat ? Apr\u00e8s un sinistre mal indemnis\u00e9 et quelques sueurs froides, elle s\u2019est tourn\u00e9e vers une assurance PME personnalis\u00e9e \u2013 et pour la premi\u00e8re fois, elle s\u2019est sentie soutenue par son assureur.<br \/>Sortir de la standardisation, c\u2019est reprendre le contr\u00f4le sur sa gestion des risques, \u00e9viter les doublons et d\u00e9samorcer les angles morts.<\/p>\n<h2>Les atouts d\u2019une assurance PME personnalis\u00e9e<\/h2>\n<p>L\u2019assurance sur-mesure repose sur un diagnostic affin\u00e9. Un assureur d\u00e9di\u00e9 \u00e9tudie la typologie de votre PME : son chiffre d\u2019affaires, ses obligations sp\u00e9cifiques, le degr\u00e9 d\u2019exposition \u00e0 certains risques, la composition de son \u00e9quipe, la pr\u00e9sence (ou non) d\u2019un si\u00e8ge social&#8230; Un garagiste n\u2019a pas du tout les m\u00eames besoins qu\u2019un cabinet de recrutement !<br \/>Par exemple, une PME qui r\u00e9alise de la prestation informatique n\u00e9cessitera des garanties de cyber-assurance et de responsabilit\u00e9 civile professionnelle \u00e9tendues. Une PME du b\u00e2timent, en revanche, devra privil\u00e9gier une assurance d\u00e9cennale, des garanties perte d\u2019exploitation, ou une assurance flotte adapt\u00e9e \u00e0 ses utilitaires. Le sur-mesure, c\u2019est \u00e7a : partir des r\u00e9alit\u00e9s du terrain et non de grilles g\u00e9n\u00e9riques.<\/p>\n<p>La personnalisation a aussi un impact direct sur les co\u00fbts. Les offres sont ajust\u00e9es \u00e0 votre activit\u00e9\u2009: pas de cotisations pour des risques qui ne vous concernent pas, mais des options \u00ab \u00e0 la carte \u00bb selon vos ambitions, vos projets de d\u00e9veloppement\u2026 En 2023, selon le comparateur LeLynx.fr, les PME passant d\u2019une assurance classique \u00e0 une formule personnalis\u00e9e \u00e9conomisaient en moyenne 18% sur leur prime annuelle, tout en b\u00e9n\u00e9ficiant de prestations mieux cibl\u00e9es.<\/p>\n<h2>Une d\u00e9marche en 4 \u00e9tapes cl\u00e9s<\/h2>\n<p>Se lancer dans une assurance PME personnalis\u00e9e, ce n\u2019est ni long ni complexe, si l\u2019on s\u2019y prend avec m\u00e9thode. Premi\u00e8re \u00e9tape : le diagnostic des risques, souvent r\u00e9alis\u00e9 lors d\u2019un entretien (physique ou \u00e0 distance). Viennent ensuite l\u2019analyse des obligations l\u00e9gales (certaines professions ou activit\u00e9s exigent des garanties pr\u00e9cises), l\u2019ajustement des garanties (quitte \u00e0 revoir certaines franchises ou montants d\u2019indemnit\u00e9s) et enfin, la phase essentielle de conseil en gestion du risque. Il s\u2019agit parfois aussi de revoir certains process internes (s\u00e9curit\u00e9 des locaux, sauvegarde informatique, formation \u00e0 la cybers\u00e9curit\u00e9), pour b\u00e9n\u00e9ficier de tarifs avantageux.<br \/>\u00c0 la cl\u00e9 ? Une relation de confiance avec votre courtier ou votre assureur, un sentiment de s\u00e9curit\u00e9 nettement renforc\u00e9 et une r\u00e9activit\u00e9 accrue lors d\u2019un sinistre, car chaque dossier est pr\u00e9-identifi\u00e9.<\/p>\n<h2>Le t\u00e9moignage du terrain : retour d\u2019exp\u00e9rience et avis<\/h2>\n<p>En r\u00e9gion Auvergne-Rh\u00f4ne-Alpes, la soci\u00e9t\u00e9 Durand et Fils (BTP, 38 salari\u00e9s), a longtemps g\u00e9r\u00e9 son assurance \u00ab au plus vite \u00bb \u2014 mot du dirigeant \u2014 en changeant souvent de contrat pour des raisons de prix. C\u2019est seulement apr\u00e8s un d\u00e9g\u00e2t des eaux majeur dans leur entrep\u00f4t en f\u00e9vrier 2022 que l\u2019\u00e9quipe s\u2019est tourn\u00e9e vers un contrat sur-mesure : garanties pertes d\u2019exploitation, prime modul\u00e9e selon le nombre de chantiers, assistance juridique d\u00e9di\u00e9e\u2026 Apr\u00e8s deux ans d\u2019exp\u00e9rience, le verdict est clair : \u00ab On sait o\u00f9 on va, on sait ce qu\u2019on paie, et surtout, on sait ce qu\u2019on attend de notre assureur. \u00bb<br \/>Autre retour, cette fois dans les Hauts-de-Seine : L\u00e9a (cofondatrice d\u2019une startup de services RH) souligne la fluidit\u00e9 du process et surtout le conseil apport\u00e9, qui a permis d\u2019int\u00e9grer une garantie \u00ab arr\u00eat temporaire d\u2019activit\u00e9 \u00bb sur-mesure, indispensable en cas de souci avec une plateforme logicielle centrale.<br \/>Bien s\u00fbr, tout n\u2019est pas parfait : certains entrepreneurs regrettent encore le manque de lisibilit\u00e9 entre les offres, ou des agents parfois peu sp\u00e9cialis\u00e9s dans leur secteur. Mais le bilan est majoritairement positif, notamment en termes de gestion du stress au quotidien.<\/p>\n<h2>Comment choisir son partenaire d\u2019assurance ?<\/h2>\n<p>La v\u00e9ritable question du chef d\u2019entreprise n\u2019est pas \u00ab Dois-je assurer ? \u00bb mais bien \u00ab Pour qui vais-je souscrire et comment faire le bon choix ? \u00bb Le bon partenaire, c\u2019est celui qui prend le temps, qui conna\u00eet votre m\u00e9tier sur le bout des doigts et qui pourra vous accompagner dans la dur\u00e9e \u2013 pas juste un fournisseur parmi d\u2019autres. Privil\u00e9gier l\u2019\u00e9coute, la r\u00e9activit\u00e9, la proximit\u00e9 (parfois le courtier local peut se r\u00e9v\u00e9ler bien plus pr\u00e9cieux qu\u2019un g\u00e9ant national peu concern\u00e9\u2026). Et bien s\u00fbr, comparer plusieurs devis, questionner sur la r\u00e9vision annuelle des garanties, la possibilit\u00e9 de moduler en cours de contrat : ce sont des d\u00e9tails qui font toute la diff\u00e9rence.<br \/>Avoir une assurance PME personnalis\u00e9e, ce n\u2019est pas seulement cocher une case de plus sur sa to do list : c\u2019est investir pour demain, pour sa propre s\u00e9r\u00e9nit\u00e9, et pour la p\u00e9rennit\u00e9 de son \u00e9quipe.<\/p>\n<div class=\"faq\">\n<h3>Qu\u2019est-ce qu\u2019une assurance PME personnalis\u00e9e exactement ?<\/h3>\n<p>Il s\u2019agit d\u2019un contrat sur-mesure, construit sp\u00e9cifiquement en fonction de la taille, du secteur d\u2019activit\u00e9, des risques sp\u00e9cifiques et des ambitions d\u2019une PME. Contrairement \u00e0 une assurance standard, elle tient compte de la r\u00e9alit\u00e9 et de la singularit\u00e9 de chaque entreprise.<\/p>\n<h3>Combien co\u00fbte une assurance PME personnalis\u00e9e ?<\/h3>\n<p>Le co\u00fbt d\u00e9pend des garanties s\u00e9lectionn\u00e9es, du secteur d\u2019activit\u00e9, du chiffre d\u2019affaires, et des risques \u00e0 couvrir. En moyenne, les entreprises \u00e9conomisent de 10 \u00e0 20% en choisissant une offre ajust\u00e9e plut\u00f4t qu\u2019une assurance packag\u00e9e inadapt\u00e9e.<\/p>\n<h3>Quels sont les principaux avantages \u00e0 personnaliser son assurance PME ?<\/h3>\n<p>La personnalisation permet d\u2019\u00e9viter les doublons, d\u2019optimiser les co\u00fbts, de b\u00e9n\u00e9ficier d\u2019une indemnisation mieux adapt\u00e9e en cas de sinistre, et d\u2019instaurer une vraie relation de confiance avec son assureur.<\/p>\n<h3>Comment trouver un assureur qui propose une r\u00e9elle personnalisation ?<\/h3>\n<p>Il est conseill\u00e9 de s\u2019adresser \u00e0 un courtier ind\u00e9pendant ou \u00e0 des compagnies connues pour leur expertise sectorielle, de demander des cas concrets similaires \u00e0 votre situation, et de v\u00e9rifier la transparence des devis propos\u00e9s.<\/p>\n<h3>Puis-je personnaliser mon assurance PME si mon entreprise \u00e9volue rapidement ?<\/h3>\n<p>Absolument : une bonne assurance personnalis\u00e9e pr\u00e9voit la r\u00e9vision annuelle des garanties, et s\u2019adapte ais\u00e9ment aux \u00e9volutions structurelles ou strat\u00e9giques de votre activit\u00e9.<\/p>\n<\/div>\n","protected":false},"excerpt":{"rendered":"<p>L\u2019univers des PME en France \u2013 qui repr\u00e9sentaient, selon l\u2019INSEE, plus de 4 millions d\u2019\u00e9tablissements actifs en 2023 \u2013 est incroyablement diversifi\u00e9. Caf\u00e9s de quartier, cabinets de consultants, artisans, startups du num\u00e9rique, soci\u00e9t\u00e9s de transport local, agences \u00e9v\u00e9nementielles\u2026 Autant d\u2019histoires singuli\u00e8res et de risques sp\u00e9cifiques. Mais alors, peut-on vraiment prot\u00e9ger un restaurant lyonnais et une [&hellip;]<\/p>\n","protected":false},"author":1,"featured_media":5571,"comment_status":"closed","ping_status":"open","sticky":false,"template":"","format":"standard","meta":{"footnotes":""},"categories":[1],"tags":[],"class_list":["post-5570","post","type-post","status-publish","format-standard","has-post-thumbnail","hentry","category-non-classifiee"],"yoast_head":"<!-- This site is optimized with the Yoast SEO plugin v27.3 - https:\/\/yoast.com\/product\/yoast-seo-wordpress\/ -->\n<title>Assurance PME personnalis\u00e9e : la protection sur-mesure pour chaque entreprise<\/title>\n<meta name=\"description\" content=\"D\u00e9couvrez les b\u00e9n\u00e9fices d\u2019une assurance PME personnalis\u00e9e, des exemples concrets, retours d\u2019exp\u00e9rience et conseils pour une protection adapt\u00e9e \u00e0 votre activit\u00e9, sans frais inutiles.\" \/>\n<meta name=\"robots\" content=\"index, follow, max-snippet:-1, max-image-preview:large, max-video-preview:-1\" \/>\n<link rel=\"canonical\" href=\"https:\/\/www.bestronger.be\/fr\/assurance-pme-personnalisee-3\/\" \/>\n<meta property=\"og:locale\" content=\"fr_FR\" \/>\n<meta property=\"og:type\" content=\"article\" \/>\n<meta property=\"og:title\" content=\"Assurance PME personnalis\u00e9e : la protection sur-mesure pour chaque entreprise\" \/>\n<meta property=\"og:description\" content=\"D\u00e9couvrez les b\u00e9n\u00e9fices d\u2019une assurance PME personnalis\u00e9e, des exemples concrets, retours d\u2019exp\u00e9rience et conseils pour une protection adapt\u00e9e \u00e0 votre activit\u00e9, sans frais inutiles.\" \/>\n<meta property=\"og:url\" content=\"https:\/\/www.bestronger.be\/fr\/assurance-pme-personnalisee-3\/\" \/>\n<meta property=\"og:site_name\" content=\"BESTRONGER\" \/>\n<meta property=\"article:published_time\" content=\"2025-07-17T22:26:25+00:00\" \/>\n<meta property=\"article:modified_time\" content=\"2025-07-17T22:26:35+00:00\" \/>\n<meta property=\"og:image\" content=\"https:\/\/www.bestronger.be\/wp-content\/uploads\/2025\/07\/pexels-image-10-scaled.jpg\" \/>\n\t<meta property=\"og:image:width\" content=\"2560\" \/>\n\t<meta property=\"og:image:height\" content=\"1707\" \/>\n\t<meta property=\"og:image:type\" content=\"image\/jpeg\" \/>\n<meta name=\"author\" content=\"ux\" \/>\n<meta name=\"twitter:card\" content=\"summary_large_image\" \/>\n<meta name=\"twitter:label1\" content=\"\u00c9crit par\" \/>\n\t<meta name=\"twitter:data1\" content=\"ux\" \/>\n\t<meta name=\"twitter:label2\" content=\"Dur\u00e9e de lecture estim\u00e9e\" \/>\n\t<meta name=\"twitter:data2\" content=\"7 minutes\" \/>\n<script type=\"application\/ld+json\" class=\"yoast-schema-graph\">{\"@context\":\"https:\\\/\\\/schema.org\",\"@graph\":[{\"@type\":\"Article\",\"@id\":\"https:\\\/\\\/www.bestronger.be\\\/fr\\\/assurance-pme-personnalisee-3\\\/#article\",\"isPartOf\":{\"@id\":\"https:\\\/\\\/www.bestronger.be\\\/fr\\\/assurance-pme-personnalisee-3\\\/\"},\"author\":{\"name\":\"ux\",\"@id\":\"https:\\\/\\\/www.bestronger.be\\\/fr\\\/#\\\/schema\\\/person\\\/9b5071f88803a5a401150925e1c85edd\"},\"headline\":\"assurance pme personnalis\u00e9e : adapter la protection \u00e0 chaque entreprise\",\"datePublished\":\"2025-07-17T22:26:25+00:00\",\"dateModified\":\"2025-07-17T22:26:35+00:00\",\"mainEntityOfPage\":{\"@id\":\"https:\\\/\\\/www.bestronger.be\\\/fr\\\/assurance-pme-personnalisee-3\\\/\"},\"wordCount\":1453,\"publisher\":{\"@id\":\"https:\\\/\\\/www.bestronger.be\\\/fr\\\/#organization\"},\"image\":{\"@id\":\"https:\\\/\\\/www.bestronger.be\\\/fr\\\/assurance-pme-personnalisee-3\\\/#primaryimage\"},\"thumbnailUrl\":\"https:\\\/\\\/www.bestronger.be\\\/wp-content\\\/uploads\\\/2025\\\/07\\\/pexels-image-10-scaled.jpg\",\"articleSection\":[\"Non classifi\u00e9(e)\"],\"inLanguage\":\"fr-FR\"},{\"@type\":\"WebPage\",\"@id\":\"https:\\\/\\\/www.bestronger.be\\\/fr\\\/assurance-pme-personnalisee-3\\\/\",\"url\":\"https:\\\/\\\/www.bestronger.be\\\/fr\\\/assurance-pme-personnalisee-3\\\/\",\"name\":\"Assurance PME personnalis\u00e9e : la protection sur-mesure pour chaque entreprise\",\"isPartOf\":{\"@id\":\"https:\\\/\\\/www.bestronger.be\\\/fr\\\/#website\"},\"primaryImageOfPage\":{\"@id\":\"https:\\\/\\\/www.bestronger.be\\\/fr\\\/assurance-pme-personnalisee-3\\\/#primaryimage\"},\"image\":{\"@id\":\"https:\\\/\\\/www.bestronger.be\\\/fr\\\/assurance-pme-personnalisee-3\\\/#primaryimage\"},\"thumbnailUrl\":\"https:\\\/\\\/www.bestronger.be\\\/wp-content\\\/uploads\\\/2025\\\/07\\\/pexels-image-10-scaled.jpg\",\"datePublished\":\"2025-07-17T22:26:25+00:00\",\"dateModified\":\"2025-07-17T22:26:35+00:00\",\"description\":\"D\u00e9couvrez les b\u00e9n\u00e9fices d\u2019une assurance PME personnalis\u00e9e, des exemples concrets, retours d\u2019exp\u00e9rience et conseils pour une protection adapt\u00e9e \u00e0 votre activit\u00e9, sans frais inutiles.\",\"breadcrumb\":{\"@id\":\"https:\\\/\\\/www.bestronger.be\\\/fr\\\/assurance-pme-personnalisee-3\\\/#breadcrumb\"},\"inLanguage\":\"fr-FR\",\"potentialAction\":[{\"@type\":\"ReadAction\",\"target\":[\"https:\\\/\\\/www.bestronger.be\\\/fr\\\/assurance-pme-personnalisee-3\\\/\"]}]},{\"@type\":\"ImageObject\",\"inLanguage\":\"fr-FR\",\"@id\":\"https:\\\/\\\/www.bestronger.be\\\/fr\\\/assurance-pme-personnalisee-3\\\/#primaryimage\",\"url\":\"https:\\\/\\\/www.bestronger.be\\\/wp-content\\\/uploads\\\/2025\\\/07\\\/pexels-image-10-scaled.jpg\",\"contentUrl\":\"https:\\\/\\\/www.bestronger.be\\\/wp-content\\\/uploads\\\/2025\\\/07\\\/pexels-image-10-scaled.jpg\",\"width\":2560,\"height\":1707},{\"@type\":\"BreadcrumbList\",\"@id\":\"https:\\\/\\\/www.bestronger.be\\\/fr\\\/assurance-pme-personnalisee-3\\\/#breadcrumb\",\"itemListElement\":[{\"@type\":\"ListItem\",\"position\":1,\"name\":\"Accueil\",\"item\":\"https:\\\/\\\/www.bestronger.be\\\/fr\\\/\"},{\"@type\":\"ListItem\",\"position\":2,\"name\":\"assurance pme personnalis\u00e9e : adapter la protection \u00e0 chaque entreprise\"}]},{\"@type\":\"WebSite\",\"@id\":\"https:\\\/\\\/www.bestronger.be\\\/fr\\\/#website\",\"url\":\"https:\\\/\\\/www.bestronger.be\\\/fr\\\/\",\"name\":\"Be-Stronger\",\"description\":\"LES COURTIERS EN ASSURANCES PROFESSIONNELS AU SERVICE DES ENTREPRISES\",\"publisher\":{\"@id\":\"https:\\\/\\\/www.bestronger.be\\\/fr\\\/#organization\"},\"potentialAction\":[{\"@type\":\"SearchAction\",\"target\":{\"@type\":\"EntryPoint\",\"urlTemplate\":\"https:\\\/\\\/www.bestronger.be\\\/fr\\\/?s={search_term_string}\"},\"query-input\":{\"@type\":\"PropertyValueSpecification\",\"valueRequired\":true,\"valueName\":\"search_term_string\"}}],\"inLanguage\":\"fr-FR\"},{\"@type\":\"Organization\",\"@id\":\"https:\\\/\\\/www.bestronger.be\\\/fr\\\/#organization\",\"name\":\"Be-Stronger\",\"url\":\"https:\\\/\\\/www.bestronger.be\\\/fr\\\/\",\"logo\":{\"@type\":\"ImageObject\",\"inLanguage\":\"fr-FR\",\"@id\":\"https:\\\/\\\/www.bestronger.be\\\/fr\\\/#\\\/schema\\\/logo\\\/image\\\/\",\"url\":\"https:\\\/\\\/www.bestronger.be\\\/wp-content\\\/uploads\\\/2018\\\/06\\\/BeStronger-loading.jpg\",\"contentUrl\":\"https:\\\/\\\/www.bestronger.be\\\/wp-content\\\/uploads\\\/2018\\\/06\\\/BeStronger-loading.jpg\",\"width\":294,\"height\":238,\"caption\":\"Be-Stronger\"},\"image\":{\"@id\":\"https:\\\/\\\/www.bestronger.be\\\/fr\\\/#\\\/schema\\\/logo\\\/image\\\/\"}},{\"@type\":\"Person\",\"@id\":\"https:\\\/\\\/www.bestronger.be\\\/fr\\\/#\\\/schema\\\/person\\\/9b5071f88803a5a401150925e1c85edd\",\"name\":\"ux\",\"image\":{\"@type\":\"ImageObject\",\"inLanguage\":\"fr-FR\",\"@id\":\"https:\\\/\\\/secure.gravatar.com\\\/avatar\\\/55910fdda0e0c45554b3096ceaae8625f4b22c21afd0dceb3d417810a4125655?s=96&d=mm&r=g\",\"url\":\"https:\\\/\\\/secure.gravatar.com\\\/avatar\\\/55910fdda0e0c45554b3096ceaae8625f4b22c21afd0dceb3d417810a4125655?s=96&d=mm&r=g\",\"contentUrl\":\"https:\\\/\\\/secure.gravatar.com\\\/avatar\\\/55910fdda0e0c45554b3096ceaae8625f4b22c21afd0dceb3d417810a4125655?s=96&d=mm&r=g\",\"caption\":\"ux\"}}]}<\/script>\n<!-- \/ Yoast SEO plugin. -->","yoast_head_json":{"title":"Assurance PME personnalis\u00e9e : la protection sur-mesure pour chaque entreprise","description":"D\u00e9couvrez les b\u00e9n\u00e9fices d\u2019une assurance PME personnalis\u00e9e, des exemples concrets, retours d\u2019exp\u00e9rience et conseils pour une protection adapt\u00e9e \u00e0 votre activit\u00e9, sans frais inutiles.","robots":{"index":"index","follow":"follow","max-snippet":"max-snippet:-1","max-image-preview":"max-image-preview:large","max-video-preview":"max-video-preview:-1"},"canonical":"https:\/\/www.bestronger.be\/fr\/assurance-pme-personnalisee-3\/","og_locale":"fr_FR","og_type":"article","og_title":"Assurance PME personnalis\u00e9e : la protection sur-mesure pour chaque entreprise","og_description":"D\u00e9couvrez les b\u00e9n\u00e9fices d\u2019une assurance PME personnalis\u00e9e, des exemples concrets, retours d\u2019exp\u00e9rience et conseils pour une protection adapt\u00e9e \u00e0 votre activit\u00e9, sans frais inutiles.","og_url":"https:\/\/www.bestronger.be\/fr\/assurance-pme-personnalisee-3\/","og_site_name":"BESTRONGER","article_published_time":"2025-07-17T22:26:25+00:00","article_modified_time":"2025-07-17T22:26:35+00:00","og_image":[{"width":2560,"height":1707,"url":"https:\/\/www.bestronger.be\/wp-content\/uploads\/2025\/07\/pexels-image-10-scaled.jpg","type":"image\/jpeg"}],"author":"ux","twitter_card":"summary_large_image","twitter_misc":{"\u00c9crit par":"ux","Dur\u00e9e de lecture estim\u00e9e":"7 minutes"},"schema":{"@context":"https:\/\/schema.org","@graph":[{"@type":"Article","@id":"https:\/\/www.bestronger.be\/fr\/assurance-pme-personnalisee-3\/#article","isPartOf":{"@id":"https:\/\/www.bestronger.be\/fr\/assurance-pme-personnalisee-3\/"},"author":{"name":"ux","@id":"https:\/\/www.bestronger.be\/fr\/#\/schema\/person\/9b5071f88803a5a401150925e1c85edd"},"headline":"assurance pme personnalis\u00e9e : adapter la protection \u00e0 chaque entreprise","datePublished":"2025-07-17T22:26:25+00:00","dateModified":"2025-07-17T22:26:35+00:00","mainEntityOfPage":{"@id":"https:\/\/www.bestronger.be\/fr\/assurance-pme-personnalisee-3\/"},"wordCount":1453,"publisher":{"@id":"https:\/\/www.bestronger.be\/fr\/#organization"},"image":{"@id":"https:\/\/www.bestronger.be\/fr\/assurance-pme-personnalisee-3\/#primaryimage"},"thumbnailUrl":"https:\/\/www.bestronger.be\/wp-content\/uploads\/2025\/07\/pexels-image-10-scaled.jpg","articleSection":["Non classifi\u00e9(e)"],"inLanguage":"fr-FR"},{"@type":"WebPage","@id":"https:\/\/www.bestronger.be\/fr\/assurance-pme-personnalisee-3\/","url":"https:\/\/www.bestronger.be\/fr\/assurance-pme-personnalisee-3\/","name":"Assurance PME personnalis\u00e9e : la protection sur-mesure pour chaque entreprise","isPartOf":{"@id":"https:\/\/www.bestronger.be\/fr\/#website"},"primaryImageOfPage":{"@id":"https:\/\/www.bestronger.be\/fr\/assurance-pme-personnalisee-3\/#primaryimage"},"image":{"@id":"https:\/\/www.bestronger.be\/fr\/assurance-pme-personnalisee-3\/#primaryimage"},"thumbnailUrl":"https:\/\/www.bestronger.be\/wp-content\/uploads\/2025\/07\/pexels-image-10-scaled.jpg","datePublished":"2025-07-17T22:26:25+00:00","dateModified":"2025-07-17T22:26:35+00:00","description":"D\u00e9couvrez les b\u00e9n\u00e9fices d\u2019une assurance PME personnalis\u00e9e, des exemples concrets, retours d\u2019exp\u00e9rience et conseils pour une protection adapt\u00e9e \u00e0 votre activit\u00e9, sans frais inutiles.","breadcrumb":{"@id":"https:\/\/www.bestronger.be\/fr\/assurance-pme-personnalisee-3\/#breadcrumb"},"inLanguage":"fr-FR","potentialAction":[{"@type":"ReadAction","target":["https:\/\/www.bestronger.be\/fr\/assurance-pme-personnalisee-3\/"]}]},{"@type":"ImageObject","inLanguage":"fr-FR","@id":"https:\/\/www.bestronger.be\/fr\/assurance-pme-personnalisee-3\/#primaryimage","url":"https:\/\/www.bestronger.be\/wp-content\/uploads\/2025\/07\/pexels-image-10-scaled.jpg","contentUrl":"https:\/\/www.bestronger.be\/wp-content\/uploads\/2025\/07\/pexels-image-10-scaled.jpg","width":2560,"height":1707},{"@type":"BreadcrumbList","@id":"https:\/\/www.bestronger.be\/fr\/assurance-pme-personnalisee-3\/#breadcrumb","itemListElement":[{"@type":"ListItem","position":1,"name":"Accueil","item":"https:\/\/www.bestronger.be\/fr\/"},{"@type":"ListItem","position":2,"name":"assurance pme personnalis\u00e9e : adapter la protection \u00e0 chaque entreprise"}]},{"@type":"WebSite","@id":"https:\/\/www.bestronger.be\/fr\/#website","url":"https:\/\/www.bestronger.be\/fr\/","name":"Be-Stronger","description":"LES COURTIERS EN ASSURANCES PROFESSIONNELS AU SERVICE DES ENTREPRISES","publisher":{"@id":"https:\/\/www.bestronger.be\/fr\/#organization"},"potentialAction":[{"@type":"SearchAction","target":{"@type":"EntryPoint","urlTemplate":"https:\/\/www.bestronger.be\/fr\/?s={search_term_string}"},"query-input":{"@type":"PropertyValueSpecification","valueRequired":true,"valueName":"search_term_string"}}],"inLanguage":"fr-FR"},{"@type":"Organization","@id":"https:\/\/www.bestronger.be\/fr\/#organization","name":"Be-Stronger","url":"https:\/\/www.bestronger.be\/fr\/","logo":{"@type":"ImageObject","inLanguage":"fr-FR","@id":"https:\/\/www.bestronger.be\/fr\/#\/schema\/logo\/image\/","url":"https:\/\/www.bestronger.be\/wp-content\/uploads\/2018\/06\/BeStronger-loading.jpg","contentUrl":"https:\/\/www.bestronger.be\/wp-content\/uploads\/2018\/06\/BeStronger-loading.jpg","width":294,"height":238,"caption":"Be-Stronger"},"image":{"@id":"https:\/\/www.bestronger.be\/fr\/#\/schema\/logo\/image\/"}},{"@type":"Person","@id":"https:\/\/www.bestronger.be\/fr\/#\/schema\/person\/9b5071f88803a5a401150925e1c85edd","name":"ux","image":{"@type":"ImageObject","inLanguage":"fr-FR","@id":"https:\/\/secure.gravatar.com\/avatar\/55910fdda0e0c45554b3096ceaae8625f4b22c21afd0dceb3d417810a4125655?s=96&d=mm&r=g","url":"https:\/\/secure.gravatar.com\/avatar\/55910fdda0e0c45554b3096ceaae8625f4b22c21afd0dceb3d417810a4125655?s=96&d=mm&r=g","contentUrl":"https:\/\/secure.gravatar.com\/avatar\/55910fdda0e0c45554b3096ceaae8625f4b22c21afd0dceb3d417810a4125655?s=96&d=mm&r=g","caption":"ux"}}]}},"_links":{"self":[{"href":"https:\/\/www.bestronger.be\/fr\/wp-json\/wp\/v2\/posts\/5570","targetHints":{"allow":["GET"]}}],"collection":[{"href":"https:\/\/www.bestronger.be\/fr\/wp-json\/wp\/v2\/posts"}],"about":[{"href":"https:\/\/www.bestronger.be\/fr\/wp-json\/wp\/v2\/types\/post"}],"author":[{"embeddable":true,"href":"https:\/\/www.bestronger.be\/fr\/wp-json\/wp\/v2\/users\/1"}],"replies":[{"embeddable":true,"href":"https:\/\/www.bestronger.be\/fr\/wp-json\/wp\/v2\/comments?post=5570"}],"version-history":[{"count":1,"href":"https:\/\/www.bestronger.be\/fr\/wp-json\/wp\/v2\/posts\/5570\/revisions"}],"predecessor-version":[{"id":5573,"href":"https:\/\/www.bestronger.be\/fr\/wp-json\/wp\/v2\/posts\/5570\/revisions\/5573"}],"wp:featuredmedia":[{"embeddable":true,"href":"https:\/\/www.bestronger.be\/fr\/wp-json\/wp\/v2\/media\/5571"}],"wp:attachment":[{"href":"https:\/\/www.bestronger.be\/fr\/wp-json\/wp\/v2\/media?parent=5570"}],"wp:term":[{"taxonomy":"category","embeddable":true,"href":"https:\/\/www.bestronger.be\/fr\/wp-json\/wp\/v2\/categories?post=5570"},{"taxonomy":"post_tag","embeddable":true,"href":"https:\/\/www.bestronger.be\/fr\/wp-json\/wp\/v2\/tags?post=5570"}],"curies":[{"name":"wp","href":"https:\/\/api.w.org\/{rel}","templated":true}]}}