{"id":5588,"date":"2025-07-21T00:26:04","date_gmt":"2025-07-20T22:26:04","guid":{"rendered":"https:\/\/www.bestronger.be\/pack-assurance-pme-5\/"},"modified":"2025-07-21T00:26:14","modified_gmt":"2025-07-20T22:26:14","slug":"pack-assurance-pme-5","status":"publish","type":"post","link":"https:\/\/www.bestronger.be\/fr\/pack-assurance-pme-5\/","title":{"rendered":"Pack assurance pme\u00a0: prot\u00e9gez l\u2019avenir de votre entreprise"},"content":{"rendered":"<p>La gestion d\u2019une petite ou moyenne entreprise en France, c\u2019est souvent faire face \u00e0 mille imp\u00e9ratifs, tout en gardant un \u0153il sur demain. Et parmi ces priorit\u00e9s, la question de l\u2019assurance ne laisse personne indiff\u00e9rent. Faut-il se contenter d\u2019un contrat minimaliste ou choisir une vraie couverture sur-mesure\u2009? Le \u00ab\u00a0pack assurance PME\u00a0\u00bb s\u00e9duit \u2013 et pour de bonnes raisons. Jetons un \u0153il expert sur ce qui distingue ces offres, les pi\u00e8ges \u00e0 \u00e9viter, et les b\u00e9n\u00e9fices tangibles pour les dirigeants exigeants.<\/p>\n<h2>Pourquoi souscrire un pack assurance PME ?<\/h2>\n<p>Que vous dirigiez une PME industrielle, une agence digitale ou un cabinet d\u2019ing\u00e9nierie, le quotidien vous expose \u00e0 des risques sp\u00e9cifiques. Un d\u00e9g\u00e2t des eaux, un litige client qui s\u2019enlise, une cyberattaque ou un d\u00e9faut de livraison chez un sous-traitant\u2026 En 2023, pr\u00e8s de 21\u00a0% des PME fran\u00e7aises ont d\u00e9clar\u00e9 au moins un sinistre notable, selon la F\u00e9d\u00e9ration fran\u00e7aise de l\u2019assurance. Un simple contrat d\u2019assurance multirisque g\u00e9n\u00e9rique ne suffit plus. Voil\u00e0 pourquoi les packs assurance PME combinent diff\u00e9rentes protections\u00a0: responsabilit\u00e9 civile professionnelle, garanties de locaux, pertes d\u2019exploitation, assurance flotte auto, cybers\u00e9curit\u00e9. L\u2019int\u00e9r\u00eat\u00a0? Centraliser l\u2019ensemble des besoins sans multiplier les d\u00e9marches ni se perdre parmi les options inutiles.<\/p>\n<h2>Quels sont les avantages m\u00e9tier\u00a0?<\/h2>\n<p>Un pack assurance PME bien construit r\u00e9pond \u00e0 deux attentes\u00a0: la tranquillit\u00e9 d\u2019esprit et la performance \u00e9conomique. D\u2019abord, il simplifie la gestion administrative. Fini les contrats dispers\u00e9s chez trois assureurs avec des franchises qui s\u2019additionnent subrepticement. Un seul interlocuteur, des garanties packag\u00e9es, souvent \u00e0 des tarifs mutualis\u00e9s n\u00e9goci\u00e9s pour les structures de taille moyenne. Pour autant, cela ne signifie pas une couverture uniformis\u00e9e\u00a0: la modulation reste possible pour coller \u00e0 la r\u00e9alit\u00e9 de chaque activit\u00e9. Par exemple, une PME du BTP pourra renforcer ses options \u00ab\u00a0garantie d\u00e9cennale\u00a0\u00bb ou \u00ab\u00a0dommages-ouvrage\u00a0\u00bb, quand une agence comptable s\u2019attardera sur la protection juridique ou la cyber-risque. Cette souplesse illustre ce qu\u2019attendent aujourd\u2019hui les entrepreneurs\u00a0: de la ma\u00eetrise sans rigidit\u00e9. Les \u00e9conomies g\u00e9n\u00e9r\u00e9es ne sont pas anecdotiques. Selon un courtier Lyonnais rencontr\u00e9 en 2024, \u00ab\u00a0un pack sur-mesure permet de r\u00e9duire de 12 \u00e0\u00a018 % les d\u00e9penses d\u2019assurance annuelles, tout en renfor\u00e7ant les garanties sur les postes les plus cruciaux\u00a0\u00bb.<\/p>\n<h2>Vers une personnalisation r\u00e9ellement utile<\/h2>\n<p>Pas de recette universelle. Prenons le cas d\u2019une PME francilienne de 35 salari\u00e9s sp\u00e9cialis\u00e9e dans la gestion de bases de donn\u00e9es. Elle opte en 2023 pour un pack int\u00e9grant assurance informatique, responsabilit\u00e9 civile exploitation, et perte d\u2019exploitation. Un incident technique survient\u00a0: un serveur tombe, entra\u00eenant une interruption de production. Gr\u00e2ce au pack, le sinistre est pris en charge, la perte de chiffre d\u2019affaires compens\u00e9e partiellement, et la remise en service acc\u00e9l\u00e9r\u00e9e par des prestataires agr\u00e9\u00e9s. Moralit\u00e9\u00a0: une \u00e9tude pr\u00e9alable avec un expert en assurance PME \u00e9vite de \u00ab\u00a0souscrire dans le vent\u00a0\u00bb, ou pire \u2013 de d\u00e9couvrir apr\u00e8s coup qu\u2019un risque cl\u00e9 n\u2019\u00e9tait pas couvert. Les packs \u00e9voluent : certains int\u00e8grent d\u00e9sormais du conseil en gestion des risques, de l\u2019assistance t\u00e9l\u00e9phonique 24\/7 ou un acc\u00e8s \u00e0 des audits r\u00e9guliers. La notion de pr\u00e9vention prend le dessus \u2013 cela fait toute la diff\u00e9rence \u00e0 long terme.<\/p>\n<h2>Des avis et retours du terrain\u00a0: que pensent les PME fran\u00e7aises ?<\/h2>\n<p>Les t\u00e9moignages sont vari\u00e9s. Julie, dirigeante d\u2019une PME de transport dans les Hauts-de-France, partage\u00a0: \u00ab\u00a0Depuis que j\u2019ai tout regroup\u00e9 dans un pack, j\u2019\u00e9conomise du temps. Les sinistres sont trait\u00e9s plus vite, et je sais o\u00f9 appeler en cas de p\u00e9pin. Ce n\u2019est pas parfait \u2013 certains actes sont toujours \u00e0 d\u00e9clarer soi-m\u00eame, mais globalement, je me sens couverte\u00a0\u00bb. D\u2019autres nuancent. Karim, lui, regrette \u00ab\u00a0des hausses tarifaires d\u2019une ann\u00e9e sur l\u2019autre, m\u00eame sans sinistre. Mais, pour des services de base, il aurait pay\u00e9 plus cher s\u00e9par\u00e9ment\u00a0\u00bb. Sur le site de l\u2019UPE13, plusieurs PME d\u00e9clarent appr\u00e9cier surtout \u00ab\u00a0l\u2019accompagnement sur-mesure et la r\u00e9activit\u00e9 en cas d\u2019impr\u00e9vu\u00a0\u00bb. Certes, il y a encore des marges de progr\u00e8s\u00a0: des process parfois complexes, un manque de p\u00e9dagogie sur les exclusions ou les plafonds. Mais force est de constater que le pack assurance PME a trouv\u00e9 son public chez les dirigeants pragmatiques, qui recherchent protection et simplicit\u00e9. C\u2019est l\u2019air du temps dans un paysage \u00e9conomique mouvant.<\/p>\n<h2>Opportunit\u00e9s et bonnes pratiques SEO pour les pros de l\u2019assurance<\/h2>\n<p>Du c\u00f4t\u00e9 des professionnels de l\u2019assurance, la demande de contenu utile sur le \u00ab\u00a0pack assurance PME\u00a0\u00bb est en hausse. Quelles recherches pour se distinguer sur Google\u00a0? Penser longue tra\u00eene\u00a0: \u00ab\u00a0Pack assurance PME sur-mesure Rh\u00f4ne-Alpes\u00a0\u00bb, \u00ab\u00a0Comparatif assurance multirisque PME Bordeaux\u00a0\u00bb, \u00ab\u00a0Meilleur pack assurance PME artisan\u00a0\u00bb, \u00ab\u00a0Pack protection cyber PME\u00a0\u00bb. Ce sont ces formulations sp\u00e9cifiques qui g\u00e9n\u00e8rent des prospects qualifi\u00e9s, souvent proches de la d\u00e9cision. Conseil\u00a0: enrichir les pages de t\u00e9moignages locaux, d\u2019exemples concrets, de simulateurs ou de contenus interactifs pour faire vivre cette promesse d\u2019accompagnement. Sans en faire des tonnes, mais en restant ancr\u00e9 dans la r\u00e9alit\u00e9 terrain \u2013 pas de jargon, mais du vrai conseil, incarn\u00e9.<\/p>\n<h2>Le pack assurance PME\u00a0: unique, souple et \u00e9volutif<\/h2>\n<p>Hier, chaque assurance se g\u00e9rait \u00e0 part. Aujourd\u2019hui, la convergence s\u2019impose comme la nouvelle norme c\u00f4t\u00e9 PME. Flexibilit\u00e9, adaptabilit\u00e9, vision par risque plut\u00f4t que par produit\u2026 Les assureurs \u00e9voluent, sous la pression des dirigeants qui veulent des solutions \u00e9volutives, sans surprise, qui leur ressemblent. Parce que chaque PME, chaque ville, chaque secteur, chaque moment de vie d\u2019entreprise impose ses propres choix \u2013 et qu\u2019aucun pack n\u2019est d\u00e9finitivement fig\u00e9 dans le marbre. Oui, s\u2019assurer, c\u2019est parfois compliqu\u00e9. Mais bien s\u2019entourer, avec un \u00ab\u00a0pack\u00a0\u00bb bien calibr\u00e9, c\u2019est gagner du temps, de la s\u00e9r\u00e9nit\u00e9, et souvent, \u00e9viter le pire. Alors, vous h\u00e9sitez encore\u00a0? Est-ce que la question n\u2019est pas de savoir combien co\u00fbte une assurance, mais combien votre entreprise risquerait sans elle\u00a0?<\/p>\n<div class=\"faq\">\n<h3>Quels sont les avantages d\u2019un pack assurance PME par rapport \u00e0 des contrats s\u00e9par\u00e9s\u00a0?<\/h3>\n<p>Le principal avantage r\u00e9side dans la simplicit\u00e9 de gestion et la mutualisation des garanties. Un pack permet d\u2019adapter les protections aux risques r\u00e9els, tout en b\u00e9n\u00e9ficiant souvent de tarifs plus attractifs et d\u2019un interlocuteur unique.<\/p>\n<h3>Un pack assurance PME couvre-t-il les nouveaux risques comme la cybers\u00e9curit\u00e9\u00a0?<\/h3>\n<p>De plus en plus d\u2019assureurs incluent des volets cyber dans leurs packs, pouvant aller d\u2019une assistance informatique \u00e0 une indemnisation en cas de fuite de donn\u00e9es ou d\u2019attaque par ransomware. Il faut bien v\u00e9rifier la teneur des garanties propos\u00e9es.<\/p>\n<h3>Combien co\u00fbte un pack assurance PME en moyenne\u00a0?<\/h3>\n<p>Le prix d\u00e9pend de nombreux crit\u00e8res\u00a0: activit\u00e9, chiffre d\u2019affaires, effectif, garanties choisies\u2026 En moyenne, les PME d\u00e9pensent entre 1500\u00a0\u20ac et 8000\u00a0\u20ac par an pour un pack sur-mesure, mais une \u00e9tude pr\u00e9cise est recommand\u00e9e avant de s\u2019engager.<\/p>\n<h3>Comment modifier son pack en cas d\u2019\u00e9volution (embauche, nouveaux locaux, etc.)\u00a0?<\/h3>\n<p>La plupart des contrats sont modulables et pr\u00e9voient des avenants en cas de changement majeur dans la vie de l\u2019entreprise. Il suffit g\u00e9n\u00e9ralement de contacter son conseiller pour mettre \u00e0 jour les garanties.<\/p>\n<h3>Pack assurance PME\u00a0: quelles exclusions fr\u00e9quentes faut-il surveiller\u00a0?<\/h3>\n<p>Attention aux exclusions les plus courantes\u00a0: faute intentionnelle, absence de d\u00e9claration d\u2019un nouveau risque, activit\u00e9s non mentionn\u00e9es au contrat, sinistres sur des \u00e9quipements non assur\u00e9s. Toujours lire attentivement les conditions g\u00e9n\u00e9rales.<\/p>\n<\/div>\n","protected":false},"excerpt":{"rendered":"<p>La gestion d\u2019une petite ou moyenne entreprise en France, c\u2019est souvent faire face \u00e0 mille imp\u00e9ratifs, tout en gardant un \u0153il sur demain. Et parmi ces priorit\u00e9s, la question de l\u2019assurance ne laisse personne indiff\u00e9rent. Faut-il se contenter d\u2019un contrat minimaliste ou choisir une vraie couverture sur-mesure\u2009? Le \u00ab\u00a0pack assurance PME\u00a0\u00bb s\u00e9duit \u2013 et pour [&hellip;]<\/p>\n","protected":false},"author":1,"featured_media":5589,"comment_status":"closed","ping_status":"open","sticky":false,"template":"","format":"standard","meta":{"footnotes":""},"categories":[1],"tags":[],"class_list":["post-5588","post","type-post","status-publish","format-standard","has-post-thumbnail","hentry","category-non-classifiee"],"yoast_head":"<!-- This site is optimized with the Yoast SEO plugin v27.3 - https:\/\/yoast.com\/product\/yoast-seo-wordpress\/ -->\n<title>Pack assurance PME\u00a0: comment choisir la meilleure couverture pour votre entreprise\u00a0?<\/title>\n<meta name=\"description\" content=\"Besoin de prot\u00e9ger votre PME\u00a0? D\u00e9couvrez tout sur le pack assurance PME\u00a0: protections, tarifs, t\u00e9moignages et conseils d\u2019expert pour une couverture sur-mesure efficace.\" \/>\n<meta name=\"robots\" content=\"index, follow, max-snippet:-1, max-image-preview:large, max-video-preview:-1\" \/>\n<link rel=\"canonical\" href=\"https:\/\/www.bestronger.be\/fr\/pack-assurance-pme-5\/\" \/>\n<meta property=\"og:locale\" content=\"fr_FR\" \/>\n<meta property=\"og:type\" content=\"article\" \/>\n<meta property=\"og:title\" content=\"Pack assurance PME\u00a0: comment choisir la meilleure couverture pour votre entreprise\u00a0?\" \/>\n<meta property=\"og:description\" content=\"Besoin de prot\u00e9ger votre PME\u00a0? D\u00e9couvrez tout sur le pack assurance PME\u00a0: protections, tarifs, t\u00e9moignages et conseils d\u2019expert pour une couverture sur-mesure efficace.\" \/>\n<meta property=\"og:url\" content=\"https:\/\/www.bestronger.be\/fr\/pack-assurance-pme-5\/\" \/>\n<meta property=\"og:site_name\" content=\"BESTRONGER\" \/>\n<meta property=\"article:published_time\" content=\"2025-07-20T22:26:04+00:00\" \/>\n<meta property=\"article:modified_time\" content=\"2025-07-20T22:26:14+00:00\" \/>\n<meta property=\"og:image\" content=\"https:\/\/www.bestronger.be\/wp-content\/uploads\/2025\/07\/pexels-image-13-scaled.jpg\" \/>\n\t<meta property=\"og:image:width\" content=\"2560\" \/>\n\t<meta property=\"og:image:height\" content=\"1707\" \/>\n\t<meta property=\"og:image:type\" content=\"image\/jpeg\" \/>\n<meta name=\"author\" content=\"ux\" \/>\n<meta name=\"twitter:card\" content=\"summary_large_image\" \/>\n<meta name=\"twitter:label1\" content=\"\u00c9crit par\" \/>\n\t<meta name=\"twitter:data1\" content=\"ux\" \/>\n\t<meta name=\"twitter:label2\" content=\"Dur\u00e9e de lecture estim\u00e9e\" \/>\n\t<meta name=\"twitter:data2\" content=\"6 minutes\" \/>\n<script type=\"application\/ld+json\" class=\"yoast-schema-graph\">{\"@context\":\"https:\\\/\\\/schema.org\",\"@graph\":[{\"@type\":\"Article\",\"@id\":\"https:\\\/\\\/www.bestronger.be\\\/fr\\\/pack-assurance-pme-5\\\/#article\",\"isPartOf\":{\"@id\":\"https:\\\/\\\/www.bestronger.be\\\/fr\\\/pack-assurance-pme-5\\\/\"},\"author\":{\"name\":\"ux\",\"@id\":\"https:\\\/\\\/www.bestronger.be\\\/fr\\\/#\\\/schema\\\/person\\\/9b5071f88803a5a401150925e1c85edd\"},\"headline\":\"Pack assurance pme\u00a0: prot\u00e9gez l\u2019avenir de votre entreprise\",\"datePublished\":\"2025-07-20T22:26:04+00:00\",\"dateModified\":\"2025-07-20T22:26:14+00:00\",\"mainEntityOfPage\":{\"@id\":\"https:\\\/\\\/www.bestronger.be\\\/fr\\\/pack-assurance-pme-5\\\/\"},\"wordCount\":1306,\"publisher\":{\"@id\":\"https:\\\/\\\/www.bestronger.be\\\/fr\\\/#organization\"},\"image\":{\"@id\":\"https:\\\/\\\/www.bestronger.be\\\/fr\\\/pack-assurance-pme-5\\\/#primaryimage\"},\"thumbnailUrl\":\"https:\\\/\\\/www.bestronger.be\\\/wp-content\\\/uploads\\\/2025\\\/07\\\/pexels-image-13-scaled.jpg\",\"articleSection\":[\"Non classifi\u00e9(e)\"],\"inLanguage\":\"fr-FR\"},{\"@type\":\"WebPage\",\"@id\":\"https:\\\/\\\/www.bestronger.be\\\/fr\\\/pack-assurance-pme-5\\\/\",\"url\":\"https:\\\/\\\/www.bestronger.be\\\/fr\\\/pack-assurance-pme-5\\\/\",\"name\":\"Pack assurance PME\u00a0: comment choisir la meilleure couverture pour votre entreprise\u00a0?\",\"isPartOf\":{\"@id\":\"https:\\\/\\\/www.bestronger.be\\\/fr\\\/#website\"},\"primaryImageOfPage\":{\"@id\":\"https:\\\/\\\/www.bestronger.be\\\/fr\\\/pack-assurance-pme-5\\\/#primaryimage\"},\"image\":{\"@id\":\"https:\\\/\\\/www.bestronger.be\\\/fr\\\/pack-assurance-pme-5\\\/#primaryimage\"},\"thumbnailUrl\":\"https:\\\/\\\/www.bestronger.be\\\/wp-content\\\/uploads\\\/2025\\\/07\\\/pexels-image-13-scaled.jpg\",\"datePublished\":\"2025-07-20T22:26:04+00:00\",\"dateModified\":\"2025-07-20T22:26:14+00:00\",\"description\":\"Besoin de prot\u00e9ger votre PME\u00a0? D\u00e9couvrez tout sur le pack assurance PME\u00a0: protections, tarifs, t\u00e9moignages et conseils d\u2019expert pour une couverture sur-mesure efficace.\",\"breadcrumb\":{\"@id\":\"https:\\\/\\\/www.bestronger.be\\\/fr\\\/pack-assurance-pme-5\\\/#breadcrumb\"},\"inLanguage\":\"fr-FR\",\"potentialAction\":[{\"@type\":\"ReadAction\",\"target\":[\"https:\\\/\\\/www.bestronger.be\\\/fr\\\/pack-assurance-pme-5\\\/\"]}]},{\"@type\":\"ImageObject\",\"inLanguage\":\"fr-FR\",\"@id\":\"https:\\\/\\\/www.bestronger.be\\\/fr\\\/pack-assurance-pme-5\\\/#primaryimage\",\"url\":\"https:\\\/\\\/www.bestronger.be\\\/wp-content\\\/uploads\\\/2025\\\/07\\\/pexels-image-13-scaled.jpg\",\"contentUrl\":\"https:\\\/\\\/www.bestronger.be\\\/wp-content\\\/uploads\\\/2025\\\/07\\\/pexels-image-13-scaled.jpg\",\"width\":2560,\"height\":1707},{\"@type\":\"BreadcrumbList\",\"@id\":\"https:\\\/\\\/www.bestronger.be\\\/fr\\\/pack-assurance-pme-5\\\/#breadcrumb\",\"itemListElement\":[{\"@type\":\"ListItem\",\"position\":1,\"name\":\"Accueil\",\"item\":\"https:\\\/\\\/www.bestronger.be\\\/fr\\\/\"},{\"@type\":\"ListItem\",\"position\":2,\"name\":\"Pack assurance pme\u00a0: prot\u00e9gez l\u2019avenir de votre entreprise\"}]},{\"@type\":\"WebSite\",\"@id\":\"https:\\\/\\\/www.bestronger.be\\\/fr\\\/#website\",\"url\":\"https:\\\/\\\/www.bestronger.be\\\/fr\\\/\",\"name\":\"Be-Stronger\",\"description\":\"LES COURTIERS EN ASSURANCES PROFESSIONNELS AU SERVICE DES ENTREPRISES\",\"publisher\":{\"@id\":\"https:\\\/\\\/www.bestronger.be\\\/fr\\\/#organization\"},\"potentialAction\":[{\"@type\":\"SearchAction\",\"target\":{\"@type\":\"EntryPoint\",\"urlTemplate\":\"https:\\\/\\\/www.bestronger.be\\\/fr\\\/?s={search_term_string}\"},\"query-input\":{\"@type\":\"PropertyValueSpecification\",\"valueRequired\":true,\"valueName\":\"search_term_string\"}}],\"inLanguage\":\"fr-FR\"},{\"@type\":\"Organization\",\"@id\":\"https:\\\/\\\/www.bestronger.be\\\/fr\\\/#organization\",\"name\":\"Be-Stronger\",\"url\":\"https:\\\/\\\/www.bestronger.be\\\/fr\\\/\",\"logo\":{\"@type\":\"ImageObject\",\"inLanguage\":\"fr-FR\",\"@id\":\"https:\\\/\\\/www.bestronger.be\\\/fr\\\/#\\\/schema\\\/logo\\\/image\\\/\",\"url\":\"https:\\\/\\\/www.bestronger.be\\\/wp-content\\\/uploads\\\/2018\\\/06\\\/BeStronger-loading.jpg\",\"contentUrl\":\"https:\\\/\\\/www.bestronger.be\\\/wp-content\\\/uploads\\\/2018\\\/06\\\/BeStronger-loading.jpg\",\"width\":294,\"height\":238,\"caption\":\"Be-Stronger\"},\"image\":{\"@id\":\"https:\\\/\\\/www.bestronger.be\\\/fr\\\/#\\\/schema\\\/logo\\\/image\\\/\"}},{\"@type\":\"Person\",\"@id\":\"https:\\\/\\\/www.bestronger.be\\\/fr\\\/#\\\/schema\\\/person\\\/9b5071f88803a5a401150925e1c85edd\",\"name\":\"ux\",\"image\":{\"@type\":\"ImageObject\",\"inLanguage\":\"fr-FR\",\"@id\":\"https:\\\/\\\/secure.gravatar.com\\\/avatar\\\/55910fdda0e0c45554b3096ceaae8625f4b22c21afd0dceb3d417810a4125655?s=96&d=mm&r=g\",\"url\":\"https:\\\/\\\/secure.gravatar.com\\\/avatar\\\/55910fdda0e0c45554b3096ceaae8625f4b22c21afd0dceb3d417810a4125655?s=96&d=mm&r=g\",\"contentUrl\":\"https:\\\/\\\/secure.gravatar.com\\\/avatar\\\/55910fdda0e0c45554b3096ceaae8625f4b22c21afd0dceb3d417810a4125655?s=96&d=mm&r=g\",\"caption\":\"ux\"}}]}<\/script>\n<!-- \/ Yoast SEO plugin. -->","yoast_head_json":{"title":"Pack assurance PME\u00a0: comment choisir la meilleure couverture pour votre entreprise\u00a0?","description":"Besoin de prot\u00e9ger votre PME\u00a0? D\u00e9couvrez tout sur le pack assurance PME\u00a0: protections, tarifs, t\u00e9moignages et conseils d\u2019expert pour une couverture sur-mesure efficace.","robots":{"index":"index","follow":"follow","max-snippet":"max-snippet:-1","max-image-preview":"max-image-preview:large","max-video-preview":"max-video-preview:-1"},"canonical":"https:\/\/www.bestronger.be\/fr\/pack-assurance-pme-5\/","og_locale":"fr_FR","og_type":"article","og_title":"Pack assurance PME\u00a0: comment choisir la meilleure couverture pour votre entreprise\u00a0?","og_description":"Besoin de prot\u00e9ger votre PME\u00a0? D\u00e9couvrez tout sur le pack assurance PME\u00a0: protections, tarifs, t\u00e9moignages et conseils d\u2019expert pour une couverture sur-mesure efficace.","og_url":"https:\/\/www.bestronger.be\/fr\/pack-assurance-pme-5\/","og_site_name":"BESTRONGER","article_published_time":"2025-07-20T22:26:04+00:00","article_modified_time":"2025-07-20T22:26:14+00:00","og_image":[{"width":2560,"height":1707,"url":"https:\/\/www.bestronger.be\/wp-content\/uploads\/2025\/07\/pexels-image-13-scaled.jpg","type":"image\/jpeg"}],"author":"ux","twitter_card":"summary_large_image","twitter_misc":{"\u00c9crit par":"ux","Dur\u00e9e de lecture estim\u00e9e":"6 minutes"},"schema":{"@context":"https:\/\/schema.org","@graph":[{"@type":"Article","@id":"https:\/\/www.bestronger.be\/fr\/pack-assurance-pme-5\/#article","isPartOf":{"@id":"https:\/\/www.bestronger.be\/fr\/pack-assurance-pme-5\/"},"author":{"name":"ux","@id":"https:\/\/www.bestronger.be\/fr\/#\/schema\/person\/9b5071f88803a5a401150925e1c85edd"},"headline":"Pack assurance pme\u00a0: prot\u00e9gez l\u2019avenir de votre entreprise","datePublished":"2025-07-20T22:26:04+00:00","dateModified":"2025-07-20T22:26:14+00:00","mainEntityOfPage":{"@id":"https:\/\/www.bestronger.be\/fr\/pack-assurance-pme-5\/"},"wordCount":1306,"publisher":{"@id":"https:\/\/www.bestronger.be\/fr\/#organization"},"image":{"@id":"https:\/\/www.bestronger.be\/fr\/pack-assurance-pme-5\/#primaryimage"},"thumbnailUrl":"https:\/\/www.bestronger.be\/wp-content\/uploads\/2025\/07\/pexels-image-13-scaled.jpg","articleSection":["Non classifi\u00e9(e)"],"inLanguage":"fr-FR"},{"@type":"WebPage","@id":"https:\/\/www.bestronger.be\/fr\/pack-assurance-pme-5\/","url":"https:\/\/www.bestronger.be\/fr\/pack-assurance-pme-5\/","name":"Pack assurance PME\u00a0: comment choisir la meilleure couverture pour votre entreprise\u00a0?","isPartOf":{"@id":"https:\/\/www.bestronger.be\/fr\/#website"},"primaryImageOfPage":{"@id":"https:\/\/www.bestronger.be\/fr\/pack-assurance-pme-5\/#primaryimage"},"image":{"@id":"https:\/\/www.bestronger.be\/fr\/pack-assurance-pme-5\/#primaryimage"},"thumbnailUrl":"https:\/\/www.bestronger.be\/wp-content\/uploads\/2025\/07\/pexels-image-13-scaled.jpg","datePublished":"2025-07-20T22:26:04+00:00","dateModified":"2025-07-20T22:26:14+00:00","description":"Besoin de prot\u00e9ger votre PME\u00a0? D\u00e9couvrez tout sur le pack assurance PME\u00a0: protections, tarifs, t\u00e9moignages et conseils d\u2019expert pour une couverture sur-mesure efficace.","breadcrumb":{"@id":"https:\/\/www.bestronger.be\/fr\/pack-assurance-pme-5\/#breadcrumb"},"inLanguage":"fr-FR","potentialAction":[{"@type":"ReadAction","target":["https:\/\/www.bestronger.be\/fr\/pack-assurance-pme-5\/"]}]},{"@type":"ImageObject","inLanguage":"fr-FR","@id":"https:\/\/www.bestronger.be\/fr\/pack-assurance-pme-5\/#primaryimage","url":"https:\/\/www.bestronger.be\/wp-content\/uploads\/2025\/07\/pexels-image-13-scaled.jpg","contentUrl":"https:\/\/www.bestronger.be\/wp-content\/uploads\/2025\/07\/pexels-image-13-scaled.jpg","width":2560,"height":1707},{"@type":"BreadcrumbList","@id":"https:\/\/www.bestronger.be\/fr\/pack-assurance-pme-5\/#breadcrumb","itemListElement":[{"@type":"ListItem","position":1,"name":"Accueil","item":"https:\/\/www.bestronger.be\/fr\/"},{"@type":"ListItem","position":2,"name":"Pack assurance pme\u00a0: prot\u00e9gez l\u2019avenir de votre entreprise"}]},{"@type":"WebSite","@id":"https:\/\/www.bestronger.be\/fr\/#website","url":"https:\/\/www.bestronger.be\/fr\/","name":"Be-Stronger","description":"LES COURTIERS EN ASSURANCES PROFESSIONNELS AU SERVICE DES ENTREPRISES","publisher":{"@id":"https:\/\/www.bestronger.be\/fr\/#organization"},"potentialAction":[{"@type":"SearchAction","target":{"@type":"EntryPoint","urlTemplate":"https:\/\/www.bestronger.be\/fr\/?s={search_term_string}"},"query-input":{"@type":"PropertyValueSpecification","valueRequired":true,"valueName":"search_term_string"}}],"inLanguage":"fr-FR"},{"@type":"Organization","@id":"https:\/\/www.bestronger.be\/fr\/#organization","name":"Be-Stronger","url":"https:\/\/www.bestronger.be\/fr\/","logo":{"@type":"ImageObject","inLanguage":"fr-FR","@id":"https:\/\/www.bestronger.be\/fr\/#\/schema\/logo\/image\/","url":"https:\/\/www.bestronger.be\/wp-content\/uploads\/2018\/06\/BeStronger-loading.jpg","contentUrl":"https:\/\/www.bestronger.be\/wp-content\/uploads\/2018\/06\/BeStronger-loading.jpg","width":294,"height":238,"caption":"Be-Stronger"},"image":{"@id":"https:\/\/www.bestronger.be\/fr\/#\/schema\/logo\/image\/"}},{"@type":"Person","@id":"https:\/\/www.bestronger.be\/fr\/#\/schema\/person\/9b5071f88803a5a401150925e1c85edd","name":"ux","image":{"@type":"ImageObject","inLanguage":"fr-FR","@id":"https:\/\/secure.gravatar.com\/avatar\/55910fdda0e0c45554b3096ceaae8625f4b22c21afd0dceb3d417810a4125655?s=96&d=mm&r=g","url":"https:\/\/secure.gravatar.com\/avatar\/55910fdda0e0c45554b3096ceaae8625f4b22c21afd0dceb3d417810a4125655?s=96&d=mm&r=g","contentUrl":"https:\/\/secure.gravatar.com\/avatar\/55910fdda0e0c45554b3096ceaae8625f4b22c21afd0dceb3d417810a4125655?s=96&d=mm&r=g","caption":"ux"}}]}},"_links":{"self":[{"href":"https:\/\/www.bestronger.be\/fr\/wp-json\/wp\/v2\/posts\/5588","targetHints":{"allow":["GET"]}}],"collection":[{"href":"https:\/\/www.bestronger.be\/fr\/wp-json\/wp\/v2\/posts"}],"about":[{"href":"https:\/\/www.bestronger.be\/fr\/wp-json\/wp\/v2\/types\/post"}],"author":[{"embeddable":true,"href":"https:\/\/www.bestronger.be\/fr\/wp-json\/wp\/v2\/users\/1"}],"replies":[{"embeddable":true,"href":"https:\/\/www.bestronger.be\/fr\/wp-json\/wp\/v2\/comments?post=5588"}],"version-history":[{"count":1,"href":"https:\/\/www.bestronger.be\/fr\/wp-json\/wp\/v2\/posts\/5588\/revisions"}],"predecessor-version":[{"id":5591,"href":"https:\/\/www.bestronger.be\/fr\/wp-json\/wp\/v2\/posts\/5588\/revisions\/5591"}],"wp:featuredmedia":[{"embeddable":true,"href":"https:\/\/www.bestronger.be\/fr\/wp-json\/wp\/v2\/media\/5589"}],"wp:attachment":[{"href":"https:\/\/www.bestronger.be\/fr\/wp-json\/wp\/v2\/media?parent=5588"}],"wp:term":[{"taxonomy":"category","embeddable":true,"href":"https:\/\/www.bestronger.be\/fr\/wp-json\/wp\/v2\/categories?post=5588"},{"taxonomy":"post_tag","embeddable":true,"href":"https:\/\/www.bestronger.be\/fr\/wp-json\/wp\/v2\/tags?post=5588"}],"curies":[{"name":"wp","href":"https:\/\/api.w.org\/{rel}","templated":true}]}}