{"id":5617,"date":"2025-07-24T00:26:03","date_gmt":"2025-07-23T22:26:03","guid":{"rendered":"https:\/\/www.bestronger.be\/assurance-responsabilite-civile-pour-pme\/"},"modified":"2025-07-24T00:26:12","modified_gmt":"2025-07-23T22:26:12","slug":"assurance-responsabilite-civile-pour-pme","status":"publish","type":"post","link":"https:\/\/www.bestronger.be\/fr\/assurance-responsabilite-civile-pour-pme\/","title":{"rendered":"L\u2019assurance responsabilit\u00e9 civile pour PME : comprendre, choisir, prot\u00e9ger son entreprise"},"content":{"rendered":"<p>Vous \u00eates dirigeant d&#8217;une PME et vous vous posez des questions sur l&#8217;assurance responsabilit\u00e9 civile professionnelle ? C\u2019est normal, et m\u00eame plus que jamais indispensable : en 2023, 63 % des PME sond\u00e9es par OpinionWay estimaient que les risques juridiques et financiers avaient augment\u00e9 au sein de leur activit\u00e9. Entre l\u00e9gislation en mutation, exigences des clients et partenaires ou encore divers sinistres mal anticip\u00e9s, le besoin de s\u00e9curit\u00e9 et de s\u00e9r\u00e9nit\u00e9 s\u2019impose. Mais pourquoi cette assurance est-elle cruciale ? \u00c0 quelles attentes et obligations r\u00e9pond-elle r\u00e9ellement&nbsp;? Suivez le guide pour mieux comprendre, choisir et adapter l\u2019assurance responsabilit\u00e9 civile \u00e0 la r\u00e9alit\u00e9 concr\u00e8te de votre PME.<\/p>\n<h2>Le principe et l\u2019importance de l\u2019assurance responsabilit\u00e9 civile pour PME<\/h2>\n<p>On entend souvent parler de responsabilit\u00e9 civile professionnelle, parfois surnomm\u00e9e &#8220;RC Pro&#8221; dans le jargon de l&#8217;assurance. Pour une PME, il s&#8217;agit ni plus ni moins que d\u2019un socle de s\u00e9curit\u00e9, une base pour exercer avec confiance. Que couvre-t-elle concr\u00e8tement&nbsp;? Principalement, les dommages caus\u00e9s \u00e0 des tiers dans le cadre de l\u2019activit\u00e9 professionnelle : erreur technique, conseil inadapt\u00e9, d\u00e9faut de fabrication, n\u00e9gligence d\u2019un collaborateur, accident de chantier&#8230; la liste est (presque) infinie, et touche tous les secteurs, du b\u00e2timent au digital, de la restauration aux services. Imaginez&nbsp;: un client glisse dans vos locaux, un salari\u00e9 oublie une consigne de s\u00e9curit\u00e9 et cause un pr\u00e9judice \u00e0 un partenaire\u2026 Qui prend en charge les cons\u00e9quences financi\u00e8res&nbsp;? Sans assurance responsabilit\u00e9 civile, la charge p\u00e8se enti\u00e8rement sur l&#8217;entreprise. Et dans le contexte actuel fran\u00e7ais, la recherche de responsabilit\u00e9s s\u2019\u00e9tend, y compris pour des dommages immat\u00e9riels souvent sous-estim\u00e9s.<\/p>\n<h2>Quels sont les risques concrets pour une PME&nbsp;? Illustrations et retours de terrain<\/h2>\n<p>Certains dirigeants pensent encore que \u201cles sinistres, \u00e7a n\u2019arrive qu\u2019aux autres\u201d. Pourtant, selon la F\u00e9d\u00e9ration Fran\u00e7aise de l\u2019Assurance, ce sont chaque ann\u00e9e plus de 38 000 sinistres impliquant la responsabilit\u00e9 civile des entreprises qui sont d\u00e9clar\u00e9s en France. Les TPE et PME y sont surrepr\u00e9sent\u00e9es, faute de proc\u00e9dures ou de dispositifs de vigilance.&nbsp;<\/p>\n<p>L\u2019exemple classique du restaurateur dont la cuisine br\u00fble une livraison lors d\u2019un essai&nbsp;: l\u2019assureur prend en charge l&#8217;indemnisation du fournisseur. Moins connu : l\u2019agence web qui, suite \u00e0 une erreur de param\u00e9trage, fait planter le site d\u2019un client, impactant sa vente en ligne. Sans RC Pro, la facture grimpe rapidement, d\u2019autant qu\u2019un pr\u00e9judice immat\u00e9riel peut parfois co\u00fbter plus cher qu\u2019une d\u00e9gradation mat\u00e9rielle.<\/p>\n<p>L\u2019observation terrain nourrit aussi les contrastes entre secteurs : le BTP voit grimper les litiges pour malfa\u00e7on ou d\u00e9faut de s\u00e9curit\u00e9, la tech pour perte de donn\u00e9es ou d\u00e9ni de service, les professions lib\u00e9rales pour conseil inadapt\u00e9. Il n\u2019existe pas de profil \u201chors risque\u201d.<\/p>\n<h2>Obligation l\u00e9gale, exigence contractuelle et prudence : ce que dit la loi<\/h2>\n<p>En droit fran\u00e7ais, la responsabilit\u00e9 civile professionnelle n\u2019est pas syst\u00e9matiquement obligatoire pour toutes les PME, contrairement aux professions dites r\u00e9glement\u00e9es (architectes, agents immobiliers, sant\u00e9, avocats, transporteurs, etc.) chez qui elle est impos\u00e9e. Pourtant, de plus en plus de donneurs d\u2019ordres \u2013 et parfois jusqu\u2019aux collectivit\u00e9s locales \u2013 l\u2019exigent syst\u00e9matiquement dans les appels d\u2019offres ou contrats de sous-traitance. En bref&nbsp;: dans les faits, difficile d\u2019envisager durablement une PME sans RC Pro.<\/p>\n<p>Une anecdote partag\u00e9e par un courtier lyonnais en f\u00e9vrier 2024 : \u201cUne PME du num\u00e9rique a failli perdre un march\u00e9 public \u00e0 cause d\u2019un avenant exig\u00e9 la veille. Ils ont pu y rem\u00e9dier in extremis mais auraient pu passer \u00e0 c\u00f4t\u00e9 de 100 000 \u20ac d\u2019affaires annuelles.\u201d Mieux vaut pr\u00e9venir\u2026<\/p>\n<h2>Bien choisir son contrat&nbsp;: crit\u00e8res, garanties et adaptabilit\u00e9 aux besoins PME<\/h2>\n<p>Si toutes les RC Pro ne se valent pas, c\u2019est aussi parce que chaque PME pr\u00e9sente sa propre configuration de risques. Les garanties de base couvrent g\u00e9n\u00e9ralement les dommages mat\u00e9riels, immat\u00e9riels et corporels caus\u00e9s \u00e0 des tiers, mais la cl\u00e9 reste l\u2019adaptabilit\u00e9&nbsp;: faut-il une protection juridique incluse, des garanties sp\u00e9cifiques pour des produits livr\u00e9s \u00e0 l\u2019international, une extension aux sous-traitants, une option \u201ccyber-risques\u201d ? Les assureurs multiplient les formules sur mesure. En 2024, plusieurs acteurs fran\u00e7ais innovent sur la modularit\u00e9 des contrats, permettant d\u2019ajuster les plafonds ou les franchises \u00e0 chaque \u00e9tape de croissance.<\/p>\n<p>Un dirigeant de PME industrielle \u00e0 Nantes t\u00e9moigne : \u201cJe croyais mon contrat suffisant&nbsp;: apr\u00e8s audit, j\u2019ai compl\u00e9t\u00e9 avec une garantie \u2018atteinte \u00e0 l\u2019environnement\u2019. \u00c7a m&#8217;a sorti d\u2019un litige co\u00fbteux. L\u2019assurance ne doit pas \u00eatre vue comme un poste de d\u00e9pense mais un v\u00e9ritable investissement en pr\u00e9vention.\u201d Avis partag\u00e9 par de nombreux experts, qui encouragent un audit annuel des risques pour adapter la couverture, en partenariat avec un courtier ou un comparateur sp\u00e9cialis\u00e9. Important aussi : bien analyser les exclusions, la r\u00e9activit\u00e9 du service sinistres, ou encore la r\u00e9putation de l\u2019assureur, car le prix ne fait pas tout !<\/p>\n<h2>Assurance responsabilit\u00e9 civile et d\u00e9veloppement PME : un levier business inattendu<\/h2>\n<p>Loin de n\u2019\u00eatre qu\u2019une contrainte l\u00e9gale ou un \u201cco\u00fbt fixe\u201d, la RC Pro devient de plus en plus une valeur ajout\u00e9e dans la relation B2B. Avec l\u2019explosion des appels d\u2019offres s\u00e9curis\u00e9s, la n\u00e9cessit\u00e9 de travailler avec de grands comptes (qui exigent quasi syst\u00e9matiquement une preuve d\u2019assurance), disposer d\u2019une bonne police RC devient un argument commercial en soi. Cela rassure le client, cr\u00e9dibilise l\u2019offre, et peut m\u00eame faire gagner des points face \u00e0 un concurrent moins pr\u00e9cautionneux.<\/p>\n<p>Certains dirigeants t\u00e9moignent m\u00eame que cette assurance les a aid\u00e9 \u00e0 passer un cap cl\u00e9 : \u201cNous avons pu exporter vers la Suisse et l\u2019Allemagne plus vite, car notre courtier nous a propos\u00e9 une RC Pro internationale adapt\u00e9e. Sans, les projets seraient rest\u00e9s au placard.\u201d Ce retour d\u2019exp\u00e9rience illustre bien qu\u2019au-del\u00e0 de la couverture de base, un contrat bien calibr\u00e9 d\u00e9multiplie les opportunit\u00e9s business, rassure les collaborateurs et favorise l\u2019innovation.<\/p>\n<p>Finalement, la RC pour PME, c\u2019est plus qu\u2019une garantie, c\u2019est aussi un gage de s\u00e9rieux, de professionnalisme et d\u2019\u00e9volution \u2013 \u00e0 condition de la choisir judicieusement et de ne pas attendre le premier sinistre pour s\u2019y int\u00e9resser.<\/p>\n<div class=\"faq\">\n<h3>Quels sont les principaux risques couverts par l\u2019assurance responsabilit\u00e9 civile pour PME&nbsp;?<\/h3>\n<p>L\u2019assurance responsabilit\u00e9 civile pour PME couvre principalement les dommages corporels, mat\u00e9riels et immat\u00e9riels caus\u00e9s \u00e0 des tiers suite \u00e0 une faute, erreur ou n\u00e9gligence de l\u2019entreprise ou de ses collaborateurs, dans le cadre professionnel. Cela englobe aussi bien un accident dans vos locaux qu\u2019un d\u00e9faut de prestation ou une livraison non conforme g\u00e9n\u00e9rant un pr\u00e9judice chez le client.<\/p>\n<h3>La RC Pro est-elle obligatoire pour toutes les PME&nbsp;?<\/h3>\n<p>Non, l\u2019obligation s\u2019applique surtout aux professions r\u00e9glement\u00e9es (BTP, sant\u00e9, droit, etc.) mais la plupart des PME y souscrivent car elle est souvent exig\u00e9e dans les contrats avec des partenaires ou clients importants. Au-del\u00e0 de l\u2019aspect l\u00e9gal, il s\u2019agit d\u2019une pr\u00e9caution essentielle pour prot\u00e9ger les finances de l\u2019entreprise.<\/p>\n<h3>La RC Pro couvre-t-elle les dommages caus\u00e9s \u00e0 des biens appartenant \u00e0 l\u2019entreprise elle-m\u00eame&nbsp;?<\/h3>\n<p>Non, la responsabilit\u00e9 civile concerne uniquement les dommages caus\u00e9s \u00e0 des tiers par l\u2019entreprise. Pour la couverture des biens propres de la PME (locaux, mat\u00e9riel, stocks\u2026), il faut souscrire une assurance multirisque professionnelle distincte.<\/p>\n<h3>Comment \u00e9voluent les besoins de couverture pour une PME en d\u00e9veloppement&nbsp;?<\/h3>\n<p>Plus une PME grandit, plus ses risques \u00e9voluent : nouveaux march\u00e9s, embauches, internationalisation, diversification d\u2019activit\u00e9s\u2026 Il est donc crucial de revoir annuellement le contrat pour ajuster garanties et plafonds, voire ajouter des extensions sp\u00e9cifiques selon les nouveaux enjeux business.<\/p>\n<h3>Quels sont les crit\u00e8res pour bien choisir son assurance responsabilit\u00e9 civile pour PME&nbsp;?<\/h3>\n<p>Il faut comparer non seulement le prix, mais surtout les plafonds d\u2019indemnisation, les franchises, les exclusions, la pr\u00e9sence de garanties annexes (protection juridique, cyber risques\u2026), ainsi que la capacit\u00e9 de l\u2019assureur \u00e0 intervenir rapidement et \u00e0 accompagner la gestion de crise.<\/p>\n<\/div>\n","protected":false},"excerpt":{"rendered":"<p>Vous \u00eates dirigeant d&#8217;une PME et vous vous posez des questions sur l&#8217;assurance responsabilit\u00e9 civile professionnelle ? C\u2019est normal, et m\u00eame plus que jamais indispensable : en 2023, 63 % des PME sond\u00e9es par OpinionWay estimaient que les risques juridiques et financiers avaient augment\u00e9 au sein de leur activit\u00e9. Entre l\u00e9gislation en mutation, exigences des [&hellip;]<\/p>\n","protected":false},"author":1,"featured_media":5618,"comment_status":"closed","ping_status":"open","sticky":false,"template":"","format":"standard","meta":{"footnotes":""},"categories":[1],"tags":[],"class_list":["post-5617","post","type-post","status-publish","format-standard","has-post-thumbnail","hentry","category-non-classifiee"],"yoast_head":"<!-- This site is optimized with the Yoast SEO plugin v27.3 - https:\/\/yoast.com\/product\/yoast-seo-wordpress\/ -->\n<title>Assurance responsabilit\u00e9 civile pour PME : le guide 2024 pour entreprises<\/title>\n<meta name=\"description\" content=\"Tout savoir sur l&#039;assurance responsabilit\u00e9 civile pour PME : enjeux, exemples concrets, crit\u00e8res de choix, FAQ, avis d&#039;experts et dirigeants. Prot\u00e9gez votre entreprise efficacement.\" \/>\n<meta name=\"robots\" content=\"index, follow, max-snippet:-1, max-image-preview:large, max-video-preview:-1\" \/>\n<link rel=\"canonical\" href=\"https:\/\/www.bestronger.be\/fr\/assurance-responsabilite-civile-pour-pme\/\" \/>\n<meta property=\"og:locale\" content=\"fr_FR\" \/>\n<meta property=\"og:type\" content=\"article\" \/>\n<meta property=\"og:title\" content=\"Assurance responsabilit\u00e9 civile pour PME : le guide 2024 pour entreprises\" \/>\n<meta property=\"og:description\" content=\"Tout savoir sur l&#039;assurance responsabilit\u00e9 civile pour PME : enjeux, exemples concrets, crit\u00e8res de choix, FAQ, avis d&#039;experts et dirigeants. Prot\u00e9gez votre entreprise efficacement.\" \/>\n<meta property=\"og:url\" content=\"https:\/\/www.bestronger.be\/fr\/assurance-responsabilite-civile-pour-pme\/\" \/>\n<meta property=\"og:site_name\" content=\"BESTRONGER\" \/>\n<meta property=\"article:published_time\" content=\"2025-07-23T22:26:03+00:00\" \/>\n<meta property=\"article:modified_time\" content=\"2025-07-23T22:26:12+00:00\" \/>\n<meta property=\"og:image\" content=\"https:\/\/www.bestronger.be\/wp-content\/uploads\/2025\/07\/pexels-image-16-scaled.jpg\" \/>\n\t<meta property=\"og:image:width\" content=\"2560\" \/>\n\t<meta property=\"og:image:height\" content=\"1707\" \/>\n\t<meta property=\"og:image:type\" content=\"image\/jpeg\" \/>\n<meta name=\"author\" content=\"ux\" \/>\n<meta name=\"twitter:card\" content=\"summary_large_image\" \/>\n<meta name=\"twitter:label1\" content=\"\u00c9crit par\" \/>\n\t<meta name=\"twitter:data1\" content=\"ux\" \/>\n\t<meta name=\"twitter:label2\" content=\"Dur\u00e9e de lecture estim\u00e9e\" \/>\n\t<meta name=\"twitter:data2\" content=\"7 minutes\" \/>\n<script type=\"application\/ld+json\" class=\"yoast-schema-graph\">{\"@context\":\"https:\\\/\\\/schema.org\",\"@graph\":[{\"@type\":\"Article\",\"@id\":\"https:\\\/\\\/www.bestronger.be\\\/fr\\\/assurance-responsabilite-civile-pour-pme\\\/#article\",\"isPartOf\":{\"@id\":\"https:\\\/\\\/www.bestronger.be\\\/fr\\\/assurance-responsabilite-civile-pour-pme\\\/\"},\"author\":{\"name\":\"ux\",\"@id\":\"https:\\\/\\\/www.bestronger.be\\\/fr\\\/#\\\/schema\\\/person\\\/9b5071f88803a5a401150925e1c85edd\"},\"headline\":\"L\u2019assurance responsabilit\u00e9 civile pour PME : comprendre, choisir, prot\u00e9ger son entreprise\",\"datePublished\":\"2025-07-23T22:26:03+00:00\",\"dateModified\":\"2025-07-23T22:26:12+00:00\",\"mainEntityOfPage\":{\"@id\":\"https:\\\/\\\/www.bestronger.be\\\/fr\\\/assurance-responsabilite-civile-pour-pme\\\/\"},\"wordCount\":1422,\"publisher\":{\"@id\":\"https:\\\/\\\/www.bestronger.be\\\/fr\\\/#organization\"},\"image\":{\"@id\":\"https:\\\/\\\/www.bestronger.be\\\/fr\\\/assurance-responsabilite-civile-pour-pme\\\/#primaryimage\"},\"thumbnailUrl\":\"https:\\\/\\\/www.bestronger.be\\\/wp-content\\\/uploads\\\/2025\\\/07\\\/pexels-image-16-scaled.jpg\",\"articleSection\":[\"Non classifi\u00e9(e)\"],\"inLanguage\":\"fr-FR\"},{\"@type\":\"WebPage\",\"@id\":\"https:\\\/\\\/www.bestronger.be\\\/fr\\\/assurance-responsabilite-civile-pour-pme\\\/\",\"url\":\"https:\\\/\\\/www.bestronger.be\\\/fr\\\/assurance-responsabilite-civile-pour-pme\\\/\",\"name\":\"Assurance responsabilit\u00e9 civile pour PME : le guide 2024 pour entreprises\",\"isPartOf\":{\"@id\":\"https:\\\/\\\/www.bestronger.be\\\/fr\\\/#website\"},\"primaryImageOfPage\":{\"@id\":\"https:\\\/\\\/www.bestronger.be\\\/fr\\\/assurance-responsabilite-civile-pour-pme\\\/#primaryimage\"},\"image\":{\"@id\":\"https:\\\/\\\/www.bestronger.be\\\/fr\\\/assurance-responsabilite-civile-pour-pme\\\/#primaryimage\"},\"thumbnailUrl\":\"https:\\\/\\\/www.bestronger.be\\\/wp-content\\\/uploads\\\/2025\\\/07\\\/pexels-image-16-scaled.jpg\",\"datePublished\":\"2025-07-23T22:26:03+00:00\",\"dateModified\":\"2025-07-23T22:26:12+00:00\",\"description\":\"Tout savoir sur l'assurance responsabilit\u00e9 civile pour PME : enjeux, exemples concrets, crit\u00e8res de choix, FAQ, avis d'experts et dirigeants. Prot\u00e9gez votre entreprise efficacement.\",\"breadcrumb\":{\"@id\":\"https:\\\/\\\/www.bestronger.be\\\/fr\\\/assurance-responsabilite-civile-pour-pme\\\/#breadcrumb\"},\"inLanguage\":\"fr-FR\",\"potentialAction\":[{\"@type\":\"ReadAction\",\"target\":[\"https:\\\/\\\/www.bestronger.be\\\/fr\\\/assurance-responsabilite-civile-pour-pme\\\/\"]}]},{\"@type\":\"ImageObject\",\"inLanguage\":\"fr-FR\",\"@id\":\"https:\\\/\\\/www.bestronger.be\\\/fr\\\/assurance-responsabilite-civile-pour-pme\\\/#primaryimage\",\"url\":\"https:\\\/\\\/www.bestronger.be\\\/wp-content\\\/uploads\\\/2025\\\/07\\\/pexels-image-16-scaled.jpg\",\"contentUrl\":\"https:\\\/\\\/www.bestronger.be\\\/wp-content\\\/uploads\\\/2025\\\/07\\\/pexels-image-16-scaled.jpg\",\"width\":2560,\"height\":1707},{\"@type\":\"BreadcrumbList\",\"@id\":\"https:\\\/\\\/www.bestronger.be\\\/fr\\\/assurance-responsabilite-civile-pour-pme\\\/#breadcrumb\",\"itemListElement\":[{\"@type\":\"ListItem\",\"position\":1,\"name\":\"Accueil\",\"item\":\"https:\\\/\\\/www.bestronger.be\\\/fr\\\/\"},{\"@type\":\"ListItem\",\"position\":2,\"name\":\"L\u2019assurance responsabilit\u00e9 civile pour PME : comprendre, choisir, prot\u00e9ger son entreprise\"}]},{\"@type\":\"WebSite\",\"@id\":\"https:\\\/\\\/www.bestronger.be\\\/fr\\\/#website\",\"url\":\"https:\\\/\\\/www.bestronger.be\\\/fr\\\/\",\"name\":\"Be-Stronger\",\"description\":\"LES COURTIERS EN ASSURANCES PROFESSIONNELS AU SERVICE DES ENTREPRISES\",\"publisher\":{\"@id\":\"https:\\\/\\\/www.bestronger.be\\\/fr\\\/#organization\"},\"potentialAction\":[{\"@type\":\"SearchAction\",\"target\":{\"@type\":\"EntryPoint\",\"urlTemplate\":\"https:\\\/\\\/www.bestronger.be\\\/fr\\\/?s={search_term_string}\"},\"query-input\":{\"@type\":\"PropertyValueSpecification\",\"valueRequired\":true,\"valueName\":\"search_term_string\"}}],\"inLanguage\":\"fr-FR\"},{\"@type\":\"Organization\",\"@id\":\"https:\\\/\\\/www.bestronger.be\\\/fr\\\/#organization\",\"name\":\"Be-Stronger\",\"url\":\"https:\\\/\\\/www.bestronger.be\\\/fr\\\/\",\"logo\":{\"@type\":\"ImageObject\",\"inLanguage\":\"fr-FR\",\"@id\":\"https:\\\/\\\/www.bestronger.be\\\/fr\\\/#\\\/schema\\\/logo\\\/image\\\/\",\"url\":\"https:\\\/\\\/www.bestronger.be\\\/wp-content\\\/uploads\\\/2018\\\/06\\\/BeStronger-loading.jpg\",\"contentUrl\":\"https:\\\/\\\/www.bestronger.be\\\/wp-content\\\/uploads\\\/2018\\\/06\\\/BeStronger-loading.jpg\",\"width\":294,\"height\":238,\"caption\":\"Be-Stronger\"},\"image\":{\"@id\":\"https:\\\/\\\/www.bestronger.be\\\/fr\\\/#\\\/schema\\\/logo\\\/image\\\/\"}},{\"@type\":\"Person\",\"@id\":\"https:\\\/\\\/www.bestronger.be\\\/fr\\\/#\\\/schema\\\/person\\\/9b5071f88803a5a401150925e1c85edd\",\"name\":\"ux\",\"image\":{\"@type\":\"ImageObject\",\"inLanguage\":\"fr-FR\",\"@id\":\"https:\\\/\\\/secure.gravatar.com\\\/avatar\\\/55910fdda0e0c45554b3096ceaae8625f4b22c21afd0dceb3d417810a4125655?s=96&d=mm&r=g\",\"url\":\"https:\\\/\\\/secure.gravatar.com\\\/avatar\\\/55910fdda0e0c45554b3096ceaae8625f4b22c21afd0dceb3d417810a4125655?s=96&d=mm&r=g\",\"contentUrl\":\"https:\\\/\\\/secure.gravatar.com\\\/avatar\\\/55910fdda0e0c45554b3096ceaae8625f4b22c21afd0dceb3d417810a4125655?s=96&d=mm&r=g\",\"caption\":\"ux\"}}]}<\/script>\n<!-- \/ Yoast SEO plugin. -->","yoast_head_json":{"title":"Assurance responsabilit\u00e9 civile pour PME : le guide 2024 pour entreprises","description":"Tout savoir sur l'assurance responsabilit\u00e9 civile pour PME : enjeux, exemples concrets, crit\u00e8res de choix, FAQ, avis d'experts et dirigeants. Prot\u00e9gez votre entreprise efficacement.","robots":{"index":"index","follow":"follow","max-snippet":"max-snippet:-1","max-image-preview":"max-image-preview:large","max-video-preview":"max-video-preview:-1"},"canonical":"https:\/\/www.bestronger.be\/fr\/assurance-responsabilite-civile-pour-pme\/","og_locale":"fr_FR","og_type":"article","og_title":"Assurance responsabilit\u00e9 civile pour PME : le guide 2024 pour entreprises","og_description":"Tout savoir sur l'assurance responsabilit\u00e9 civile pour PME : enjeux, exemples concrets, crit\u00e8res de choix, FAQ, avis d'experts et dirigeants. Prot\u00e9gez votre entreprise efficacement.","og_url":"https:\/\/www.bestronger.be\/fr\/assurance-responsabilite-civile-pour-pme\/","og_site_name":"BESTRONGER","article_published_time":"2025-07-23T22:26:03+00:00","article_modified_time":"2025-07-23T22:26:12+00:00","og_image":[{"width":2560,"height":1707,"url":"https:\/\/www.bestronger.be\/wp-content\/uploads\/2025\/07\/pexels-image-16-scaled.jpg","type":"image\/jpeg"}],"author":"ux","twitter_card":"summary_large_image","twitter_misc":{"\u00c9crit par":"ux","Dur\u00e9e de lecture estim\u00e9e":"7 minutes"},"schema":{"@context":"https:\/\/schema.org","@graph":[{"@type":"Article","@id":"https:\/\/www.bestronger.be\/fr\/assurance-responsabilite-civile-pour-pme\/#article","isPartOf":{"@id":"https:\/\/www.bestronger.be\/fr\/assurance-responsabilite-civile-pour-pme\/"},"author":{"name":"ux","@id":"https:\/\/www.bestronger.be\/fr\/#\/schema\/person\/9b5071f88803a5a401150925e1c85edd"},"headline":"L\u2019assurance responsabilit\u00e9 civile pour PME : comprendre, choisir, prot\u00e9ger son entreprise","datePublished":"2025-07-23T22:26:03+00:00","dateModified":"2025-07-23T22:26:12+00:00","mainEntityOfPage":{"@id":"https:\/\/www.bestronger.be\/fr\/assurance-responsabilite-civile-pour-pme\/"},"wordCount":1422,"publisher":{"@id":"https:\/\/www.bestronger.be\/fr\/#organization"},"image":{"@id":"https:\/\/www.bestronger.be\/fr\/assurance-responsabilite-civile-pour-pme\/#primaryimage"},"thumbnailUrl":"https:\/\/www.bestronger.be\/wp-content\/uploads\/2025\/07\/pexels-image-16-scaled.jpg","articleSection":["Non classifi\u00e9(e)"],"inLanguage":"fr-FR"},{"@type":"WebPage","@id":"https:\/\/www.bestronger.be\/fr\/assurance-responsabilite-civile-pour-pme\/","url":"https:\/\/www.bestronger.be\/fr\/assurance-responsabilite-civile-pour-pme\/","name":"Assurance responsabilit\u00e9 civile pour PME : le guide 2024 pour entreprises","isPartOf":{"@id":"https:\/\/www.bestronger.be\/fr\/#website"},"primaryImageOfPage":{"@id":"https:\/\/www.bestronger.be\/fr\/assurance-responsabilite-civile-pour-pme\/#primaryimage"},"image":{"@id":"https:\/\/www.bestronger.be\/fr\/assurance-responsabilite-civile-pour-pme\/#primaryimage"},"thumbnailUrl":"https:\/\/www.bestronger.be\/wp-content\/uploads\/2025\/07\/pexels-image-16-scaled.jpg","datePublished":"2025-07-23T22:26:03+00:00","dateModified":"2025-07-23T22:26:12+00:00","description":"Tout savoir sur l'assurance responsabilit\u00e9 civile pour PME : enjeux, exemples concrets, crit\u00e8res de choix, FAQ, avis d'experts et dirigeants. Prot\u00e9gez votre entreprise efficacement.","breadcrumb":{"@id":"https:\/\/www.bestronger.be\/fr\/assurance-responsabilite-civile-pour-pme\/#breadcrumb"},"inLanguage":"fr-FR","potentialAction":[{"@type":"ReadAction","target":["https:\/\/www.bestronger.be\/fr\/assurance-responsabilite-civile-pour-pme\/"]}]},{"@type":"ImageObject","inLanguage":"fr-FR","@id":"https:\/\/www.bestronger.be\/fr\/assurance-responsabilite-civile-pour-pme\/#primaryimage","url":"https:\/\/www.bestronger.be\/wp-content\/uploads\/2025\/07\/pexels-image-16-scaled.jpg","contentUrl":"https:\/\/www.bestronger.be\/wp-content\/uploads\/2025\/07\/pexels-image-16-scaled.jpg","width":2560,"height":1707},{"@type":"BreadcrumbList","@id":"https:\/\/www.bestronger.be\/fr\/assurance-responsabilite-civile-pour-pme\/#breadcrumb","itemListElement":[{"@type":"ListItem","position":1,"name":"Accueil","item":"https:\/\/www.bestronger.be\/fr\/"},{"@type":"ListItem","position":2,"name":"L\u2019assurance responsabilit\u00e9 civile pour PME : comprendre, choisir, prot\u00e9ger son entreprise"}]},{"@type":"WebSite","@id":"https:\/\/www.bestronger.be\/fr\/#website","url":"https:\/\/www.bestronger.be\/fr\/","name":"Be-Stronger","description":"LES COURTIERS EN ASSURANCES PROFESSIONNELS AU SERVICE DES ENTREPRISES","publisher":{"@id":"https:\/\/www.bestronger.be\/fr\/#organization"},"potentialAction":[{"@type":"SearchAction","target":{"@type":"EntryPoint","urlTemplate":"https:\/\/www.bestronger.be\/fr\/?s={search_term_string}"},"query-input":{"@type":"PropertyValueSpecification","valueRequired":true,"valueName":"search_term_string"}}],"inLanguage":"fr-FR"},{"@type":"Organization","@id":"https:\/\/www.bestronger.be\/fr\/#organization","name":"Be-Stronger","url":"https:\/\/www.bestronger.be\/fr\/","logo":{"@type":"ImageObject","inLanguage":"fr-FR","@id":"https:\/\/www.bestronger.be\/fr\/#\/schema\/logo\/image\/","url":"https:\/\/www.bestronger.be\/wp-content\/uploads\/2018\/06\/BeStronger-loading.jpg","contentUrl":"https:\/\/www.bestronger.be\/wp-content\/uploads\/2018\/06\/BeStronger-loading.jpg","width":294,"height":238,"caption":"Be-Stronger"},"image":{"@id":"https:\/\/www.bestronger.be\/fr\/#\/schema\/logo\/image\/"}},{"@type":"Person","@id":"https:\/\/www.bestronger.be\/fr\/#\/schema\/person\/9b5071f88803a5a401150925e1c85edd","name":"ux","image":{"@type":"ImageObject","inLanguage":"fr-FR","@id":"https:\/\/secure.gravatar.com\/avatar\/55910fdda0e0c45554b3096ceaae8625f4b22c21afd0dceb3d417810a4125655?s=96&d=mm&r=g","url":"https:\/\/secure.gravatar.com\/avatar\/55910fdda0e0c45554b3096ceaae8625f4b22c21afd0dceb3d417810a4125655?s=96&d=mm&r=g","contentUrl":"https:\/\/secure.gravatar.com\/avatar\/55910fdda0e0c45554b3096ceaae8625f4b22c21afd0dceb3d417810a4125655?s=96&d=mm&r=g","caption":"ux"}}]}},"_links":{"self":[{"href":"https:\/\/www.bestronger.be\/fr\/wp-json\/wp\/v2\/posts\/5617","targetHints":{"allow":["GET"]}}],"collection":[{"href":"https:\/\/www.bestronger.be\/fr\/wp-json\/wp\/v2\/posts"}],"about":[{"href":"https:\/\/www.bestronger.be\/fr\/wp-json\/wp\/v2\/types\/post"}],"author":[{"embeddable":true,"href":"https:\/\/www.bestronger.be\/fr\/wp-json\/wp\/v2\/users\/1"}],"replies":[{"embeddable":true,"href":"https:\/\/www.bestronger.be\/fr\/wp-json\/wp\/v2\/comments?post=5617"}],"version-history":[{"count":1,"href":"https:\/\/www.bestronger.be\/fr\/wp-json\/wp\/v2\/posts\/5617\/revisions"}],"predecessor-version":[{"id":5620,"href":"https:\/\/www.bestronger.be\/fr\/wp-json\/wp\/v2\/posts\/5617\/revisions\/5620"}],"wp:featuredmedia":[{"embeddable":true,"href":"https:\/\/www.bestronger.be\/fr\/wp-json\/wp\/v2\/media\/5618"}],"wp:attachment":[{"href":"https:\/\/www.bestronger.be\/fr\/wp-json\/wp\/v2\/media?parent=5617"}],"wp:term":[{"taxonomy":"category","embeddable":true,"href":"https:\/\/www.bestronger.be\/fr\/wp-json\/wp\/v2\/categories?post=5617"},{"taxonomy":"post_tag","embeddable":true,"href":"https:\/\/www.bestronger.be\/fr\/wp-json\/wp\/v2\/tags?post=5617"}],"curies":[{"name":"wp","href":"https:\/\/api.w.org\/{rel}","templated":true}]}}