{"id":5644,"date":"2025-07-27T00:15:49","date_gmt":"2025-07-26T22:15:49","guid":{"rendered":"https:\/\/www.bestronger.be\/assurance-pme-personnalisee-4\/"},"modified":"2025-07-27T00:15:58","modified_gmt":"2025-07-26T22:15:58","slug":"assurance-pme-personnalisee-4","status":"publish","type":"post","link":"https:\/\/www.bestronger.be\/fr\/assurance-pme-personnalisee-4\/","title":{"rendered":"L\u2019assurance pme personnalis\u00e9e : adaptez la protection \u00e0 votre entreprise"},"content":{"rendered":"<p>La gestion des risques pour une PME ressemble souvent \u00e0 un jeu d\u2019\u00e9quilibriste. Entre la croissance rapide, les r\u00e9glementations en \u00e9volution constante, et les impr\u00e9vus inh\u00e9rents \u00e0 l\u2019activit\u00e9, il est facile de perdre pied. Pourtant, s\u2019il y a bien un point sur lequel les chefs d\u2019entreprise ne peuvent se permettre d\u2019improviser, c\u2019est la question de l\u2019assurance. Mais existe-t-il une assurance vraiment adapt\u00e9e \u00e0 chaque PME ? Face \u00e0 la diversit\u00e9 des m\u00e9tiers et des profils, l\u2019assurance PME personnalis\u00e9e tire son \u00e9pingle du jeu, offrant sur-mesure et proximit\u00e9. Plong\u00e9e dans cet univers o\u00f9 chaque d\u00e9tail compte.<\/p>\n<h2>Comprendre les besoins sp\u00e9cifiques des PME fran\u00e7aises<\/h2>\n<p>Dans le paysage entrepreneurial hexagonal, les PME jouent un r\u00f4le central : selon l\u2019INSEE, elles repr\u00e9sentaient 99,8 % des entreprises fran\u00e7aises en 2022. Pourtant, toutes ne se ressemblent pas \u2013 loin de l\u00e0. Une soci\u00e9t\u00e9 de conseil en informatique \u00e0 Lyon n\u2019a pas du tout les m\u00eames exigences assurantielles qu\u2019un atelier de menuiserie familiale dans le Tarn. Les risques ? Ils varient selon le secteur, la taille, le chiffre d\u2019affaires, le nombre de salari\u00e9s et la zone g\u00e9ographique. Certains privil\u00e9gieront la couverture responsabilit\u00e9 civile professionnelle, d\u2019autres mettront l\u2019accent sur la garantie d\u00e9cennale ou la protection des stocks. D\u00e8s lors, comment envisager une assurance g\u00e9n\u00e9rique ? C\u2019est l\u00e0 que la personnalisation entre en sc\u00e8ne et s\u2019impose comme la r\u00e9ponse \u00e0 une r\u00e9alit\u00e9 plurielle.<\/p>\n<h2>Pourquoi choisir une assurance PME personnalis\u00e9e ?<\/h2>\n<p>Opter pour une assurance PME personnalis\u00e9e, c\u2019est bien plus qu\u2019un buzzword \u00e0 la mode. C\u2019est reconna\u00eetre que chaque entreprise \u2013 m\u00eame voisine \u2013 poss\u00e8de ses propres risques, ses fa\u00e7ons de fonctionner, ses salari\u00e9s et son histoire. Ce n\u2019est pas un hasard si, \u00e0 Bordeaux en 2023, une PME du secteur agroalimentaire a pu rebondir rapidement apr\u00e8s un sinistre gr\u00e2ce \u00e0 un contrat parfaitement adapt\u00e9 \u00e0 la nature de ses risques et au rythme saisonnier de sa production. L\u2019assurance personnalis\u00e9e permet d\u2019optimiser ses co\u00fbts (pas de garanties inutiles, pas de doublons), de gagner en tranquillit\u00e9 d\u2019esprit et surtout d\u2019assurer la p\u00e9rennit\u00e9 du business. Besoin de couvrir une flotte automobile ? D\u2019inclure un dispositif de pr\u00e9voyance pour vos cadres ? D\u2019adapter la franchise \u00e0 votre tr\u00e9sorerie ? Prendre le temps de construire avec un interm\u00e9diaire comp\u00e9tent une couverture sur-mesure fait la diff\u00e9rence.<\/p>\n<h2>Les principaux leviers de personnalisation pour une PME<\/h2>\n<p>La force d\u2019une assurance PME personnalis\u00e9e, c\u2019est la modularit\u00e9. On y retrouve plusieurs axes d\u2019ajustement : la s\u00e9lection des garanties (vol, incendie, cyber-risques, pertes d\u2019exploitation, bris de machines\u2026), des franchises adapt\u00e9es \u00e0 la capacit\u00e9 financi\u00e8re de l\u2019entreprise, la d\u00e9finition de plafonds en fonction de la valeur r\u00e9elle des biens assur\u00e9s, l\u2019int\u00e9gration de services d\u2019assistance et de pr\u00e9vention ou encore l\u2019ajout de garanties optionnelles selon l\u2019\u00e9volution de l\u2019activit\u00e9 (nouvelles lignes de produits, investissements, embauche\u2026).<\/p>\n<p>Un exemple concret ? Une PME de la r\u00e9gion de Strasbourg a r\u00e9cemment pu \u00e9largir sans douleur sa couverture, en ajoutant la garantie fraude et cybercriminalit\u00e9 apr\u00e8s avoir constat\u00e9 une hausse des tentatives de phishing visant ses \u00e9quipes. Ajustement rapide, co\u00fbt ma\u00eetris\u00e9, rendre la couverture \u00ab vivante \u00bb, c\u2019est-\u00e0-dire adapt\u00e9e \u00e0 la situation r\u00e9elle. Ce c\u00f4t\u00e9 \u00e9volutif, de nombreux dirigeants le pl\u00e9biscitent, pr\u00e9f\u00e9rant un interlocuteur de proximit\u00e9 qui conna\u00eet leur secteur et fait \u00e9voluer le contrat. \u00ab J\u2019ai toujours peur de surassurer ou de passer \u00e0 c\u00f4t\u00e9 d\u2019un risque. Avec mon agent local, c\u2019est clair, je comprends ce que je paie et pourquoi \u00bb, confie Sonia, g\u00e9rante d\u2019une PME textile \u00e0 Lille.<\/p>\n<h2>Les b\u00e9n\u00e9fices m\u00e9tier d\u2019une couverture taill\u00e9e sur mesure<\/h2>\n<p>Et si l\u2019assurance devenait un levier de confiance, aussi bien pour les dirigeants que pour leurs clients, fournisseurs ou partenaires financiers ? En r\u00e9gion parisienne, un expert-comptable a \u00e9voqu\u00e9 en janvier 2024 le cas d\u2019une PME industrielle qui a d\u00e9croch\u00e9 un nouveau contrat gr\u00e2ce \u00e0 sa capacit\u00e9 \u00e0 prouver, documents \u00e0 l\u2019appui, la solidit\u00e9 de sa couverture d\u2019assurance personnalis\u00e9e. \u00ab De plus en plus de donneurs d\u2019ordre demandent une attestation d\u00e9taill\u00e9e, avec des garanties pr\u00e9cises. C\u2019est presque un pr\u00e9requis pour cr\u00e9er des relations commerciales s\u00e9rieuses aujourd\u2019hui. \u00bb<\/p>\n<p>C\u00f4t\u00e9 salari\u00e9s, la transparence sur les dispositifs de pr\u00e9voyance, la mutuelle sant\u00e9 adapt\u00e9e, ou encore la protection contre les accidents du travail contribuent au climat social et \u00e0 l\u2019attractivit\u00e9 de l\u2019entreprise. Tout le monde est gagnant, dirigeants comme collaborateurs. Les assureurs qui s\u2019engagent dans une relation \u00e0 long terme, avec un accompagnement et une d\u00e9marche de conseil proactif, renforcent la s\u00e9curit\u00e9 de leurs clients et leur offrent un filet de s\u00e9curit\u00e9 \u00e9volutif.<\/p>\n<h2>Comment bien choisir son assurance PME personnalis\u00e9e ?<\/h2>\n<p>Difficile de s\u2019y retrouver face \u00e0 la multitude d\u2019offres du march\u00e9. Faut-il privil\u00e9gier un grand acteur national, une mutuelle r\u00e9gionale, ou un courtier de proximit\u00e9 sp\u00e9cialis\u00e9 dans votre secteur ? La premi\u00e8re \u00e9tape consiste \u00e0 r\u00e9aliser un audit rigoureux des risques, sans biais et sans tabou. Mieux vaut parfois \u00e9voquer des sc\u00e9narios improbables (cyberattaque, inondation, d\u00e9faillance d\u2019un prestataire cl\u00e9) pour \u00eatre pr\u00eat \u00e0 toute \u00e9ventualit\u00e9. Les courtiers, trop souvent per\u00e7us comme de simples vendeurs, forment aujourd\u2019hui un maillon pr\u00e9cieux dans la construction d\u2019une assurance vraiment sur-mesure, capables de chasser pour vous le meilleur rapport couverture-prix.<\/p>\n<p>Autre conseil, v\u00e9rifiez la r\u00e9putation de l\u2019assureur en termes de gestion de sinistres \u2013 car le vrai test, c\u2019est le jour o\u00f9 \u00e7a arrive : d\u00e9lais d\u2019indemnisation, clart\u00e9 des garanties, accompagnement pratique. Les forums sp\u00e9cialis\u00e9s, l\u2019avis de r\u00e9seaux d\u2019entrepreneurs locaux ou la CCI constituent d\u2019excellentes cl\u00e9s pour \u00e9viter les mauvaises surprises. Les PME les plus aguerries n\u2019h\u00e9sitent plus \u00e0 revoir leur contrat chaque ann\u00e9e pour ajuster leur couverture.<\/p>\n<h2>Les tendances et innovations du secteur en 2024<\/h2>\n<p>L\u2019assurance PME personnalis\u00e9e conna\u00eet un renouveau. Les nouveaux outils digitaux, la data et l\u2019intelligence artificielle permettent d\u00e9sormais aux assureurs de proposer des contrats ajust\u00e9s en fonction des donn\u00e9es de l\u2019entreprise\u202f: chiffre d\u2019affaires r\u00e9el, flotte de v\u00e9hicules g\u00e9olocalis\u00e9e, \u00e9volution du parc informatique\u2026 Cette personnalisation granulaire, d\u00e9j\u00e0 bien avanc\u00e9e aux \u00c9tats\u2011Unis, s\u00e9duit de plus en plus d\u2019entrepreneurs fran\u00e7ais. Le co\u00fbt\u202f? G\u00e9n\u00e9ralement, il s\u2019av\u00e8re plus comp\u00e9titif que pr\u00e9vu \u2013 le sur-mesure n\u2019est plus r\u00e9serv\u00e9 aux grands groupes. Avec une approche \u00ab \u00e0 la carte \u00bb, m\u00eame les plus petites structures peuvent souscrire une assurance align\u00e9e sur leurs vrais besoins, sans se ruiner. Certains acteurs innovants proposent d\u00e9j\u00e0 des plateformes en ligne pour moduler en temps r\u00e9el leurs garanties, selon l\u2019\u00e9volution des activit\u00e9s ou du contexte \u00e9conomique. Simple, flexible, rassurant. Qui aurait imagin\u00e9 cela il y a dix ans\u202f?<\/p>\n<div class=\"faq\">\n<h2>Foire aux questions (FAQ)<\/h2>\n<h3>Qu\u2019est-ce qu\u2019une assurance PME personnalis\u00e9e\u202f?<\/h3>\n<p>Une assurance PME personnalis\u00e9e est un contrat con\u00e7u sur\u2011mesure afin d\u2019int\u00e9grer tous les besoins sp\u00e9cifiques d\u2019une entreprise \u2013 en tenant compte de son secteur, sa taille, ses risques, sa structure et son \u00e9volution. Elle \u00e9vite les garanties inutiles et optimise les co\u00fbts pour offrir uniquement la protection n\u00e9cessaire.<\/p>\n<h3>Quels sont les atouts principaux d\u2019une assurance sur-mesure pour une PME\u202f?<\/h3>\n<p>Les principaux avantages\u202f: r\u00e9duction des exclusions, \u00e9quilibre parfait entre franchises et couverture, adaptation progressive aux \u00e9volutions de l\u2019entreprise (embauches, innovations, diversification\u2026), pr\u00e9vention personnalis\u00e9e, implication d\u2019un interlocuteur expert et ind\u00e9pendant.<\/p>\n<h3>Combien co\u00fbte une assurance PME personnalis\u00e9e\u202f?<\/h3>\n<p>Le tarif varie selon la taille, le chiffre d\u2019affaires, l\u2019activit\u00e9, les risques couverts, la localisation, les ant\u00e9c\u00e9dents de sinistres. En g\u00e9n\u00e9ral, une assurance personnalis\u00e9e n\u2019est pas forc\u00e9ment plus ch\u00e8re\u202f; elle permet d\u2019\u00e9viter des garanties superflues pour optimiser son budget.<\/p>\n<h3>Puis-je modifier mon contrat d\u2019assurance si mon entreprise \u00e9volue\u202f?<\/h3>\n<p>Oui, l\u2019un des principes fondamentaux de l\u2019assurance PME personnalis\u00e9e est la flexibilit\u00e9. En cas de changement (embauche, nouvelle activit\u00e9, parc machine qui s\u2019agrandit\u2026), le contrat s\u2019ajuste pour coller au plus pr\u00e8s de la r\u00e9alit\u00e9 de l\u2019entreprise.<\/p>\n<h3>Comment comparer efficacement les offres d\u2019assurance PME personnalis\u00e9e\u202f?<\/h3>\n<p>Il convient d\u2019analyser poste par poste les garanties, franchises, d\u00e9lais de carence, exclusions, r\u00e9putation de l\u2019assureur pour la gestion des sinistres, service client et accompagnement. Prendre le temps d\u2019\u00e9changer avec un courtier sp\u00e9cialis\u00e9 peut s\u2019av\u00e9rer payant sur le long terme.<\/p>\n<\/div>\n","protected":false},"excerpt":{"rendered":"<p>La gestion des risques pour une PME ressemble souvent \u00e0 un jeu d\u2019\u00e9quilibriste. Entre la croissance rapide, les r\u00e9glementations en \u00e9volution constante, et les impr\u00e9vus inh\u00e9rents \u00e0 l\u2019activit\u00e9, il est facile de perdre pied. Pourtant, s\u2019il y a bien un point sur lequel les chefs d\u2019entreprise ne peuvent se permettre d\u2019improviser, c\u2019est la question de [&hellip;]<\/p>\n","protected":false},"author":1,"featured_media":5645,"comment_status":"closed","ping_status":"open","sticky":false,"template":"","format":"standard","meta":{"footnotes":""},"categories":[1],"tags":[],"class_list":["post-5644","post","type-post","status-publish","format-standard","has-post-thumbnail","hentry","category-non-classifiee"],"yoast_head":"<!-- This site is optimized with the Yoast SEO plugin v27.3 - https:\/\/yoast.com\/product\/yoast-seo-wordpress\/ -->\n<title>Assurance PME personnalis\u00e9e : quels avantages pour votre entreprise ?<\/title>\n<meta name=\"description\" content=\"D\u00e9couvrez pourquoi l&#039;assurance PME personnalis\u00e9e s&#039;adapte vraiment \u00e0 chaque entreprise. Exemples, tendances 2024, conseils pratiques et FAQ pour optimiser votre couverture professionnelle.\" \/>\n<meta name=\"robots\" content=\"index, follow, max-snippet:-1, max-image-preview:large, max-video-preview:-1\" \/>\n<link rel=\"canonical\" href=\"https:\/\/www.bestronger.be\/fr\/assurance-pme-personnalisee-4\/\" \/>\n<meta property=\"og:locale\" content=\"fr_FR\" \/>\n<meta property=\"og:type\" content=\"article\" \/>\n<meta property=\"og:title\" content=\"Assurance PME personnalis\u00e9e : quels avantages pour votre entreprise ?\" \/>\n<meta property=\"og:description\" content=\"D\u00e9couvrez pourquoi l&#039;assurance PME personnalis\u00e9e s&#039;adapte vraiment \u00e0 chaque entreprise. Exemples, tendances 2024, conseils pratiques et FAQ pour optimiser votre couverture professionnelle.\" \/>\n<meta property=\"og:url\" content=\"https:\/\/www.bestronger.be\/fr\/assurance-pme-personnalisee-4\/\" \/>\n<meta property=\"og:site_name\" content=\"BESTRONGER\" \/>\n<meta property=\"article:published_time\" content=\"2025-07-26T22:15:49+00:00\" \/>\n<meta property=\"article:modified_time\" content=\"2025-07-26T22:15:58+00:00\" \/>\n<meta property=\"og:image\" content=\"https:\/\/www.bestronger.be\/wp-content\/uploads\/2025\/07\/pexels-image-19-scaled.jpg\" \/>\n\t<meta property=\"og:image:width\" content=\"2560\" \/>\n\t<meta property=\"og:image:height\" content=\"1707\" \/>\n\t<meta property=\"og:image:type\" content=\"image\/jpeg\" \/>\n<meta name=\"author\" content=\"ux\" \/>\n<meta name=\"twitter:card\" content=\"summary_large_image\" \/>\n<meta name=\"twitter:label1\" content=\"\u00c9crit par\" \/>\n\t<meta name=\"twitter:data1\" content=\"ux\" \/>\n\t<meta name=\"twitter:label2\" content=\"Dur\u00e9e de lecture estim\u00e9e\" \/>\n\t<meta name=\"twitter:data2\" content=\"7 minutes\" \/>\n<script type=\"application\/ld+json\" class=\"yoast-schema-graph\">{\"@context\":\"https:\\\/\\\/schema.org\",\"@graph\":[{\"@type\":\"Article\",\"@id\":\"https:\\\/\\\/www.bestronger.be\\\/fr\\\/assurance-pme-personnalisee-4\\\/#article\",\"isPartOf\":{\"@id\":\"https:\\\/\\\/www.bestronger.be\\\/fr\\\/assurance-pme-personnalisee-4\\\/\"},\"author\":{\"name\":\"ux\",\"@id\":\"https:\\\/\\\/www.bestronger.be\\\/fr\\\/#\\\/schema\\\/person\\\/9b5071f88803a5a401150925e1c85edd\"},\"headline\":\"L\u2019assurance pme personnalis\u00e9e : adaptez la protection \u00e0 votre entreprise\",\"datePublished\":\"2025-07-26T22:15:49+00:00\",\"dateModified\":\"2025-07-26T22:15:58+00:00\",\"mainEntityOfPage\":{\"@id\":\"https:\\\/\\\/www.bestronger.be\\\/fr\\\/assurance-pme-personnalisee-4\\\/\"},\"wordCount\":1487,\"publisher\":{\"@id\":\"https:\\\/\\\/www.bestronger.be\\\/fr\\\/#organization\"},\"image\":{\"@id\":\"https:\\\/\\\/www.bestronger.be\\\/fr\\\/assurance-pme-personnalisee-4\\\/#primaryimage\"},\"thumbnailUrl\":\"https:\\\/\\\/www.bestronger.be\\\/wp-content\\\/uploads\\\/2025\\\/07\\\/pexels-image-19-scaled.jpg\",\"articleSection\":[\"Non classifi\u00e9(e)\"],\"inLanguage\":\"fr-FR\"},{\"@type\":\"WebPage\",\"@id\":\"https:\\\/\\\/www.bestronger.be\\\/fr\\\/assurance-pme-personnalisee-4\\\/\",\"url\":\"https:\\\/\\\/www.bestronger.be\\\/fr\\\/assurance-pme-personnalisee-4\\\/\",\"name\":\"Assurance PME personnalis\u00e9e : quels avantages pour votre entreprise ?\",\"isPartOf\":{\"@id\":\"https:\\\/\\\/www.bestronger.be\\\/fr\\\/#website\"},\"primaryImageOfPage\":{\"@id\":\"https:\\\/\\\/www.bestronger.be\\\/fr\\\/assurance-pme-personnalisee-4\\\/#primaryimage\"},\"image\":{\"@id\":\"https:\\\/\\\/www.bestronger.be\\\/fr\\\/assurance-pme-personnalisee-4\\\/#primaryimage\"},\"thumbnailUrl\":\"https:\\\/\\\/www.bestronger.be\\\/wp-content\\\/uploads\\\/2025\\\/07\\\/pexels-image-19-scaled.jpg\",\"datePublished\":\"2025-07-26T22:15:49+00:00\",\"dateModified\":\"2025-07-26T22:15:58+00:00\",\"description\":\"D\u00e9couvrez pourquoi l'assurance PME personnalis\u00e9e s'adapte vraiment \u00e0 chaque entreprise. Exemples, tendances 2024, conseils pratiques et FAQ pour optimiser votre couverture professionnelle.\",\"breadcrumb\":{\"@id\":\"https:\\\/\\\/www.bestronger.be\\\/fr\\\/assurance-pme-personnalisee-4\\\/#breadcrumb\"},\"inLanguage\":\"fr-FR\",\"potentialAction\":[{\"@type\":\"ReadAction\",\"target\":[\"https:\\\/\\\/www.bestronger.be\\\/fr\\\/assurance-pme-personnalisee-4\\\/\"]}]},{\"@type\":\"ImageObject\",\"inLanguage\":\"fr-FR\",\"@id\":\"https:\\\/\\\/www.bestronger.be\\\/fr\\\/assurance-pme-personnalisee-4\\\/#primaryimage\",\"url\":\"https:\\\/\\\/www.bestronger.be\\\/wp-content\\\/uploads\\\/2025\\\/07\\\/pexels-image-19-scaled.jpg\",\"contentUrl\":\"https:\\\/\\\/www.bestronger.be\\\/wp-content\\\/uploads\\\/2025\\\/07\\\/pexels-image-19-scaled.jpg\",\"width\":2560,\"height\":1707},{\"@type\":\"BreadcrumbList\",\"@id\":\"https:\\\/\\\/www.bestronger.be\\\/fr\\\/assurance-pme-personnalisee-4\\\/#breadcrumb\",\"itemListElement\":[{\"@type\":\"ListItem\",\"position\":1,\"name\":\"Accueil\",\"item\":\"https:\\\/\\\/www.bestronger.be\\\/fr\\\/\"},{\"@type\":\"ListItem\",\"position\":2,\"name\":\"L\u2019assurance pme personnalis\u00e9e : adaptez la protection \u00e0 votre entreprise\"}]},{\"@type\":\"WebSite\",\"@id\":\"https:\\\/\\\/www.bestronger.be\\\/fr\\\/#website\",\"url\":\"https:\\\/\\\/www.bestronger.be\\\/fr\\\/\",\"name\":\"Be-Stronger\",\"description\":\"LES COURTIERS EN ASSURANCES PROFESSIONNELS AU SERVICE DES ENTREPRISES\",\"publisher\":{\"@id\":\"https:\\\/\\\/www.bestronger.be\\\/fr\\\/#organization\"},\"potentialAction\":[{\"@type\":\"SearchAction\",\"target\":{\"@type\":\"EntryPoint\",\"urlTemplate\":\"https:\\\/\\\/www.bestronger.be\\\/fr\\\/?s={search_term_string}\"},\"query-input\":{\"@type\":\"PropertyValueSpecification\",\"valueRequired\":true,\"valueName\":\"search_term_string\"}}],\"inLanguage\":\"fr-FR\"},{\"@type\":\"Organization\",\"@id\":\"https:\\\/\\\/www.bestronger.be\\\/fr\\\/#organization\",\"name\":\"Be-Stronger\",\"url\":\"https:\\\/\\\/www.bestronger.be\\\/fr\\\/\",\"logo\":{\"@type\":\"ImageObject\",\"inLanguage\":\"fr-FR\",\"@id\":\"https:\\\/\\\/www.bestronger.be\\\/fr\\\/#\\\/schema\\\/logo\\\/image\\\/\",\"url\":\"https:\\\/\\\/www.bestronger.be\\\/wp-content\\\/uploads\\\/2018\\\/06\\\/BeStronger-loading.jpg\",\"contentUrl\":\"https:\\\/\\\/www.bestronger.be\\\/wp-content\\\/uploads\\\/2018\\\/06\\\/BeStronger-loading.jpg\",\"width\":294,\"height\":238,\"caption\":\"Be-Stronger\"},\"image\":{\"@id\":\"https:\\\/\\\/www.bestronger.be\\\/fr\\\/#\\\/schema\\\/logo\\\/image\\\/\"}},{\"@type\":\"Person\",\"@id\":\"https:\\\/\\\/www.bestronger.be\\\/fr\\\/#\\\/schema\\\/person\\\/9b5071f88803a5a401150925e1c85edd\",\"name\":\"ux\",\"image\":{\"@type\":\"ImageObject\",\"inLanguage\":\"fr-FR\",\"@id\":\"https:\\\/\\\/secure.gravatar.com\\\/avatar\\\/55910fdda0e0c45554b3096ceaae8625f4b22c21afd0dceb3d417810a4125655?s=96&d=mm&r=g\",\"url\":\"https:\\\/\\\/secure.gravatar.com\\\/avatar\\\/55910fdda0e0c45554b3096ceaae8625f4b22c21afd0dceb3d417810a4125655?s=96&d=mm&r=g\",\"contentUrl\":\"https:\\\/\\\/secure.gravatar.com\\\/avatar\\\/55910fdda0e0c45554b3096ceaae8625f4b22c21afd0dceb3d417810a4125655?s=96&d=mm&r=g\",\"caption\":\"ux\"}}]}<\/script>\n<!-- \/ Yoast SEO plugin. -->","yoast_head_json":{"title":"Assurance PME personnalis\u00e9e : quels avantages pour votre entreprise ?","description":"D\u00e9couvrez pourquoi l'assurance PME personnalis\u00e9e s'adapte vraiment \u00e0 chaque entreprise. Exemples, tendances 2024, conseils pratiques et FAQ pour optimiser votre couverture professionnelle.","robots":{"index":"index","follow":"follow","max-snippet":"max-snippet:-1","max-image-preview":"max-image-preview:large","max-video-preview":"max-video-preview:-1"},"canonical":"https:\/\/www.bestronger.be\/fr\/assurance-pme-personnalisee-4\/","og_locale":"fr_FR","og_type":"article","og_title":"Assurance PME personnalis\u00e9e : quels avantages pour votre entreprise ?","og_description":"D\u00e9couvrez pourquoi l'assurance PME personnalis\u00e9e s'adapte vraiment \u00e0 chaque entreprise. Exemples, tendances 2024, conseils pratiques et FAQ pour optimiser votre couverture professionnelle.","og_url":"https:\/\/www.bestronger.be\/fr\/assurance-pme-personnalisee-4\/","og_site_name":"BESTRONGER","article_published_time":"2025-07-26T22:15:49+00:00","article_modified_time":"2025-07-26T22:15:58+00:00","og_image":[{"width":2560,"height":1707,"url":"https:\/\/www.bestronger.be\/wp-content\/uploads\/2025\/07\/pexels-image-19-scaled.jpg","type":"image\/jpeg"}],"author":"ux","twitter_card":"summary_large_image","twitter_misc":{"\u00c9crit par":"ux","Dur\u00e9e de lecture estim\u00e9e":"7 minutes"},"schema":{"@context":"https:\/\/schema.org","@graph":[{"@type":"Article","@id":"https:\/\/www.bestronger.be\/fr\/assurance-pme-personnalisee-4\/#article","isPartOf":{"@id":"https:\/\/www.bestronger.be\/fr\/assurance-pme-personnalisee-4\/"},"author":{"name":"ux","@id":"https:\/\/www.bestronger.be\/fr\/#\/schema\/person\/9b5071f88803a5a401150925e1c85edd"},"headline":"L\u2019assurance pme personnalis\u00e9e : adaptez la protection \u00e0 votre entreprise","datePublished":"2025-07-26T22:15:49+00:00","dateModified":"2025-07-26T22:15:58+00:00","mainEntityOfPage":{"@id":"https:\/\/www.bestronger.be\/fr\/assurance-pme-personnalisee-4\/"},"wordCount":1487,"publisher":{"@id":"https:\/\/www.bestronger.be\/fr\/#organization"},"image":{"@id":"https:\/\/www.bestronger.be\/fr\/assurance-pme-personnalisee-4\/#primaryimage"},"thumbnailUrl":"https:\/\/www.bestronger.be\/wp-content\/uploads\/2025\/07\/pexels-image-19-scaled.jpg","articleSection":["Non classifi\u00e9(e)"],"inLanguage":"fr-FR"},{"@type":"WebPage","@id":"https:\/\/www.bestronger.be\/fr\/assurance-pme-personnalisee-4\/","url":"https:\/\/www.bestronger.be\/fr\/assurance-pme-personnalisee-4\/","name":"Assurance PME personnalis\u00e9e : quels avantages pour votre entreprise ?","isPartOf":{"@id":"https:\/\/www.bestronger.be\/fr\/#website"},"primaryImageOfPage":{"@id":"https:\/\/www.bestronger.be\/fr\/assurance-pme-personnalisee-4\/#primaryimage"},"image":{"@id":"https:\/\/www.bestronger.be\/fr\/assurance-pme-personnalisee-4\/#primaryimage"},"thumbnailUrl":"https:\/\/www.bestronger.be\/wp-content\/uploads\/2025\/07\/pexels-image-19-scaled.jpg","datePublished":"2025-07-26T22:15:49+00:00","dateModified":"2025-07-26T22:15:58+00:00","description":"D\u00e9couvrez pourquoi l'assurance PME personnalis\u00e9e s'adapte vraiment \u00e0 chaque entreprise. Exemples, tendances 2024, conseils pratiques et FAQ pour optimiser votre couverture professionnelle.","breadcrumb":{"@id":"https:\/\/www.bestronger.be\/fr\/assurance-pme-personnalisee-4\/#breadcrumb"},"inLanguage":"fr-FR","potentialAction":[{"@type":"ReadAction","target":["https:\/\/www.bestronger.be\/fr\/assurance-pme-personnalisee-4\/"]}]},{"@type":"ImageObject","inLanguage":"fr-FR","@id":"https:\/\/www.bestronger.be\/fr\/assurance-pme-personnalisee-4\/#primaryimage","url":"https:\/\/www.bestronger.be\/wp-content\/uploads\/2025\/07\/pexels-image-19-scaled.jpg","contentUrl":"https:\/\/www.bestronger.be\/wp-content\/uploads\/2025\/07\/pexels-image-19-scaled.jpg","width":2560,"height":1707},{"@type":"BreadcrumbList","@id":"https:\/\/www.bestronger.be\/fr\/assurance-pme-personnalisee-4\/#breadcrumb","itemListElement":[{"@type":"ListItem","position":1,"name":"Accueil","item":"https:\/\/www.bestronger.be\/fr\/"},{"@type":"ListItem","position":2,"name":"L\u2019assurance pme personnalis\u00e9e : adaptez la protection \u00e0 votre entreprise"}]},{"@type":"WebSite","@id":"https:\/\/www.bestronger.be\/fr\/#website","url":"https:\/\/www.bestronger.be\/fr\/","name":"Be-Stronger","description":"LES COURTIERS EN ASSURANCES PROFESSIONNELS AU SERVICE DES ENTREPRISES","publisher":{"@id":"https:\/\/www.bestronger.be\/fr\/#organization"},"potentialAction":[{"@type":"SearchAction","target":{"@type":"EntryPoint","urlTemplate":"https:\/\/www.bestronger.be\/fr\/?s={search_term_string}"},"query-input":{"@type":"PropertyValueSpecification","valueRequired":true,"valueName":"search_term_string"}}],"inLanguage":"fr-FR"},{"@type":"Organization","@id":"https:\/\/www.bestronger.be\/fr\/#organization","name":"Be-Stronger","url":"https:\/\/www.bestronger.be\/fr\/","logo":{"@type":"ImageObject","inLanguage":"fr-FR","@id":"https:\/\/www.bestronger.be\/fr\/#\/schema\/logo\/image\/","url":"https:\/\/www.bestronger.be\/wp-content\/uploads\/2018\/06\/BeStronger-loading.jpg","contentUrl":"https:\/\/www.bestronger.be\/wp-content\/uploads\/2018\/06\/BeStronger-loading.jpg","width":294,"height":238,"caption":"Be-Stronger"},"image":{"@id":"https:\/\/www.bestronger.be\/fr\/#\/schema\/logo\/image\/"}},{"@type":"Person","@id":"https:\/\/www.bestronger.be\/fr\/#\/schema\/person\/9b5071f88803a5a401150925e1c85edd","name":"ux","image":{"@type":"ImageObject","inLanguage":"fr-FR","@id":"https:\/\/secure.gravatar.com\/avatar\/55910fdda0e0c45554b3096ceaae8625f4b22c21afd0dceb3d417810a4125655?s=96&d=mm&r=g","url":"https:\/\/secure.gravatar.com\/avatar\/55910fdda0e0c45554b3096ceaae8625f4b22c21afd0dceb3d417810a4125655?s=96&d=mm&r=g","contentUrl":"https:\/\/secure.gravatar.com\/avatar\/55910fdda0e0c45554b3096ceaae8625f4b22c21afd0dceb3d417810a4125655?s=96&d=mm&r=g","caption":"ux"}}]}},"_links":{"self":[{"href":"https:\/\/www.bestronger.be\/fr\/wp-json\/wp\/v2\/posts\/5644","targetHints":{"allow":["GET"]}}],"collection":[{"href":"https:\/\/www.bestronger.be\/fr\/wp-json\/wp\/v2\/posts"}],"about":[{"href":"https:\/\/www.bestronger.be\/fr\/wp-json\/wp\/v2\/types\/post"}],"author":[{"embeddable":true,"href":"https:\/\/www.bestronger.be\/fr\/wp-json\/wp\/v2\/users\/1"}],"replies":[{"embeddable":true,"href":"https:\/\/www.bestronger.be\/fr\/wp-json\/wp\/v2\/comments?post=5644"}],"version-history":[{"count":1,"href":"https:\/\/www.bestronger.be\/fr\/wp-json\/wp\/v2\/posts\/5644\/revisions"}],"predecessor-version":[{"id":5647,"href":"https:\/\/www.bestronger.be\/fr\/wp-json\/wp\/v2\/posts\/5644\/revisions\/5647"}],"wp:featuredmedia":[{"embeddable":true,"href":"https:\/\/www.bestronger.be\/fr\/wp-json\/wp\/v2\/media\/5645"}],"wp:attachment":[{"href":"https:\/\/www.bestronger.be\/fr\/wp-json\/wp\/v2\/media?parent=5644"}],"wp:term":[{"taxonomy":"category","embeddable":true,"href":"https:\/\/www.bestronger.be\/fr\/wp-json\/wp\/v2\/categories?post=5644"},{"taxonomy":"post_tag","embeddable":true,"href":"https:\/\/www.bestronger.be\/fr\/wp-json\/wp\/v2\/tags?post=5644"}],"curies":[{"name":"wp","href":"https:\/\/api.w.org\/{rel}","templated":true}]}}