{"id":5648,"date":"2025-07-28T00:15:43","date_gmt":"2025-07-27T22:15:43","guid":{"rendered":"https:\/\/www.bestronger.be\/assurance-pme-personnalisee-5\/"},"modified":"2025-07-28T00:15:52","modified_gmt":"2025-07-27T22:15:52","slug":"assurance-pme-personnalisee-5","status":"publish","type":"post","link":"https:\/\/www.bestronger.be\/fr\/assurance-pme-personnalisee-5\/","title":{"rendered":"Assurance pme personnalis\u00e9e : pourquoi choisir sur\u2011mesure pour votre entreprise ?"},"content":{"rendered":"<p>L\u2019assurance PME personnalis\u00e9e s\u2019impose aujourd\u2019hui comme l\u2019un des piliers fondamentaux pour garantir la p\u00e9rennit\u00e9 et la croissance d\u2019une entreprise \u00e0 taille humaine. Parce qu\u2019aucune PME n\u2019a les m\u00eames besoins, risques ou ambitions, choisir une couverture adapt\u00e9e et modulable devient quasi vital. Mais au fond, que signifie r\u00e9ellement \u00ab\u00a0assurance personnalis\u00e9e\u00a0\u00bb pour une PME\u00a0? Quels b\u00e9n\u00e9fices concrets en attendre\u00a0? Voyons ensemble pourquoi cette approche plus souple et pragmatique s\u00e9duit chaque ann\u00e9e un nombre croissant de dirigeants fran\u00e7ais, tout en cassant les codes de l\u2019assurance traditionnelle trop rigides et souvent inadapt\u00e9es aux r\u00e9alit\u00e9s terrain des petites entreprises. <\/p>\n<h2>Comprendre l\u2019assurance PME personnalis\u00e9e : au-del\u00e0 de la simple protection<\/h2>\n<p>L\u2019une des erreurs communes consiste \u00e0 croire qu\u2019une PME peut se contenter de solutions standardis\u00e9es, fa\u00e7on \u00ab\u00a0pack tout pr\u00eat\u00a0\u00bb. Or, rien n\u2019est moins vrai. Chaque secteur \u2013 qu\u2019il s\u2019agisse de la tech, du BTP, du commerce ou encore des professions lib\u00e9rales \u2013 est expos\u00e9 \u00e0 des risques vari\u00e9s. \u00c0 titre d\u2019exemple, une agence de communication n\u2019aura pas besoin des m\u00eames garanties qu\u2019un artisan ou une jeune plateforme e-commerce. La personnalisation, ici, se traduit par un audit pr\u00e9cis du profil, l\u2019analyse des vuln\u00e9rabilit\u00e9s m\u00e9tiers, une adaptation fine des franchises, plafonds, exclusions et, plus r\u00e9cemment, l\u2019int\u00e9gration de modules digitaux (cybers\u00e9curit\u00e9, protection des donn\u00e9es, assistance juridique, etc.).<\/p>\n<p>L\u2019assurance PME personnalis\u00e9e peut \u00e9galement \u00e9voluer au fil du temps, selon le d\u00e9veloppement de l\u2019entreprise, ses nouveaux march\u00e9s, son effectif ou son chiffre d\u2019affaires. Cette plasticit\u00e9 permet \u00e0 une PME de rester agile, sans surpayer des garanties inutiles ou, \u00e0 l\u2019inverse, souscrire par exc\u00e8s au d\u00e9triment de sa tr\u00e9sorerie. En 2023, selon France Assureurs, pr\u00e8s de 64% des dirigeants de PME d\u00e9claraient vouloir adapter leur contrat d\u2019assurance tous les deux ans au moins.<\/p>\n<h2>Les b\u00e9n\u00e9fices m\u00e9tier d\u2019une assurance sur\u2011mesure pour dirigeant de PME<\/h2>\n<p>Adopter une assurance personnalis\u00e9e pour sa PME va bien au-del\u00e0 de la simple conformit\u00e9 administrative. En ajustant pr\u00e9cis\u00e9ment ses clauses, l\u2019entreprise prot\u00e8ge son activit\u00e9 et son patrimoine, mais aussi rassure ses partenaires et ses salari\u00e9s. Prenons l\u2019exemple d\u2019une PME industrielle\/installatrice en Gironde, qui int\u00e8gre chaque ann\u00e9e de nouveaux \u00e9quipements et proc\u00e9dures : avec une police standard, de nombreux risques li\u00e9s \u00e0 la robotique ou \u00e0 l\u2019export ne seraient pas couverts. Gr\u00e2ce \u00e0 un contrat sur\u2011mesure, l\u2019ajustement s\u2019op\u00e8re au fil de l\u2019eau, directement avec l\u2019assureur\u00a0: du vrai sur-mesure, comme une seconde peau.<\/p>\n<p>Autre point crucial, rarement \u00e9voqu\u00e9\u00a0: la possibilit\u00e9 d\u2019int\u00e9grer \u00e0 son pack des garanties innovantes, comme l\u2019accompagnement psychologique post-agression pour secteur sensible (pharmacies, commerces de nuit), ou bien la couverture des litiges cyber en augmentation constante ces trois derni\u00e8res ann\u00e9es. Bref, l\u2019assurance personnalis\u00e9e devient un outil de gestion du risque global, et parfois m\u00eame un atout commercial. Certains chefs d\u2019entreprise, tel Julien, patron d\u2019une agence web \u00e0 Lyon, soulignaient en 2022 que \u00ab\u00a0la qualit\u00e9 et l\u2019agilit\u00e9 de leur assurance avaient pes\u00e9 dans la balance lors de n\u00e9gociations avec des donneurs d\u2019ordres internationaux\u00a0\u00bb.<\/p>\n<h2>Public cible\u00a0: dirigeants engag\u00e9s, PME dynamiques et start-ups en qu\u00eate de s\u00e9curit\u00e9 intelligente<\/h2>\n<p>Les entreprises concern\u00e9es par l\u2019assurance PME personnalis\u00e9e ne se limitent pas \u00e0 une taille ou un secteur\u00a0: on retrouve aussi bien des TPE de huit salari\u00e9s que des structures de 200 personnes, dans toute la France. Ce qui les rapproche\u00a0? Un go\u00fbt marqu\u00e9 pour l\u2019agilit\u00e9, la volont\u00e9 de ma\u00eetriser les co\u00fbts (40% des PME interrog\u00e9es affirment vouloir ren\u00e9gocier leurs contrats pour mieux piloter le poste assurance) et, surtout, un v\u00e9ritable engagement du dirigeant pour la s\u00e9curit\u00e9 de ses \u00e9quipes et la stabilit\u00e9 de l\u2019entreprise.<\/p>\n<p>Les jeunes chefs d\u2019entreprise, notamment issus des secteurs digitaux ou innovants, sont \u00e9galement friands d\u2019offres sur-mesure. Ils challengent r\u00e9guli\u00e8rement leurs prestataires d\u2019assurance sur l\u2019accompagnement, l\u2019acc\u00e8s \u00e0 une gestion en ligne fluide, ou la possibilit\u00e9 d\u2019ajouter\/desactiver une garantie selon l\u2019\u00e9volution du business ou de la r\u00e9glementation. C\u00f4t\u00e9 zone g\u00e9ographique, on note une demande accrue dans les p\u00f4les r\u00e9gionaux dynamiques \u2013 Bordeaux, Nantes, Lille, mais aussi dans les zones rurales o\u00f9 les activit\u00e9s de niche se d\u00e9veloppent (production bio, tourisme vert&#8230;).<\/p>\n<h2>Pourquoi l\u2019assurance personnalis\u00e9e devient un levier strat\u00e9gique pour les PME fran\u00e7aises<\/h2>\n<p>La crise sanitaire a clairement modifi\u00e9 la perception du risque au sein des entreprises fran\u00e7aises. Le besoin de s\u00e9curit\u00e9 accrue, la sensibilit\u00e9 \u00e0 la gestion des impr\u00e9vus et la digitalisation des proc\u00e9dures ont facilit\u00e9 la d\u00e9mocratisation de l\u2019assurance PME personnalis\u00e9e. Certains acteurs, comme AssurPME ou AXA Pro, d\u00e9veloppent depuis 2021 des plateformes de souscription et de suivi permettant, en quelques clics, de moduler ses options, d\u00e9clarer un sinistre, ou acc\u00e9der \u00e0 un conseiller en local.<\/p>\n<p>Cette \u00e9volution r\u00e9pond \u00e0 des enjeux de rapidit\u00e9 mais aussi d\u2019exigence : un contrat ajust\u00e9 au r\u00e9el, pilotable \u00e0 distance, mis \u00e0 jour selon la vie de l\u2019entreprise, c\u2019est du stress d\u00e9charg\u00e9 au quotidien&#8230; et parfois, la diff\u00e9rence entre une simple difficult\u00e9 de tr\u00e9sorerie et une cessation d\u2019activit\u00e9 \u00e9vit\u00e9e. Plusieurs cas concrets t\u00e9moignent de cette valeur ajout\u00e9e\u00a0: PME du secteur \u00e9v\u00e9nementiel dont l\u2019assurance personnalis\u00e9e a couvert des reports de prestations pendant les confinements, artisans red\u00e9marrant rapidement gr\u00e2ce \u00e0 un module \u00ab\u00a0remplacement mat\u00e9riel express\u00a0\u00bb, ou associations locales profitant de l\u2019accompagnement juridique sur mesure lors de litiges. Chacun y trouve, tr\u00e8s clairement, son compte.<\/p>\n<h2>Comment bien choisir son assurance PME personnalis\u00e9e\u00a0?<\/h2>\n<p>Parce que l\u2019offre de personnalisation \u00e9volue rapidement, il est essentiel de se faire accompagner dans le choix de son assurance. On ne le r\u00e9p\u00e9tera jamais assez : l\u2019analyse du contrat sous tous ses angles, la lecture attentive des exclusions mais aussi la comparaison annuelle des offres modulaires font partie des bonnes pratiques. Il peut \u00eatre pertinent de solliciter l\u2019avis d\u2019un courtier sp\u00e9cialis\u00e9 PME, capable de d\u00e9coder les besoins sp\u00e9cifiques de la soci\u00e9t\u00e9, son environnement d\u2019exploitation et de proposer une solution sur mesure, vraiment adapt\u00e9e aux enjeux identifi\u00e9s.<br \/>Un point souvent n\u00e9glig\u00e9\u00a0: faire \u00e9voluer r\u00e9guli\u00e8rement les garanties au fil de la croissance de la PME. Pourquoi payer une couverture surdimensionn\u00e9e alors que votre activit\u00e9 d\u00e9marre\u00a0? Inversement, pourquoi rester sous-assur\u00e9 si vous embauchez, ouvrez de nouveaux locaux ou innovez dans vos process\u00a0? \u00c0 m\u00e9diter\u00a0!<\/p>\n<h2>Zoom sur la relation client\u00a0: l\u2019importanza du conseil humain<\/h2>\n<p>\u00c0 l\u2019heure o\u00f9 tout (ou presque) se digitalise, un constat s\u2019impose\u00a0: la qualit\u00e9 du dialogue entre le conseiller et le dirigeant PME demeure cruciale. Un bon assureur personnalis\u00e9 va bien au-del\u00e0 de la vente d\u2019un produit : il accompagne, rassure, reste disponible lors des coups durs et comprend, dans le d\u00e9tail, la r\u00e9alit\u00e9 v\u00e9cue au quotidien par le chef d\u2019entreprise. C\u2019est aussi ce lien de confiance qui cr\u00e9e la diff\u00e9rence, et au final, facilite la gestion des moments critiques \u2014 sinistre, red\u00e9marrage, ou expansion inopin\u00e9e. C\u00f4t\u00e9 terrain, nombre de responsables de soci\u00e9t\u00e9 parlent de cette proximit\u00e9 comme d\u2019un vrai \u00ab\u00a0plus\u00a0\u00bb, surtout lors d\u2019\u00e9v\u00e9nements impr\u00e9vus ou exceptionnels.<\/p>\n<div class=\"faq\">\n<h3>Assurance PME personnalis\u00e9e\u00a0: quels avantages face \u00e0 une assurance traditionnelle\u00a0?<\/h3>\n<p>L\u2019assurance PME personnalis\u00e9e permet d\u2019ajuster tr\u00e8s pr\u00e9cis\u00e9ment les garanties aux besoins r\u00e9els de l\u2019entreprise, sans surpayer pour des options inutiles ni prendre le risque de mauvaises surprises en cas de sinistre. Elle offre souplesse, \u00e9volutivit\u00e9 et meilleure ma\u00eetrise du budget, contrairement aux offres packag\u00e9es souvent fig\u00e9es.<\/p>\n<h3>Comment \u00e9valuer les risques \u00e0 assurer pour une PME\u00a0?<\/h3>\n<p>Il est essentiel de r\u00e9aliser un diagnostic complet de l\u2019activit\u00e9 (analyse des postes sensibles, audit des process, examen des locaux et mat\u00e9riels), id\u00e9alement avec l\u2019aide d\u2019un courtier ou d\u2019un conseiller sp\u00e9cialis\u00e9. Cela permet d\u2019ajuster son contrat pour coller au plus pr\u00e8s des risques majeurs et\/ou \u00e9mergents.<\/p>\n<h3>Peut-on modifier une assurance PME personnalis\u00e9e en cours de contrat\u00a0?<\/h3>\n<p>Oui, la plupart des contrats sur\u2011mesure offrent la possibilit\u00e9 d\u2019adapter ses garanties en cours de route\u00a0: ajout ou suppression de modules, adaptation des plafonds ou franchises, d\u00e9claration de nouveaux biens ou outils num\u00e9riques&#8230; \u00e0 condition d\u2019en faire la demande explicite \u00e0 son assureur ou interm\u00e9diaire.<\/p>\n<h3>Combien co\u00fbte une assurance PME personnalis\u00e9e\u00a0?<\/h3>\n<p>Le co\u00fbt d\u00e9pend de plusieurs facteurs\u00a0: taille de la PME, secteur d\u2019activit\u00e9, nombre d\u2019employ\u00e9s, volume d\u2019affaires, garanties choisies et niveaux de franchises. Il n\u2019est pas rare de b\u00e9n\u00e9ficier d\u2019un devis enti\u00e8rement sur-mesure apr\u00e8s analyse de son dossier. \u00c0 comp\u00e9tences et options \u00e9gales, elle n\u2019est pas n\u00e9cessairement plus on\u00e9reuse qu\u2019une offre standard.<\/p>\n<h3>Pourquoi choisir un courtier sp\u00e9cialis\u00e9 pour une assurance PME personnalis\u00e9e\u00a0?<\/h3>\n<p>Un courtier expert conna\u00eet les subtilit\u00e9s des contrats, ma\u00eetrise le march\u00e9 et d\u00e9fend les int\u00e9r\u00eats du chef d\u2019entreprise face aux assureurs. Il aide \u00e0 la s\u00e9lection du contrat, au pilotage des garanties et, surtout, \u00e0 la gestion des sinistres en cas de probl\u00e8me, ce qui peut s\u2019av\u00e9rer tr\u00e8s pr\u00e9cieux pour une PME.<\/p>\n<\/div>\n","protected":false},"excerpt":{"rendered":"<p>L\u2019assurance PME personnalis\u00e9e s\u2019impose aujourd\u2019hui comme l\u2019un des piliers fondamentaux pour garantir la p\u00e9rennit\u00e9 et la croissance d\u2019une entreprise \u00e0 taille humaine. Parce qu\u2019aucune PME n\u2019a les m\u00eames besoins, risques ou ambitions, choisir une couverture adapt\u00e9e et modulable devient quasi vital. Mais au fond, que signifie r\u00e9ellement \u00ab\u00a0assurance personnalis\u00e9e\u00a0\u00bb pour une PME\u00a0? Quels b\u00e9n\u00e9fices concrets [&hellip;]<\/p>\n","protected":false},"author":1,"featured_media":5649,"comment_status":"closed","ping_status":"open","sticky":false,"template":"","format":"standard","meta":{"footnotes":""},"categories":[1],"tags":[],"class_list":["post-5648","post","type-post","status-publish","format-standard","has-post-thumbnail","hentry","category-non-classifiee"],"yoast_head":"<!-- This site is optimized with the Yoast SEO plugin v27.3 - https:\/\/yoast.com\/product\/yoast-seo-wordpress\/ -->\n<title>Assurance PME personnalis\u00e9e\u00a0: la protection sur-mesure id\u00e9ale pour les petites et moyennes entreprises<\/title>\n<meta name=\"description\" content=\"D\u00e9couvrez pourquoi l&#039;assurance PME personnalis\u00e9e est devenue incontournable pour prot\u00e9ger efficacement votre entreprise\u00a0: b\u00e9n\u00e9fices, exemples concrets, conseils et FAQ pour bien choisir la meilleure couverture sur-mesure selon vos besoins r\u00e9els.\" \/>\n<meta name=\"robots\" content=\"index, follow, max-snippet:-1, max-image-preview:large, max-video-preview:-1\" \/>\n<link rel=\"canonical\" href=\"https:\/\/www.bestronger.be\/fr\/assurance-pme-personnalisee-5\/\" \/>\n<meta property=\"og:locale\" content=\"fr_FR\" \/>\n<meta property=\"og:type\" content=\"article\" \/>\n<meta property=\"og:title\" content=\"Assurance PME personnalis\u00e9e\u00a0: la protection sur-mesure id\u00e9ale pour les petites et moyennes entreprises\" \/>\n<meta property=\"og:description\" content=\"D\u00e9couvrez pourquoi l&#039;assurance PME personnalis\u00e9e est devenue incontournable pour prot\u00e9ger efficacement votre entreprise\u00a0: b\u00e9n\u00e9fices, exemples concrets, conseils et FAQ pour bien choisir la meilleure couverture sur-mesure selon vos besoins r\u00e9els.\" \/>\n<meta property=\"og:url\" content=\"https:\/\/www.bestronger.be\/fr\/assurance-pme-personnalisee-5\/\" \/>\n<meta property=\"og:site_name\" content=\"BESTRONGER\" \/>\n<meta property=\"article:published_time\" content=\"2025-07-27T22:15:43+00:00\" \/>\n<meta property=\"article:modified_time\" content=\"2025-07-27T22:15:52+00:00\" \/>\n<meta property=\"og:image\" content=\"https:\/\/www.bestronger.be\/wp-content\/uploads\/2025\/07\/pexels-image-20-scaled.jpg\" \/>\n\t<meta property=\"og:image:width\" content=\"2560\" \/>\n\t<meta property=\"og:image:height\" content=\"1707\" \/>\n\t<meta property=\"og:image:type\" content=\"image\/jpeg\" \/>\n<meta name=\"author\" content=\"ux\" \/>\n<meta name=\"twitter:card\" content=\"summary_large_image\" \/>\n<meta name=\"twitter:label1\" content=\"\u00c9crit par\" \/>\n\t<meta name=\"twitter:data1\" content=\"ux\" \/>\n\t<meta name=\"twitter:label2\" content=\"Dur\u00e9e de lecture estim\u00e9e\" \/>\n\t<meta name=\"twitter:data2\" content=\"8 minutes\" \/>\n<script type=\"application\/ld+json\" class=\"yoast-schema-graph\">{\"@context\":\"https:\\\/\\\/schema.org\",\"@graph\":[{\"@type\":\"Article\",\"@id\":\"https:\\\/\\\/www.bestronger.be\\\/fr\\\/assurance-pme-personnalisee-5\\\/#article\",\"isPartOf\":{\"@id\":\"https:\\\/\\\/www.bestronger.be\\\/fr\\\/assurance-pme-personnalisee-5\\\/\"},\"author\":{\"name\":\"ux\",\"@id\":\"https:\\\/\\\/www.bestronger.be\\\/fr\\\/#\\\/schema\\\/person\\\/9b5071f88803a5a401150925e1c85edd\"},\"headline\":\"Assurance pme personnalis\u00e9e : pourquoi choisir sur\u2011mesure pour votre entreprise ?\",\"datePublished\":\"2025-07-27T22:15:43+00:00\",\"dateModified\":\"2025-07-27T22:15:52+00:00\",\"mainEntityOfPage\":{\"@id\":\"https:\\\/\\\/www.bestronger.be\\\/fr\\\/assurance-pme-personnalisee-5\\\/\"},\"wordCount\":1615,\"publisher\":{\"@id\":\"https:\\\/\\\/www.bestronger.be\\\/fr\\\/#organization\"},\"image\":{\"@id\":\"https:\\\/\\\/www.bestronger.be\\\/fr\\\/assurance-pme-personnalisee-5\\\/#primaryimage\"},\"thumbnailUrl\":\"https:\\\/\\\/www.bestronger.be\\\/wp-content\\\/uploads\\\/2025\\\/07\\\/pexels-image-20-scaled.jpg\",\"articleSection\":[\"Non classifi\u00e9(e)\"],\"inLanguage\":\"fr-FR\"},{\"@type\":\"WebPage\",\"@id\":\"https:\\\/\\\/www.bestronger.be\\\/fr\\\/assurance-pme-personnalisee-5\\\/\",\"url\":\"https:\\\/\\\/www.bestronger.be\\\/fr\\\/assurance-pme-personnalisee-5\\\/\",\"name\":\"Assurance PME personnalis\u00e9e\u00a0: la protection sur-mesure id\u00e9ale pour les petites et moyennes entreprises\",\"isPartOf\":{\"@id\":\"https:\\\/\\\/www.bestronger.be\\\/fr\\\/#website\"},\"primaryImageOfPage\":{\"@id\":\"https:\\\/\\\/www.bestronger.be\\\/fr\\\/assurance-pme-personnalisee-5\\\/#primaryimage\"},\"image\":{\"@id\":\"https:\\\/\\\/www.bestronger.be\\\/fr\\\/assurance-pme-personnalisee-5\\\/#primaryimage\"},\"thumbnailUrl\":\"https:\\\/\\\/www.bestronger.be\\\/wp-content\\\/uploads\\\/2025\\\/07\\\/pexels-image-20-scaled.jpg\",\"datePublished\":\"2025-07-27T22:15:43+00:00\",\"dateModified\":\"2025-07-27T22:15:52+00:00\",\"description\":\"D\u00e9couvrez pourquoi l'assurance PME personnalis\u00e9e est devenue incontournable pour prot\u00e9ger efficacement votre entreprise\u00a0: b\u00e9n\u00e9fices, exemples concrets, conseils et FAQ pour bien choisir la meilleure couverture sur-mesure selon vos besoins r\u00e9els.\",\"breadcrumb\":{\"@id\":\"https:\\\/\\\/www.bestronger.be\\\/fr\\\/assurance-pme-personnalisee-5\\\/#breadcrumb\"},\"inLanguage\":\"fr-FR\",\"potentialAction\":[{\"@type\":\"ReadAction\",\"target\":[\"https:\\\/\\\/www.bestronger.be\\\/fr\\\/assurance-pme-personnalisee-5\\\/\"]}]},{\"@type\":\"ImageObject\",\"inLanguage\":\"fr-FR\",\"@id\":\"https:\\\/\\\/www.bestronger.be\\\/fr\\\/assurance-pme-personnalisee-5\\\/#primaryimage\",\"url\":\"https:\\\/\\\/www.bestronger.be\\\/wp-content\\\/uploads\\\/2025\\\/07\\\/pexels-image-20-scaled.jpg\",\"contentUrl\":\"https:\\\/\\\/www.bestronger.be\\\/wp-content\\\/uploads\\\/2025\\\/07\\\/pexels-image-20-scaled.jpg\",\"width\":2560,\"height\":1707},{\"@type\":\"BreadcrumbList\",\"@id\":\"https:\\\/\\\/www.bestronger.be\\\/fr\\\/assurance-pme-personnalisee-5\\\/#breadcrumb\",\"itemListElement\":[{\"@type\":\"ListItem\",\"position\":1,\"name\":\"Accueil\",\"item\":\"https:\\\/\\\/www.bestronger.be\\\/fr\\\/\"},{\"@type\":\"ListItem\",\"position\":2,\"name\":\"Assurance pme personnalis\u00e9e : pourquoi choisir sur\u2011mesure pour votre entreprise ?\"}]},{\"@type\":\"WebSite\",\"@id\":\"https:\\\/\\\/www.bestronger.be\\\/fr\\\/#website\",\"url\":\"https:\\\/\\\/www.bestronger.be\\\/fr\\\/\",\"name\":\"Be-Stronger\",\"description\":\"LES COURTIERS EN ASSURANCES PROFESSIONNELS AU SERVICE DES ENTREPRISES\",\"publisher\":{\"@id\":\"https:\\\/\\\/www.bestronger.be\\\/fr\\\/#organization\"},\"potentialAction\":[{\"@type\":\"SearchAction\",\"target\":{\"@type\":\"EntryPoint\",\"urlTemplate\":\"https:\\\/\\\/www.bestronger.be\\\/fr\\\/?s={search_term_string}\"},\"query-input\":{\"@type\":\"PropertyValueSpecification\",\"valueRequired\":true,\"valueName\":\"search_term_string\"}}],\"inLanguage\":\"fr-FR\"},{\"@type\":\"Organization\",\"@id\":\"https:\\\/\\\/www.bestronger.be\\\/fr\\\/#organization\",\"name\":\"Be-Stronger\",\"url\":\"https:\\\/\\\/www.bestronger.be\\\/fr\\\/\",\"logo\":{\"@type\":\"ImageObject\",\"inLanguage\":\"fr-FR\",\"@id\":\"https:\\\/\\\/www.bestronger.be\\\/fr\\\/#\\\/schema\\\/logo\\\/image\\\/\",\"url\":\"https:\\\/\\\/www.bestronger.be\\\/wp-content\\\/uploads\\\/2018\\\/06\\\/BeStronger-loading.jpg\",\"contentUrl\":\"https:\\\/\\\/www.bestronger.be\\\/wp-content\\\/uploads\\\/2018\\\/06\\\/BeStronger-loading.jpg\",\"width\":294,\"height\":238,\"caption\":\"Be-Stronger\"},\"image\":{\"@id\":\"https:\\\/\\\/www.bestronger.be\\\/fr\\\/#\\\/schema\\\/logo\\\/image\\\/\"}},{\"@type\":\"Person\",\"@id\":\"https:\\\/\\\/www.bestronger.be\\\/fr\\\/#\\\/schema\\\/person\\\/9b5071f88803a5a401150925e1c85edd\",\"name\":\"ux\",\"image\":{\"@type\":\"ImageObject\",\"inLanguage\":\"fr-FR\",\"@id\":\"https:\\\/\\\/secure.gravatar.com\\\/avatar\\\/55910fdda0e0c45554b3096ceaae8625f4b22c21afd0dceb3d417810a4125655?s=96&d=mm&r=g\",\"url\":\"https:\\\/\\\/secure.gravatar.com\\\/avatar\\\/55910fdda0e0c45554b3096ceaae8625f4b22c21afd0dceb3d417810a4125655?s=96&d=mm&r=g\",\"contentUrl\":\"https:\\\/\\\/secure.gravatar.com\\\/avatar\\\/55910fdda0e0c45554b3096ceaae8625f4b22c21afd0dceb3d417810a4125655?s=96&d=mm&r=g\",\"caption\":\"ux\"}}]}<\/script>\n<!-- \/ Yoast SEO plugin. -->","yoast_head_json":{"title":"Assurance PME personnalis\u00e9e\u00a0: la protection sur-mesure id\u00e9ale pour les petites et moyennes entreprises","description":"D\u00e9couvrez pourquoi l'assurance PME personnalis\u00e9e est devenue incontournable pour prot\u00e9ger efficacement votre entreprise\u00a0: b\u00e9n\u00e9fices, exemples concrets, conseils et FAQ pour bien choisir la meilleure couverture sur-mesure selon vos besoins r\u00e9els.","robots":{"index":"index","follow":"follow","max-snippet":"max-snippet:-1","max-image-preview":"max-image-preview:large","max-video-preview":"max-video-preview:-1"},"canonical":"https:\/\/www.bestronger.be\/fr\/assurance-pme-personnalisee-5\/","og_locale":"fr_FR","og_type":"article","og_title":"Assurance PME personnalis\u00e9e\u00a0: la protection sur-mesure id\u00e9ale pour les petites et moyennes entreprises","og_description":"D\u00e9couvrez pourquoi l'assurance PME personnalis\u00e9e est devenue incontournable pour prot\u00e9ger efficacement votre entreprise\u00a0: b\u00e9n\u00e9fices, exemples concrets, conseils et FAQ pour bien choisir la meilleure couverture sur-mesure selon vos besoins r\u00e9els.","og_url":"https:\/\/www.bestronger.be\/fr\/assurance-pme-personnalisee-5\/","og_site_name":"BESTRONGER","article_published_time":"2025-07-27T22:15:43+00:00","article_modified_time":"2025-07-27T22:15:52+00:00","og_image":[{"width":2560,"height":1707,"url":"https:\/\/www.bestronger.be\/wp-content\/uploads\/2025\/07\/pexels-image-20-scaled.jpg","type":"image\/jpeg"}],"author":"ux","twitter_card":"summary_large_image","twitter_misc":{"\u00c9crit par":"ux","Dur\u00e9e de lecture estim\u00e9e":"8 minutes"},"schema":{"@context":"https:\/\/schema.org","@graph":[{"@type":"Article","@id":"https:\/\/www.bestronger.be\/fr\/assurance-pme-personnalisee-5\/#article","isPartOf":{"@id":"https:\/\/www.bestronger.be\/fr\/assurance-pme-personnalisee-5\/"},"author":{"name":"ux","@id":"https:\/\/www.bestronger.be\/fr\/#\/schema\/person\/9b5071f88803a5a401150925e1c85edd"},"headline":"Assurance pme personnalis\u00e9e : pourquoi choisir sur\u2011mesure pour votre entreprise ?","datePublished":"2025-07-27T22:15:43+00:00","dateModified":"2025-07-27T22:15:52+00:00","mainEntityOfPage":{"@id":"https:\/\/www.bestronger.be\/fr\/assurance-pme-personnalisee-5\/"},"wordCount":1615,"publisher":{"@id":"https:\/\/www.bestronger.be\/fr\/#organization"},"image":{"@id":"https:\/\/www.bestronger.be\/fr\/assurance-pme-personnalisee-5\/#primaryimage"},"thumbnailUrl":"https:\/\/www.bestronger.be\/wp-content\/uploads\/2025\/07\/pexels-image-20-scaled.jpg","articleSection":["Non classifi\u00e9(e)"],"inLanguage":"fr-FR"},{"@type":"WebPage","@id":"https:\/\/www.bestronger.be\/fr\/assurance-pme-personnalisee-5\/","url":"https:\/\/www.bestronger.be\/fr\/assurance-pme-personnalisee-5\/","name":"Assurance PME personnalis\u00e9e\u00a0: la protection sur-mesure id\u00e9ale pour les petites et moyennes entreprises","isPartOf":{"@id":"https:\/\/www.bestronger.be\/fr\/#website"},"primaryImageOfPage":{"@id":"https:\/\/www.bestronger.be\/fr\/assurance-pme-personnalisee-5\/#primaryimage"},"image":{"@id":"https:\/\/www.bestronger.be\/fr\/assurance-pme-personnalisee-5\/#primaryimage"},"thumbnailUrl":"https:\/\/www.bestronger.be\/wp-content\/uploads\/2025\/07\/pexels-image-20-scaled.jpg","datePublished":"2025-07-27T22:15:43+00:00","dateModified":"2025-07-27T22:15:52+00:00","description":"D\u00e9couvrez pourquoi l'assurance PME personnalis\u00e9e est devenue incontournable pour prot\u00e9ger efficacement votre entreprise\u00a0: b\u00e9n\u00e9fices, exemples concrets, conseils et FAQ pour bien choisir la meilleure couverture sur-mesure selon vos besoins r\u00e9els.","breadcrumb":{"@id":"https:\/\/www.bestronger.be\/fr\/assurance-pme-personnalisee-5\/#breadcrumb"},"inLanguage":"fr-FR","potentialAction":[{"@type":"ReadAction","target":["https:\/\/www.bestronger.be\/fr\/assurance-pme-personnalisee-5\/"]}]},{"@type":"ImageObject","inLanguage":"fr-FR","@id":"https:\/\/www.bestronger.be\/fr\/assurance-pme-personnalisee-5\/#primaryimage","url":"https:\/\/www.bestronger.be\/wp-content\/uploads\/2025\/07\/pexels-image-20-scaled.jpg","contentUrl":"https:\/\/www.bestronger.be\/wp-content\/uploads\/2025\/07\/pexels-image-20-scaled.jpg","width":2560,"height":1707},{"@type":"BreadcrumbList","@id":"https:\/\/www.bestronger.be\/fr\/assurance-pme-personnalisee-5\/#breadcrumb","itemListElement":[{"@type":"ListItem","position":1,"name":"Accueil","item":"https:\/\/www.bestronger.be\/fr\/"},{"@type":"ListItem","position":2,"name":"Assurance pme personnalis\u00e9e : pourquoi choisir sur\u2011mesure pour votre entreprise ?"}]},{"@type":"WebSite","@id":"https:\/\/www.bestronger.be\/fr\/#website","url":"https:\/\/www.bestronger.be\/fr\/","name":"Be-Stronger","description":"LES COURTIERS EN ASSURANCES PROFESSIONNELS AU SERVICE DES ENTREPRISES","publisher":{"@id":"https:\/\/www.bestronger.be\/fr\/#organization"},"potentialAction":[{"@type":"SearchAction","target":{"@type":"EntryPoint","urlTemplate":"https:\/\/www.bestronger.be\/fr\/?s={search_term_string}"},"query-input":{"@type":"PropertyValueSpecification","valueRequired":true,"valueName":"search_term_string"}}],"inLanguage":"fr-FR"},{"@type":"Organization","@id":"https:\/\/www.bestronger.be\/fr\/#organization","name":"Be-Stronger","url":"https:\/\/www.bestronger.be\/fr\/","logo":{"@type":"ImageObject","inLanguage":"fr-FR","@id":"https:\/\/www.bestronger.be\/fr\/#\/schema\/logo\/image\/","url":"https:\/\/www.bestronger.be\/wp-content\/uploads\/2018\/06\/BeStronger-loading.jpg","contentUrl":"https:\/\/www.bestronger.be\/wp-content\/uploads\/2018\/06\/BeStronger-loading.jpg","width":294,"height":238,"caption":"Be-Stronger"},"image":{"@id":"https:\/\/www.bestronger.be\/fr\/#\/schema\/logo\/image\/"}},{"@type":"Person","@id":"https:\/\/www.bestronger.be\/fr\/#\/schema\/person\/9b5071f88803a5a401150925e1c85edd","name":"ux","image":{"@type":"ImageObject","inLanguage":"fr-FR","@id":"https:\/\/secure.gravatar.com\/avatar\/55910fdda0e0c45554b3096ceaae8625f4b22c21afd0dceb3d417810a4125655?s=96&d=mm&r=g","url":"https:\/\/secure.gravatar.com\/avatar\/55910fdda0e0c45554b3096ceaae8625f4b22c21afd0dceb3d417810a4125655?s=96&d=mm&r=g","contentUrl":"https:\/\/secure.gravatar.com\/avatar\/55910fdda0e0c45554b3096ceaae8625f4b22c21afd0dceb3d417810a4125655?s=96&d=mm&r=g","caption":"ux"}}]}},"_links":{"self":[{"href":"https:\/\/www.bestronger.be\/fr\/wp-json\/wp\/v2\/posts\/5648","targetHints":{"allow":["GET"]}}],"collection":[{"href":"https:\/\/www.bestronger.be\/fr\/wp-json\/wp\/v2\/posts"}],"about":[{"href":"https:\/\/www.bestronger.be\/fr\/wp-json\/wp\/v2\/types\/post"}],"author":[{"embeddable":true,"href":"https:\/\/www.bestronger.be\/fr\/wp-json\/wp\/v2\/users\/1"}],"replies":[{"embeddable":true,"href":"https:\/\/www.bestronger.be\/fr\/wp-json\/wp\/v2\/comments?post=5648"}],"version-history":[{"count":1,"href":"https:\/\/www.bestronger.be\/fr\/wp-json\/wp\/v2\/posts\/5648\/revisions"}],"predecessor-version":[{"id":5651,"href":"https:\/\/www.bestronger.be\/fr\/wp-json\/wp\/v2\/posts\/5648\/revisions\/5651"}],"wp:featuredmedia":[{"embeddable":true,"href":"https:\/\/www.bestronger.be\/fr\/wp-json\/wp\/v2\/media\/5649"}],"wp:attachment":[{"href":"https:\/\/www.bestronger.be\/fr\/wp-json\/wp\/v2\/media?parent=5648"}],"wp:term":[{"taxonomy":"category","embeddable":true,"href":"https:\/\/www.bestronger.be\/fr\/wp-json\/wp\/v2\/categories?post=5648"},{"taxonomy":"post_tag","embeddable":true,"href":"https:\/\/www.bestronger.be\/fr\/wp-json\/wp\/v2\/tags?post=5648"}],"curies":[{"name":"wp","href":"https:\/\/api.w.org\/{rel}","templated":true}]}}