{"id":4642,"date":"2023-09-11T11:03:58","date_gmt":"2023-09-11T09:03:58","guid":{"rendered":"https:\/\/www.bestronger.be\/?p=4642"},"modified":"2023-09-11T11:03:58","modified_gmt":"2023-09-11T09:03:58","slug":"strategische-studiedag-voor-de-be-stronger-makelaars","status":"publish","type":"post","link":"https:\/\/www.bestronger.be\/nl\/strategische-studiedag-voor-de-be-stronger-makelaars\/","title":{"rendered":"Strategische studiedag voor de BE STRONGER makelaars"},"content":{"rendered":"<p>Net als in 2022 hebben de leiders van de vijf verzekeringskantoren die lid zijn van BE STRONGER en de bestuurders van de groep, ervoor gekozen om samen na te denken over de uitdagingen in de verzekeringswereld en de waarneembare ontwikkelingen in de sector en om bepaalde idee\u00ebn te verdiepen.<\/p>\n<blockquote><p>29 augustus 2023 &#8211; BE STRONGER ledenverzekeringsmakelaars besteden een hele dag aan gezamenlijk strategisch denken<\/p><\/blockquote>\n<p>Het hoofddoel van de dag is dat deze uitwisselingen tussen verzekeringsmakelaardij en financi\u00eble professionals leiden tot gezamenlijke projecten, die enerzijds betekenis geven en tegemoetkomen aan de behoeften van onze verzekerde klanten, en anderzijds het kantoorbeheer en de effici\u00ebntie verbeteren of stroomlijnen. <strong>BE STRONGER, samen sterker!<\/strong><\/p>\n<p>Hebben deelgenomen aan de vergadering: G\u00e9rald Beauduin (MAXEL), Bernard Degauquier (DAP), Pierre Mamet (SOYER&amp;MAMET), Philippe en S\u00e9bastien Van Ingelgem (A. VAN INGELGEM &amp; Son), Fran\u00e7ois Vincentelli (B-SAFE &#8211; ETTIK) en Bruno Pesch\u00e9 ( CEO van BE STRONGER).<\/p>\n<p>Om onze reflecties en uitwisselingen te voeden en te verrijken, nodigde BE STRONGER dit jaar 2 externe sprekers uit, elk profiterend van een aanzienlijke ervaring en expertise in verzekeringen: Didier MURENA (mede-oprichter INSURNODE &amp; SWINZ, ex-CIO en COO van ZURICH Benelux) en St\u00e9phane SLITS (Senior Advisor Financial Services, ex-CEO van AXA Holdings).<\/p>\n<blockquote><p>Oprechte dank aan Didier Mur\u00e9na en St\u00e9phane Slits voor hun interessante bijdrage aan deze dag van strategische reflectie. Hun verlichting versterkte bepaalde idee\u00ebn, maar wijzigde ook de visie van de deelnemers aan de dag op andere.<\/p><\/blockquote>\n<p>Beiden werpen een vrij, belangeloos en bijzonder verrijkend licht op de thema\u2019s van de reflectie van de dag: de relatie met verzekeringsmaatschappijen, digitaal en fygitaal, de noodzaak om de effici\u00ebntie in het dagelijks beheer van verzekeringsdossiers te verbeteren en differentiatie binnen de verzekeringssector.<\/p>\n<p>Het hele jaar door ontmoeten de managers van de 5 ledenkantoren van BE STRONGER en hun teams elkaar voor bestuursvergaderingen, workshops en trainingen, en voeden ze hun passie voor hun beroep als verzekeringsmakelaar en in de financi\u00eble sector, met service aan hun verzekerde klanten als prioriteit.<\/p>\n<p>De uitwisselingen van onze dag van 29 augustus 2023 zullen worden gevolgd door komende beslissingen, en ongetwijfeld door gezamenlijke concrete acties.<\/p>\n","protected":false},"excerpt":{"rendered":"<p>Net als in 2022 hebben de leiders van de vijf verzekeringskantoren die lid zijn van BE STRONGER en de bestuurders van de groep, ervoor gekozen om samen na te denken over de uitdagingen in de verzekeringswereld en de waarneembare ontwikkelingen in de sector en om bepaalde idee\u00ebn te verdiepen. 29 augustus 2023 &#8211; BE STRONGER [&hellip;]<\/p>\n","protected":false},"author":5,"featured_media":4639,"comment_status":"closed","ping_status":"open","sticky":false,"template":"","format":"standard","meta":{"footnotes":""},"categories":[46],"tags":[],"class_list":["post-4642","post","type-post","status-publish","format-standard","has-post-thumbnail","hentry","category-geen-onderdeel-van-een-categorie"],"yoast_head":"<!-- This site is optimized with the Yoast SEO plugin v27.3 - https:\/\/yoast.com\/product\/yoast-seo-wordpress\/ -->\n<title>Strategische studiedag voor de BE STRONGER makelaars - BESTRONGER<\/title>\n<meta name=\"robots\" content=\"index, follow, max-snippet:-1, max-image-preview:large, max-video-preview:-1\" \/>\n<link rel=\"canonical\" href=\"https:\/\/www.bestronger.be\/nl\/strategische-studiedag-voor-de-be-stronger-makelaars\/\" \/>\n<meta property=\"og:locale\" content=\"nl_NL\" \/>\n<meta property=\"og:type\" content=\"article\" \/>\n<meta property=\"og:title\" content=\"Strategische studiedag voor de BE STRONGER makelaars - BESTRONGER\" \/>\n<meta property=\"og:description\" content=\"Net als in 2022 hebben de leiders van de vijf verzekeringskantoren die lid zijn van BE STRONGER en de bestuurders van de groep, ervoor gekozen om samen na te denken over de uitdagingen in de verzekeringswereld en de waarneembare ontwikkelingen in de sector en om bepaalde idee\u00ebn te verdiepen. 29 augustus 2023 &#8211; BE STRONGER [&hellip;]\" \/>\n<meta property=\"og:url\" content=\"https:\/\/www.bestronger.be\/nl\/strategische-studiedag-voor-de-be-stronger-makelaars\/\" \/>\n<meta property=\"og:site_name\" content=\"BESTRONGER\" \/>\n<meta property=\"article:published_time\" content=\"2023-09-11T09:03:58+00:00\" \/>\n<meta property=\"og:image\" content=\"https:\/\/www.bestronger.be\/wp-content\/uploads\/2023\/09\/Be-Stronger-verticale-576x1024.png\" \/>\n\t<meta property=\"og:image:width\" content=\"576\" \/>\n\t<meta property=\"og:image:height\" content=\"1024\" \/>\n\t<meta property=\"og:image:type\" content=\"image\/png\" \/>\n<meta name=\"author\" content=\"bruno\" \/>\n<meta name=\"twitter:card\" content=\"summary_large_image\" \/>\n<meta name=\"twitter:label1\" content=\"Geschreven door\" \/>\n\t<meta name=\"twitter:data1\" content=\"bruno\" \/>\n\t<meta name=\"twitter:label2\" content=\"Geschatte leestijd\" \/>\n\t<meta name=\"twitter:data2\" content=\"2 minuten\" \/>\n<script type=\"application\/ld+json\" class=\"yoast-schema-graph\">{\"@context\":\"https:\\\/\\\/schema.org\",\"@graph\":[{\"@type\":\"Article\",\"@id\":\"https:\\\/\\\/www.bestronger.be\\\/nl\\\/strategische-studiedag-voor-de-be-stronger-makelaars\\\/#article\",\"isPartOf\":{\"@id\":\"https:\\\/\\\/www.bestronger.be\\\/nl\\\/strategische-studiedag-voor-de-be-stronger-makelaars\\\/\"},\"author\":{\"name\":\"bruno\",\"@id\":\"https:\\\/\\\/www.bestronger.be\\\/fr\\\/#\\\/schema\\\/person\\\/ed90f6c1cfc0620a3a7eb3303f5b38be\"},\"headline\":\"Strategische studiedag voor de BE STRONGER makelaars\",\"datePublished\":\"2023-09-11T09:03:58+00:00\",\"mainEntityOfPage\":{\"@id\":\"https:\\\/\\\/www.bestronger.be\\\/nl\\\/strategische-studiedag-voor-de-be-stronger-makelaars\\\/\"},\"wordCount\":358,\"publisher\":{\"@id\":\"https:\\\/\\\/www.bestronger.be\\\/fr\\\/#organization\"},\"image\":{\"@id\":\"https:\\\/\\\/www.bestronger.be\\\/nl\\\/strategische-studiedag-voor-de-be-stronger-makelaars\\\/#primaryimage\"},\"thumbnailUrl\":\"https:\\\/\\\/www.bestronger.be\\\/wp-content\\\/uploads\\\/2023\\\/09\\\/Be-Stronger-verticale.png\",\"articleSection\":[\"Geen onderdeel van een categorie\"],\"inLanguage\":\"nl-NL\"},{\"@type\":\"WebPage\",\"@id\":\"https:\\\/\\\/www.bestronger.be\\\/nl\\\/strategische-studiedag-voor-de-be-stronger-makelaars\\\/\",\"url\":\"https:\\\/\\\/www.bestronger.be\\\/nl\\\/strategische-studiedag-voor-de-be-stronger-makelaars\\\/\",\"name\":\"Strategische studiedag voor de BE STRONGER makelaars - BESTRONGER\",\"isPartOf\":{\"@id\":\"https:\\\/\\\/www.bestronger.be\\\/fr\\\/#website\"},\"primaryImageOfPage\":{\"@id\":\"https:\\\/\\\/www.bestronger.be\\\/nl\\\/strategische-studiedag-voor-de-be-stronger-makelaars\\\/#primaryimage\"},\"image\":{\"@id\":\"https:\\\/\\\/www.bestronger.be\\\/nl\\\/strategische-studiedag-voor-de-be-stronger-makelaars\\\/#primaryimage\"},\"thumbnailUrl\":\"https:\\\/\\\/www.bestronger.be\\\/wp-content\\\/uploads\\\/2023\\\/09\\\/Be-Stronger-verticale.png\",\"datePublished\":\"2023-09-11T09:03:58+00:00\",\"breadcrumb\":{\"@id\":\"https:\\\/\\\/www.bestronger.be\\\/nl\\\/strategische-studiedag-voor-de-be-stronger-makelaars\\\/#breadcrumb\"},\"inLanguage\":\"nl-NL\",\"potentialAction\":[{\"@type\":\"ReadAction\",\"target\":[\"https:\\\/\\\/www.bestronger.be\\\/nl\\\/strategische-studiedag-voor-de-be-stronger-makelaars\\\/\"]}]},{\"@type\":\"ImageObject\",\"inLanguage\":\"nl-NL\",\"@id\":\"https:\\\/\\\/www.bestronger.be\\\/nl\\\/strategische-studiedag-voor-de-be-stronger-makelaars\\\/#primaryimage\",\"url\":\"https:\\\/\\\/www.bestronger.be\\\/wp-content\\\/uploads\\\/2023\\\/09\\\/Be-Stronger-verticale.png\",\"contentUrl\":\"https:\\\/\\\/www.bestronger.be\\\/wp-content\\\/uploads\\\/2023\\\/09\\\/Be-Stronger-verticale.png\",\"width\":1080,\"height\":1920},{\"@type\":\"BreadcrumbList\",\"@id\":\"https:\\\/\\\/www.bestronger.be\\\/nl\\\/strategische-studiedag-voor-de-be-stronger-makelaars\\\/#breadcrumb\",\"itemListElement\":[{\"@type\":\"ListItem\",\"position\":1,\"name\":\"Accueil\",\"item\":\"https:\\\/\\\/www.bestronger.be\\\/nl\\\/\"},{\"@type\":\"ListItem\",\"position\":2,\"name\":\"Strategische studiedag voor de BE STRONGER makelaars\"}]},{\"@type\":\"WebSite\",\"@id\":\"https:\\\/\\\/www.bestronger.be\\\/fr\\\/#website\",\"url\":\"https:\\\/\\\/www.bestronger.be\\\/fr\\\/\",\"name\":\"Be-Stronger\",\"description\":\"LES COURTIERS EN ASSURANCES PROFESSIONNELS AU SERVICE DES ENTREPRISES\",\"publisher\":{\"@id\":\"https:\\\/\\\/www.bestronger.be\\\/fr\\\/#organization\"},\"potentialAction\":[{\"@type\":\"SearchAction\",\"target\":{\"@type\":\"EntryPoint\",\"urlTemplate\":\"https:\\\/\\\/www.bestronger.be\\\/fr\\\/?s={search_term_string}\"},\"query-input\":{\"@type\":\"PropertyValueSpecification\",\"valueRequired\":true,\"valueName\":\"search_term_string\"}}],\"inLanguage\":\"nl-NL\"},{\"@type\":\"Organization\",\"@id\":\"https:\\\/\\\/www.bestronger.be\\\/fr\\\/#organization\",\"name\":\"Be-Stronger\",\"url\":\"https:\\\/\\\/www.bestronger.be\\\/fr\\\/\",\"logo\":{\"@type\":\"ImageObject\",\"inLanguage\":\"nl-NL\",\"@id\":\"https:\\\/\\\/www.bestronger.be\\\/fr\\\/#\\\/schema\\\/logo\\\/image\\\/\",\"url\":\"https:\\\/\\\/www.bestronger.be\\\/wp-content\\\/uploads\\\/2018\\\/06\\\/BeStronger-loading.jpg\",\"contentUrl\":\"https:\\\/\\\/www.bestronger.be\\\/wp-content\\\/uploads\\\/2018\\\/06\\\/BeStronger-loading.jpg\",\"width\":294,\"height\":238,\"caption\":\"Be-Stronger\"},\"image\":{\"@id\":\"https:\\\/\\\/www.bestronger.be\\\/fr\\\/#\\\/schema\\\/logo\\\/image\\\/\"}},{\"@type\":\"Person\",\"@id\":\"https:\\\/\\\/www.bestronger.be\\\/fr\\\/#\\\/schema\\\/person\\\/ed90f6c1cfc0620a3a7eb3303f5b38be\",\"name\":\"bruno\",\"image\":{\"@type\":\"ImageObject\",\"inLanguage\":\"nl-NL\",\"@id\":\"https:\\\/\\\/secure.gravatar.com\\\/avatar\\\/772ed5927534ebaa623a855de93bc9ac46a7028cbd3e23c898f75b96a0dc59ac?s=96&d=mm&r=g\",\"url\":\"https:\\\/\\\/secure.gravatar.com\\\/avatar\\\/772ed5927534ebaa623a855de93bc9ac46a7028cbd3e23c898f75b96a0dc59ac?s=96&d=mm&r=g\",\"contentUrl\":\"https:\\\/\\\/secure.gravatar.com\\\/avatar\\\/772ed5927534ebaa623a855de93bc9ac46a7028cbd3e23c898f75b96a0dc59ac?s=96&d=mm&r=g\",\"caption\":\"bruno\"}}]}<\/script>\n<!-- \/ Yoast SEO plugin. -->","yoast_head_json":{"title":"Strategische studiedag voor de BE STRONGER makelaars - BESTRONGER","robots":{"index":"index","follow":"follow","max-snippet":"max-snippet:-1","max-image-preview":"max-image-preview:large","max-video-preview":"max-video-preview:-1"},"canonical":"https:\/\/www.bestronger.be\/nl\/strategische-studiedag-voor-de-be-stronger-makelaars\/","og_locale":"nl_NL","og_type":"article","og_title":"Strategische studiedag voor de BE STRONGER makelaars - BESTRONGER","og_description":"Net als in 2022 hebben de leiders van de vijf verzekeringskantoren die lid zijn van BE STRONGER en de bestuurders van de groep, ervoor gekozen om samen na te denken over de uitdagingen in de verzekeringswereld en de waarneembare ontwikkelingen in de sector en om bepaalde idee\u00ebn te verdiepen. 29 augustus 2023 &#8211; BE STRONGER [&hellip;]","og_url":"https:\/\/www.bestronger.be\/nl\/strategische-studiedag-voor-de-be-stronger-makelaars\/","og_site_name":"BESTRONGER","article_published_time":"2023-09-11T09:03:58+00:00","og_image":[{"width":576,"height":1024,"url":"https:\/\/www.bestronger.be\/wp-content\/uploads\/2023\/09\/Be-Stronger-verticale-576x1024.png","type":"image\/png"}],"author":"bruno","twitter_card":"summary_large_image","twitter_misc":{"Geschreven door":"bruno","Geschatte leestijd":"2 minuten"},"schema":{"@context":"https:\/\/schema.org","@graph":[{"@type":"Article","@id":"https:\/\/www.bestronger.be\/nl\/strategische-studiedag-voor-de-be-stronger-makelaars\/#article","isPartOf":{"@id":"https:\/\/www.bestronger.be\/nl\/strategische-studiedag-voor-de-be-stronger-makelaars\/"},"author":{"name":"bruno","@id":"https:\/\/www.bestronger.be\/fr\/#\/schema\/person\/ed90f6c1cfc0620a3a7eb3303f5b38be"},"headline":"Strategische studiedag voor de BE STRONGER makelaars","datePublished":"2023-09-11T09:03:58+00:00","mainEntityOfPage":{"@id":"https:\/\/www.bestronger.be\/nl\/strategische-studiedag-voor-de-be-stronger-makelaars\/"},"wordCount":358,"publisher":{"@id":"https:\/\/www.bestronger.be\/fr\/#organization"},"image":{"@id":"https:\/\/www.bestronger.be\/nl\/strategische-studiedag-voor-de-be-stronger-makelaars\/#primaryimage"},"thumbnailUrl":"https:\/\/www.bestronger.be\/wp-content\/uploads\/2023\/09\/Be-Stronger-verticale.png","articleSection":["Geen onderdeel van een categorie"],"inLanguage":"nl-NL"},{"@type":"WebPage","@id":"https:\/\/www.bestronger.be\/nl\/strategische-studiedag-voor-de-be-stronger-makelaars\/","url":"https:\/\/www.bestronger.be\/nl\/strategische-studiedag-voor-de-be-stronger-makelaars\/","name":"Strategische studiedag voor de BE STRONGER makelaars - BESTRONGER","isPartOf":{"@id":"https:\/\/www.bestronger.be\/fr\/#website"},"primaryImageOfPage":{"@id":"https:\/\/www.bestronger.be\/nl\/strategische-studiedag-voor-de-be-stronger-makelaars\/#primaryimage"},"image":{"@id":"https:\/\/www.bestronger.be\/nl\/strategische-studiedag-voor-de-be-stronger-makelaars\/#primaryimage"},"thumbnailUrl":"https:\/\/www.bestronger.be\/wp-content\/uploads\/2023\/09\/Be-Stronger-verticale.png","datePublished":"2023-09-11T09:03:58+00:00","breadcrumb":{"@id":"https:\/\/www.bestronger.be\/nl\/strategische-studiedag-voor-de-be-stronger-makelaars\/#breadcrumb"},"inLanguage":"nl-NL","potentialAction":[{"@type":"ReadAction","target":["https:\/\/www.bestronger.be\/nl\/strategische-studiedag-voor-de-be-stronger-makelaars\/"]}]},{"@type":"ImageObject","inLanguage":"nl-NL","@id":"https:\/\/www.bestronger.be\/nl\/strategische-studiedag-voor-de-be-stronger-makelaars\/#primaryimage","url":"https:\/\/www.bestronger.be\/wp-content\/uploads\/2023\/09\/Be-Stronger-verticale.png","contentUrl":"https:\/\/www.bestronger.be\/wp-content\/uploads\/2023\/09\/Be-Stronger-verticale.png","width":1080,"height":1920},{"@type":"BreadcrumbList","@id":"https:\/\/www.bestronger.be\/nl\/strategische-studiedag-voor-de-be-stronger-makelaars\/#breadcrumb","itemListElement":[{"@type":"ListItem","position":1,"name":"Accueil","item":"https:\/\/www.bestronger.be\/nl\/"},{"@type":"ListItem","position":2,"name":"Strategische studiedag voor de BE STRONGER makelaars"}]},{"@type":"WebSite","@id":"https:\/\/www.bestronger.be\/fr\/#website","url":"https:\/\/www.bestronger.be\/fr\/","name":"Be-Stronger","description":"LES COURTIERS EN ASSURANCES PROFESSIONNELS AU SERVICE DES ENTREPRISES","publisher":{"@id":"https:\/\/www.bestronger.be\/fr\/#organization"},"potentialAction":[{"@type":"SearchAction","target":{"@type":"EntryPoint","urlTemplate":"https:\/\/www.bestronger.be\/fr\/?s={search_term_string}"},"query-input":{"@type":"PropertyValueSpecification","valueRequired":true,"valueName":"search_term_string"}}],"inLanguage":"nl-NL"},{"@type":"Organization","@id":"https:\/\/www.bestronger.be\/fr\/#organization","name":"Be-Stronger","url":"https:\/\/www.bestronger.be\/fr\/","logo":{"@type":"ImageObject","inLanguage":"nl-NL","@id":"https:\/\/www.bestronger.be\/fr\/#\/schema\/logo\/image\/","url":"https:\/\/www.bestronger.be\/wp-content\/uploads\/2018\/06\/BeStronger-loading.jpg","contentUrl":"https:\/\/www.bestronger.be\/wp-content\/uploads\/2018\/06\/BeStronger-loading.jpg","width":294,"height":238,"caption":"Be-Stronger"},"image":{"@id":"https:\/\/www.bestronger.be\/fr\/#\/schema\/logo\/image\/"}},{"@type":"Person","@id":"https:\/\/www.bestronger.be\/fr\/#\/schema\/person\/ed90f6c1cfc0620a3a7eb3303f5b38be","name":"bruno","image":{"@type":"ImageObject","inLanguage":"nl-NL","@id":"https:\/\/secure.gravatar.com\/avatar\/772ed5927534ebaa623a855de93bc9ac46a7028cbd3e23c898f75b96a0dc59ac?s=96&d=mm&r=g","url":"https:\/\/secure.gravatar.com\/avatar\/772ed5927534ebaa623a855de93bc9ac46a7028cbd3e23c898f75b96a0dc59ac?s=96&d=mm&r=g","contentUrl":"https:\/\/secure.gravatar.com\/avatar\/772ed5927534ebaa623a855de93bc9ac46a7028cbd3e23c898f75b96a0dc59ac?s=96&d=mm&r=g","caption":"bruno"}}]}},"_links":{"self":[{"href":"https:\/\/www.bestronger.be\/nl\/wp-json\/wp\/v2\/posts\/4642","targetHints":{"allow":["GET"]}}],"collection":[{"href":"https:\/\/www.bestronger.be\/nl\/wp-json\/wp\/v2\/posts"}],"about":[{"href":"https:\/\/www.bestronger.be\/nl\/wp-json\/wp\/v2\/types\/post"}],"author":[{"embeddable":true,"href":"https:\/\/www.bestronger.be\/nl\/wp-json\/wp\/v2\/users\/5"}],"replies":[{"embeddable":true,"href":"https:\/\/www.bestronger.be\/nl\/wp-json\/wp\/v2\/comments?post=4642"}],"version-history":[{"count":0,"href":"https:\/\/www.bestronger.be\/nl\/wp-json\/wp\/v2\/posts\/4642\/revisions"}],"wp:featuredmedia":[{"embeddable":true,"href":"https:\/\/www.bestronger.be\/nl\/wp-json\/wp\/v2\/media\/4639"}],"wp:attachment":[{"href":"https:\/\/www.bestronger.be\/nl\/wp-json\/wp\/v2\/media?parent=4642"}],"wp:term":[{"taxonomy":"category","embeddable":true,"href":"https:\/\/www.bestronger.be\/nl\/wp-json\/wp\/v2\/categories?post=4642"},{"taxonomy":"post_tag","embeddable":true,"href":"https:\/\/www.bestronger.be\/nl\/wp-json\/wp\/v2\/tags?post=4642"}],"curies":[{"name":"wp","href":"https:\/\/api.w.org\/{rel}","templated":true}]}}